{"id":16092,"date":"2017-07-12T14:12:15","date_gmt":"2017-07-12T11:12:15","guid":{"rendered":"http:\/\/emlaktuel.com\/?p=16092"},"modified":"2018-07-05T16:56:51","modified_gmt":"2018-07-05T13:56:51","slug":"mayis-ayi-dis-ticaret-endeksleri-aciklandi","status":"publish","type":"post","link":"https:\/\/emlaktuel.com\/?p=16092","title":{"rendered":"May\u0131s ay\u0131 d\u0131\u015f ticaret endeksleri a\u00e7\u0131kland\u0131"},"content":{"rendered":"<div id=\"detail-widget\" class=\"big\">\n<h4><img loading=\"lazy\" class=\"size-full wp-image-16093 aligncenter\" src=\"http:\/\/emlaktuel.com\/wp-content\/uploads\/2017\/07\/manset324030-mayis-ayi-dis-ticaret-endeksleri-aciklandi.jpg\" alt=\"\" width=\"642\" height=\"355\" \/><\/h4>\n<h4>\u0130hracat birim de\u011fer endeksi May\u0131s ay\u0131nda bir \u00f6nceki y\u0131l\u0131n ayn\u0131 ay\u0131na g\u00f6re %0,9 azald\u0131.<\/h4>\n<\/div>\n<div id=\"detail-text\">\n<h4>\u0130hracat birim de\u011fer endeksi, may\u0131s ay\u0131nda y\u0131ll\u0131k bazda y\u00fczde 0,9 azald\u0131, ithalat birim de\u011fer endeksi ise y\u00fczde 5,7 art\u0131\u015f g\u00f6sterdi.<\/h4>\n<h4>T\u00fcrkiye \u0130statistik Kurumu (T\u00dc\u0130K), may\u0131s ay\u0131na ili\u015fkin d\u0131\u015f ticaret endekslerini a\u00e7\u0131klad\u0131.<\/h4>\n<h4>Buna g\u00f6re, ihracat birim de\u011fer endeksi may\u0131sta ge\u00e7en y\u0131l\u0131n ayn\u0131 ay\u0131na g\u00f6re y\u00fczde 0,9 d\u00fc\u015ft\u00fc. Endeks, bu d\u00f6nemde g\u0131da, i\u00e7ecek ve t\u00fct\u00fcnde y\u00fczde 7, imalat (g\u0131da, i\u00e7ecek, t\u00fct\u00fcn hari\u00e7) sanayisinde y\u00fczde 0,7 azald\u0131, ham maddelerde (yak\u0131t hari\u00e7) y\u00fczde 7,3 ve yak\u0131tlarda y\u00fczde 9,8 y\u00fckseldi.<\/h4>\n<h4>\u0130thalat birim de\u011fer endeksi ise may\u0131sta y\u00fczde 5,7 art\u0131\u015f g\u00f6sterdi. Endeks, ge\u00e7en y\u0131l\u0131n ayn\u0131 ay\u0131na g\u00f6re g\u0131da, i\u00e7ecek ve t\u00fct\u00fcnde y\u00fczde 2,8 azald\u0131, ham maddelerde (yak\u0131t hari\u00e7) y\u00fczde 13,7, yak\u0131tlarda y\u00fczde 18,1 ve imalat (g\u0131da, i\u00e7ecek, t\u00fct\u00fcn hari\u00e7) sanayisinde y\u00fczde 1,6 artt\u0131.<\/h4>\n<h4>\u0130hracat miktar endeksi may\u0131sta, ge\u00e7en y\u0131l\u0131n ayn\u0131 ay\u0131na g\u00f6re y\u00fczde 13,5 y\u00fckseldi. Endeks ayn\u0131 d\u00f6nemde, g\u0131da, i\u00e7ecek ve t\u00fct\u00fcnde y\u00fczde 11,5, ham maddelerde (yak\u0131t hari\u00e7) y\u00fczde 21,2, imalat sanayisinde (g\u0131da, i\u00e7ecek, t\u00fct\u00fcn hari\u00e7) y\u00fczde 19,6, yak\u0131tlarda y\u00fczde 50 art\u0131\u015f kaydetti.<\/h4>\n<h4>\u0130thalat miktar endeksi ise bu d\u00f6nemde y\u00fczde 15,2 y\u00fckseli\u015f g\u00f6sterdi. Endeks, ge\u00e7en y\u0131l\u0131n ayn\u0131 ay\u0131na g\u00f6re g\u0131da, i\u00e7ecek ve t\u00fct\u00fcnde y\u00fczde 70,4, ham maddelerde (yak\u0131t hari\u00e7) y\u00fczde 22,5, yak\u0131tlarda y\u00fczde 17,2 ve imalat (g\u0131da, i\u00e7ecek, t\u00fct\u00fcn hari\u00e7) sanayisinde y\u00fczde 2,2 artt\u0131.<\/h4>\n<h4><strong>Mevsim ve takvim etkisinden ar\u0131nd\u0131r\u0131lm\u0131\u015f veriler<\/strong><\/h4>\n<h4>Mevsim ve takvim etkisinden ar\u0131nd\u0131r\u0131lm\u0131\u015f seriye g\u00f6re, nisanda 146,7 olan ihracat miktar endeksi y\u00fczde 1,6 artarak may\u0131sta 149,1 oldu. Takvim etkilerinden ar\u0131nd\u0131r\u0131lm\u0131\u015f seriye g\u00f6re ise ge\u00e7en y\u0131l\u0131n may\u0131s ay\u0131nda 136,8 olan ihracat miktar endeksi y\u00fczde 9,7 y\u00fckselerek, bu y\u0131l\u0131n ayn\u0131 ay\u0131nda 150,1 oldu.<\/h4>\n<h4>Bu y\u0131l\u0131n nisan ay\u0131nda 134,4 olan ithalat miktar endeksi y\u00fczde 8,9 artarak, may\u0131sta 146,4 oldu. Takvim etkilerinden ar\u0131nd\u0131r\u0131lm\u0131\u015f seriye g\u00f6re ise, ge\u00e7en y\u0131l\u0131n may\u0131s ay\u0131nda 132,5 olan ithalat miktar endeksinin y\u00fczde 15,4 artarak, bu y\u0131l\u0131n ayn\u0131 ay\u0131nda 152,9 oldu\u011fu g\u00f6r\u00fcld\u00fc.<\/h4>\n<h4>\u0130hracat birim de\u011fer endeksinin ithalat birim de\u011fer endeksine b\u00f6l\u00fcnmesiyle hesaplanan ve ge\u00e7en y\u0131l\u0131n may\u0131s ay\u0131nda 112,6 olan d\u0131\u015f ticaret haddi, 7 puan azalarak, bu y\u0131l\u0131n may\u0131s ay\u0131nda 105,6 olarak kay\u0131tlara ge\u00e7ti.<\/h4>\n<\/div>\n","protected":false},"excerpt":{"rendered":"<p>\u0130hracat birim de\u011fer endeksi May\u0131s ay\u0131nda bir \u00f6nceki y\u0131l\u0131n ayn\u0131 ay\u0131na g\u00f6re %0,9 azald\u0131. \u0130hracat birim de\u011fer endeksi, may\u0131s ay\u0131nda y\u0131ll\u0131k bazda y\u00fczde 0,9 azald\u0131, ithalat birim de\u011fer endeksi ise y\u00fczde 5,7 art\u0131\u015f g\u00f6sterdi. T\u00fcrkiye \u0130statistik Kurumu (T\u00dc\u0130K), may\u0131s ay\u0131na ili\u015fkin d\u0131\u015f ticaret endekslerini a\u00e7\u0131klad\u0131. Buna g\u00f6re, ihracat birim de\u011fer endeksi may\u0131sta ge\u00e7en y\u0131l\u0131n ayn\u0131 [&hellip;]<\/p>\n","protected":false},"author":1,"featured_media":16093,"comment_status":"open","ping_status":"open","sticky":false,"template":"","format":"standard","meta":{"ngg_post_thumbnail":0},"categories":[5213],"tags":[8909,11364,11105,612,8910,11547,1065,11108],"_links":{"self":[{"href":"https:\/\/emlaktuel.com\/index.php?rest_route=\/wp\/v2\/posts\/16092"}],"collection":[{"href":"https:\/\/emlaktuel.com\/index.php?rest_route=\/wp\/v2\/posts"}],"about":[{"href":"https:\/\/emlaktuel.com\/index.php?rest_route=\/wp\/v2\/types\/post"}],"author":[{"embeddable":true,"href":"https:\/\/emlaktuel.com\/index.php?rest_route=\/wp\/v2\/users\/1"}],"replies":[{"embeddable":true,"href":"https:\/\/emlaktuel.com\/index.php?rest_route=%2Fwp%2Fv2%2Fcomments&post=16092"}],"version-history":[{"count":1,"href":"https:\/\/emlaktuel.com\/index.php?rest_route=\/wp\/v2\/posts\/16092\/revisions"}],"predecessor-version":[{"id":16094,"href":"https:\/\/emlaktuel.com\/index.php?rest_route=\/wp\/v2\/posts\/16092\/revisions\/16094"}],"wp:featuredmedia":[{"embeddable":true,"href":"https:\/\/emlaktuel.com\/index.php?rest_route=\/wp\/v2\/media\/16093"}],"wp:attachment":[{"href":"https:\/\/emlaktuel.com\/index.php?rest_route=%2Fwp%2Fv2%2Fmedia&parent=16092"}],"wp:term":[{"taxonomy":"category","embeddable":true,"href":"https:\/\/emlaktuel.com\/index.php?rest_route=%2Fwp%2Fv2%2Fcategories&post=16092"},{"taxonomy":"post_tag","embeddable":true,"href":"https:\/\/emlaktuel.com\/index.php?rest_route=%2Fwp%2Fv2%2Ftags&post=16092"}],"curies":[{"name":"wp","href":"https:\/\/api.w.org\/{rel}","templated":true}]}}