{"id":16028,"date":"2017-07-10T14:31:43","date_gmt":"2017-07-10T11:31:43","guid":{"rendered":"http:\/\/emlaktuel.com\/?p=16028"},"modified":"2018-07-05T16:55:52","modified_gmt":"2018-07-05T13:55:52","slug":"kilicoglu-kuremit-90-yasini-kutladi","status":"publish","type":"post","link":"https:\/\/emlaktuel.com\/?p=16028","title":{"rendered":"K\u0131l\u0131\u00e7o\u011flu Kuremit 90. ya\u015f\u0131n\u0131 kutlad\u0131"},"content":{"rendered":"<h4><img loading=\"lazy\" class=\"alignleft size-full wp-image-16029\" src=\"http:\/\/emlaktuel.com\/wp-content\/uploads\/2017\/07\/1499684103_DSC_7275.jpeg\" alt=\"\" width=\"4500\" height=\"2981\" \/><\/h4>\n<h4>T\u00dcRK\u0130YE&#8217;YE \u00c7ATILARIN \u00dcST\u00dcNDEN YAYILAN 90 YILLIK B\u0130R BAKI\u015e: KILI\u00c7O\u011eLU<br \/>\nKILI\u00c7O\u011eLU 90. YILINI CUMHUR\u0130YET TAR\u0130H\u0130 \u0130LE B\u0130RL\u0130KTE ANLATTI<br \/>\nKILI\u00c7O\u011eLU K\u0130REM\u0130T 90\u2019INCI YA\u015eINI MUHTE\u015eEM B\u0130R T\u00d6RENLE KUTLADI<br \/>\nT\u00dcRK\u0130YE\u2019N\u0130N EN B\u00dcY\u00dcK K\u0130REM\u0130T MARKASI KILI\u00c7O\u011eLU<br \/>\n90 YA\u015eINDA<\/h4>\n<h4><strong>Endel \u015eirketler Grubu\u2019nda yer alan K\u0131l\u0131\u00e7o\u011flu 7 Temmuz Cuma ak\u015fam\u0131 Eski\u015fehir Anemon Otel\u2019de 90. y\u0131l\u0131na \u00f6zel bir resepsiyon d\u00fczenledi. Eski\u015fehir Anadolu \u00dcniversitesi Rekt\u00f6r\u00fc Say\u0131n Prof. Dr. Naci G\u00fcndo\u011fan, Osmangazi \u00dcniversitesi Rekt\u00f6r\u00fc Say\u0131n Prof. Dr. Hasan G\u00f6nen, Eski\u015fehir Vali Yard\u0131mc\u0131lar\u0131 Say\u0131n Bekir \u015eahin T\u00fct\u00fcnc\u00fc ve Say\u0131n Cafer Y\u0131ld\u0131z, Odunpazar\u0131 Kaymakam\u0131 Say\u0131n Cemal \u015eahin, oda ba\u015fkanlar\u0131, meclis \u00fcyeleri, il kurum ve temsilcilerinin kat\u0131ld\u0131\u011f\u0131 gecede K\u0131l\u0131\u00e7o\u011flu 90\u2019\u0131nc\u0131 y\u0131la yak\u0131\u015f\u0131r program\u0131yla davetlileri b\u00fcy\u00fcledi.<\/strong><\/h4>\n<h4>Ba\u015flang\u0131\u00e7 kokteyli ve 90&#8217;\u0131nc\u0131 Y\u0131l Sergisi&#8217;nin ard\u0131ndan a\u00e7\u0131l\u0131\u015f konseriyle ba\u015flayan gecede K\u0131l\u0131\u00e7o\u011flun\u2019nun \u00f6zel dans performanslar\u0131 e\u015fli\u011finde sunulan tan\u0131t\u0131m filmi g\u00f6sterildi. \u0130zleyicilerin b\u00fcy\u00fck ilgi ile seyretti\u011fi belgesel niteli\u011findeki tan\u0131t\u0131m filminin ard\u0131ndan s\u00f6z alan K\u0131l\u0131\u00e7o\u011flu Yap\u0131 Malzemeleri Grup Ba\u015fkan\u0131 Bar\u0131\u015f Y. \u00d6zaydemir Say\u0131n Rekt\u00f6rlerim, Say\u0131n Vali Yard\u0131mc\u0131lar\u0131m ve Kaymakamlar\u0131m, de\u011ferli Oda Ba\u015fkanlar\u0131m ve Meclis Ba\u015fkanlar\u0131m, ilimizin de\u011ferli kurum ve temsilcileri, de\u011ferli distrib\u00fct\u00f6rlerimiz, k\u0131ymetli \u00e7al\u0131\u015fanlar\u0131m\u0131z, de\u011ferli misafirler ve bas\u0131n mensuplar\u0131, k\u0131ymetli han\u0131mefendiler 90\u2019\u0131nc\u0131 y\u0131l kutlamalar\u0131m\u0131za ho\u015f geldiniz diyerek konuklar\u0131 selamlad\u0131.<\/h4>\n<h4>4 NES\u0130LD\u0130R VARLI\u011eINI S\u00dcRD\u00dcR\u00dcYOR<\/h4>\n<h4>Aile \u015firketleri \u00e7ok fazla olsa da \u00f6m\u00fcrleri k\u0131sad\u0131r diyerek s\u00f6z\u00fcne devam eden Bar\u0131\u015f Y. \u00d6zaydemir T\u00fcrkiye\u2019de 10 aile \u015firketinden sadece \u00fc\u00e7\u00fcn\u00fcn ikinci ku\u015fa\u011fa ge\u00e7ebildi\u011fini alt\u0131n\u0131 \u00e7izerek d\u00fcnyada aile \u015firketlerinin ya\u015fam s\u00fcresinin ortalama 24 y\u0131l oldu\u011funu belirtti. Bug\u00fcn Eski\u015fehir\u2019de fabrikalar b\u00f6lgesi olarak bilinen b\u00f6lgede 13 kiremit fabrikas\u0131 olmas\u0131na ra\u011fmen sadece K\u0131l\u0131\u00e7o\u011flu\u2019nun ayakta kald\u0131\u011f\u0131n\u0131 s\u00f6zlerine ekleyen \u00d6zaydemir 90 y\u0131l boyunca sekt\u00f6rde nas\u0131l ayakta kalmay\u0131 ba\u015fard\u0131klar\u0131n\u0131 anlatt\u0131. T\u00fcrkiye gibi ekonomik ve siyasi krizlerin s\u0131k ya\u015fand\u0131\u011f\u0131 bir \u00fclkede d\u00fcr\u00fcst kalman\u0131n ve t\u00fcm payda\u015flara kar\u015f\u0131 sorumluluklar\u0131n\u0131 yerine getirmenin kolay olmad\u0131\u011f\u0131n\u0131 s\u00f6yleyen Bar\u0131\u015f \u00d6zaydemir \u2018Ekonomik olarak firmay\u0131 ileri ta\u015f\u0131man\u0131n ve bunu yaparken lider konumda kalabilmenin sadece vizyon de\u011fil bitmeyen bir m\u00fccadele ruhunun eseridir. Bu ruhu ate\u015fleyen K\u0131l\u0131\u00e7o\u011flu s\u0131cakl\u0131\u011f\u0131d\u0131r. Kurumdaki herkesin \u00e7al\u0131\u015fan\u0131ndan distrib\u00fct\u00f6r\u00fcne, ustas\u0131ndan bayisine herkesin bu ortak ruhla hareket etmesi bizi her g\u00fcn hep beraber K\u0131l\u0131\u00e7o\u011flu yap\u0131yor dedi.<\/h4>\n<h4>KAL\u0130TEL\u0130 \u00dcRET\u0130M, EN \u0130LER\u0130 TEKNOLOJ\u0130<\/h4>\n<h4>Biz hep uzun vadeli d\u00fc\u015f\u00fcnd\u00fck ve i\u015fimize odakland\u0131k diyen Bar\u0131\u015f \u00d6zaydemir m\u00fc\u015fterilerimizin de\u011fi\u015fen ihtiya\u00e7lar\u0131n\u0131 ke\u015ffedip en iyi \u015fekilde hizmet verebilmek i\u00e7in t\u00fcm g\u00fcc\u00fcm\u00fczle \u00e7al\u0131\u015ft\u0131k. Tesislerimize, teknolojimize ve \u00e7al\u0131\u015fanlar\u0131m\u0131z\u0131n geli\u015fimine yat\u0131r\u0131m yapt\u0131k. \u00dcr\u00fcnlerimizin kalitesini en \u00fcst seviyede tuttuk. \u00dcretim kapasitemizi sekt\u00f6rde rekabet avantaj\u0131 sa\u011flayacak \u015fekilde en \u00fcst seviyede tuttuk. \u0130\u015f ortaklar\u0131m\u0131z\u0131 \u00f6zenle se\u00e7tik ve elimizden geldi\u011fince destekledik dedi. \u0130novasyonu \u00e7ok \u00f6nemsediklerini s\u00f6yleyen \u00d6zaydemir, \u00fcr\u00fcn ve hizmetlerini geli\u015ftirdiklerini, k\u00fc\u00e7\u00fck bir \u00fcretim tesisi ile ba\u015flad\u0131klar\u0131 tesisi bug\u00fcn 8 milyon m2 \u00fcretim kapasiteli b\u00fcy\u00fck \u00fcretim tesisi haline getirdiklerini ve t\u00fcm T\u00fcrkiye\u2019ye yay\u0131lm\u0131\u015f da\u011f\u0131t\u0131m a\u011f\u0131 ile sekt\u00f6re y\u00f6n veren lider firma olarak yollar\u0131na devam ettiklerini ifade etti.<\/h4>\n<h4>T\u00dcRK\u0130YE\u2019N\u0130N L\u0130DER MARKASI<\/h4>\n<h4>Kaliteli kiremit isteyen m\u00fc\u015fterilerimize \u00fcr\u00fcn sundu\u011fumuz gibi anahtar teslim hizmet isteyen m\u00fc\u015fterilerimizin de taleplerini kar\u015f\u0131l\u0131yoruz diyen \u00d6zaydemir, b\u00fcy\u00fck projelerde \u00e7at\u0131 \u00e7\u00f6z\u00fcm\u00fc orta\u011f\u0131 olarak yer al\u0131rken ayn\u0131 zamanda Anadolu\u2019nun her k\u00f6\u015fesinde \u00fcr\u00fcnlerini bayileri arac\u0131l\u0131\u011f\u0131yla m\u00fc\u015fterilerine ula\u015ft\u0131rd\u0131klar\u0131n\u0131 dile getirdi. \u00c7at\u0131y\u0131 bir b\u00fct\u00fcn olarak ele ald\u0131klar\u0131n\u0131 ve b\u00fct\u00fcn bu de\u011fi\u015fim sayesinde s\u00fcrd\u00fcr\u00fclebilirli\u011fi son 10 y\u0131lda istikrarl\u0131 bir \u015fekilde devam ettirdiklerini de s\u00f6zlerine ekleyen \u00d6zaydemir, b\u00f6ylelikle zirvedeki yerlerini daha da sa\u011flamla\u015ft\u0131rd\u0131klar\u0131n\u0131 s\u00f6yledi. \u00d6zaydemir \u2018\u2019100\u2019\u00fcnc\u00fc y\u0131l i\u00e7in \u00f6n\u00fcm\u00fczde yapaca\u011f\u0131m\u0131z \u00e7ok i\u015f var. De\u011fi\u015fim hi\u00e7 durmayacak. M\u00fc\u015fterilerimizin her t\u00fcrl\u00fc talebine cevap vererek liderli\u011fimizi kesintisiz olarak s\u00fcrd\u00fcrd\u00fck. Gelece\u011fimiz de bu tutkunun devam\u0131yla m\u00fcmk\u00fcn olacakt\u0131r. B\u00f6yle bir yap\u0131n\u0131n ba\u015f\u0131nda olmaktan gurur ve mutluluk duyuyorum\u2019\u2019 diyerek s\u00f6zlerini bitirdi.<\/h4>\n<h4>NES\u0130LDEN NES\u0130LE\u2026<\/h4>\n<h4>Bar\u0131\u015f \u00d6zaydemir\u2019in konu\u015fmas\u0131n\u0131n ard\u0131ndan Eski\u015fehir Sanayi Odas\u0131 Ba\u015fkan\u0131 ve Endel \u015eirketler Grubu Y\u00f6netim Kurulu Ba\u015fkan\u0131 Sava\u015f \u00d6zaydemir konu\u015ftu. Sava\u015f \u00d6zaydemir\u2019de misafirlerini selamlad\u0131ktan sonra konu\u015fmas\u0131na bug\u00fcnlere gelmelerinde kendilerine destek olan resmi kurumlara, \u00e7al\u0131\u015fanlar\u0131na, distrib\u00fct\u00f6r ve bayilerine K\u0131l\u0131\u00e7o\u011flu \u00fcr\u00fcnlerini tercih edenlere, bug\u00fcnlere ula\u015fmalar\u0131nda pay ve katk\u0131lar\u0131 olan herkese te\u015fekk\u00fcrlerini sundu. 90 y\u0131l\u0131n sanayi, Eski\u015fehir ve \u00fclkemiz i\u00e7in \u00f6nemli bir kilometre ta\u015f\u0131 oldu\u011funu ifade eden \u00d6zaydemir b\u00f6yle bir ba\u015far\u0131n\u0131n \u00fclkemizde \u00e7ok az firmaya nasip oldu\u011funu s\u00f6yledi. K\u0131l\u0131\u00e7o\u011flu\u2019nun nesilden nesile s\u00fcreklilik sa\u011flad\u0131\u011f\u0131na de\u011finen Sava\u015f \u00d6zaydemir bayilerin de t\u0131pk\u0131 firma gibi nesilden nesile devam etti\u011fini s\u00f6zlerine ekledi. \u00d6zaydemir, ge\u00e7mi\u015f y\u00f6neticileri de anarak \u015firketin kurulu\u015f ve b\u00fcy\u00fcme hikayesini anlatt\u0131.<\/h4>\n<h4>SAYGI VE SADAKAT \u00d6NEML\u0130<\/h4>\n<h4>Ticarette g\u00fcven sa\u011flaman\u0131n ve d\u00fcr\u00fcstl\u00fc\u011f\u00fcn \u00f6neminin alt\u0131n\u0131 \u00e7izen Sava\u015f \u00d6zaydemir bunu K\u0131l\u0131\u00e7o\u011flu ailesinden \u00f6\u011frendiklerini ve bu konuda K\u0131l\u0131\u00e7o\u011flu\u2019nun bir ekol oldu\u011funu bununla da iftihar etti\u011fini s\u00f6yledi. Sayg\u0131 ve sadakat\u0131 \u00f6n planda tuttuklar\u0131n\u0131 belirten \u00d6zaydemir bug\u00fcnlere gelmelerinde bayilerin kendilerine her zaman destek oldu\u011funu ve \u00e7al\u0131\u015fanlar\u0131 ile bug\u00fcnlere geldiklerini s\u00f6yledi. Endel \u015firketler grubunun bug\u00fcn 2200 \u00e7al\u0131\u015fan\u0131 oldu\u011funu belirten \u00d6zaydemir 100\u2019\u00fcnc\u00fc y\u0131lda hep beraber olmay\u0131 dileyerek s\u00f6zlerini bitirdi.<\/h4>\n<h4>Sava\u015f \u00d6zaydemir\u2019in konu\u015fmas\u0131n\u0131n ard\u0131ndan 90\u2019\u0131nc\u0131 y\u0131l pastalar\u0131 kesildi. Gece \u015eeyda Erba\u015f\u2019\u0131n konseri ile devam etti. K\u0131l\u0131\u00e7o\u011flu, konuklar\u0131na ad\u0131na yak\u0131\u015f\u0131r unutulmaz bir gece ya\u015fatt\u0131.<\/h4>\n<h4><u>Megaron Hakk\u0131nda<\/u><\/h4>\n<h4>Megaron \u00c7at\u0131 Teknolojileri, ileri teknoloji ve ba\u011fl\u0131 ekipmanlar\u0131, renkli ve m\u00fckemmel alternatifleri dahil olmak \u00fczere, tek merkezden entegre \u00e7\u00f6z\u00fcmler sunan, K\u0131l\u0131\u00e7o\u011flu&#8217;nun \u00e7at\u0131 teknolojileri markas\u0131d\u0131r. Megaron \u00c7at\u0131 Teknolojileri kiremit \u00fcretiminde 1927\u2019den beri gelen tecr\u00fcbesiyle T\u00fcrkiye\u2019nin lider markas\u0131 K\u0131l\u0131\u00e7o\u011flu markas\u0131n\u0131n g\u00fcvencesi alt\u0131ndad\u0131r. Megaron \u00c7at\u0131 Teknolojileri \u00f6zg\u00fcn ve profesyonel Uzman Bayi a\u011f\u0131, T\u00fcrkiye\u2019nin \u00e7e\u015fitli b\u00f6lgelerinde \u00e7at\u0131n\u0131za uygun anahtar teslim uygulamalar yapar. Tam otomatik \u0130sve\u00e7 ve \u0130talyan teknolojisi ile kurulan Megaron \u00dcretim Tesisi\u2019nde \u00fcretilen Megaron S ve Megaron V kiremitler, \u00e7ift kat y\u00fczey kaplama teknolojisi, farkl\u0131 renk se\u00e7enekleri, geni\u015f aksesuar \u00e7e\u015fidi ve AB standard\u0131nda ambalaj\u0131yla piyasada. \u00c7at\u0131 uzmanl\u0131k gerektiren ve b\u00fct\u00fcnsel olarak \u00e7\u00f6z\u00fcmlenmesi gereken bir yap\u0131d\u0131r. Megaron \u00c7at\u0131 Teknolojileri \u0131s\u0131 ve su yal\u0131t\u0131m\u0131 i\u00e7in sundu\u011fu b\u00fct\u00fcnsel \u00e7\u00f6z\u00fcmlerle \u00e7at\u0131 ile ilgili t\u00fcm sorular\u0131n\u0131za cevap verir.<\/h4>\n<h4><i>\u00a0<\/i><\/h4>\n","protected":false},"excerpt":{"rendered":"<p>T\u00dcRK\u0130YE&#8217;YE \u00c7ATILARIN \u00dcST\u00dcNDEN YAYILAN 90 YILLIK B\u0130R BAKI\u015e: KILI\u00c7O\u011eLU KILI\u00c7O\u011eLU 90. YILINI CUMHUR\u0130YET TAR\u0130H\u0130 \u0130LE B\u0130RL\u0130KTE ANLATTI KILI\u00c7O\u011eLU K\u0130REM\u0130T 90\u2019INCI YA\u015eINI MUHTE\u015eEM B\u0130R T\u00d6RENLE KUTLADI T\u00dcRK\u0130YE\u2019N\u0130N EN B\u00dcY\u00dcK K\u0130REM\u0130T MARKASI KILI\u00c7O\u011eLU 90 YA\u015eINDA Endel \u015eirketler Grubu\u2019nda yer alan K\u0131l\u0131\u00e7o\u011flu 7 Temmuz Cuma ak\u015fam\u0131 Eski\u015fehir Anemon Otel\u2019de 90. y\u0131l\u0131na \u00f6zel bir resepsiyon d\u00fczenledi. Eski\u015fehir Anadolu \u00dcniversitesi [&hellip;]<\/p>\n","protected":false},"author":1,"featured_media":16029,"comment_status":"open","ping_status":"open","sticky":false,"template":"","format":"standard","meta":{"ngg_post_thumbnail":0},"categories":[221,5217,97,5388],"tags":[11136,106,11156,2659,11262,316,11362],"_links":{"self":[{"href":"https:\/\/emlaktuel.com\/index.php?rest_route=\/wp\/v2\/posts\/16028"}],"collection":[{"href":"https:\/\/emlaktuel.com\/index.php?rest_route=\/wp\/v2\/posts"}],"about":[{"href":"https:\/\/emlaktuel.com\/index.php?rest_route=\/wp\/v2\/types\/post"}],"author":[{"embeddable":true,"href":"https:\/\/emlaktuel.com\/index.php?rest_route=\/wp\/v2\/users\/1"}],"replies":[{"embeddable":true,"href":"https:\/\/emlaktuel.com\/index.php?rest_route=%2Fwp%2Fv2%2Fcomments&post=16028"}],"version-history":[{"count":1,"href":"https:\/\/emlaktuel.com\/index.php?rest_route=\/wp\/v2\/posts\/16028\/revisions"}],"predecessor-version":[{"id":16030,"href":"https:\/\/emlaktuel.com\/index.php?rest_route=\/wp\/v2\/posts\/16028\/revisions\/16030"}],"wp:featuredmedia":[{"embeddable":true,"href":"https:\/\/emlaktuel.com\/index.php?rest_route=\/wp\/v2\/media\/16029"}],"wp:attachment":[{"href":"https:\/\/emlaktuel.com\/index.php?rest_route=%2Fwp%2Fv2%2Fmedia&parent=16028"}],"wp:term":[{"taxonomy":"category","embeddable":true,"href":"https:\/\/emlaktuel.com\/index.php?rest_route=%2Fwp%2Fv2%2Fcategories&post=16028"},{"taxonomy":"post_tag","embeddable":true,"href":"https:\/\/emlaktuel.com\/index.php?rest_route=%2Fwp%2Fv2%2Ftags&post=16028"}],"curies":[{"name":"wp","href":"https:\/\/api.w.org\/{rel}","templated":true}]}}