{"id":15889,"date":"2017-07-03T12:14:09","date_gmt":"2017-07-03T09:14:09","guid":{"rendered":"http:\/\/emlaktuel.com\/?p=15889"},"modified":"2018-07-05T16:54:15","modified_gmt":"2018-07-05T13:54:15","slug":"15889","status":"publish","type":"post","link":"https:\/\/emlaktuel.com\/?p=15889","title":{"rendered":"T\u00fcrkiye\u2019den y\u00fckselen bir y\u0131ld\u0131z; Melis Kahya"},"content":{"rendered":"<h4><img loading=\"lazy\" class=\"size-full wp-image-15890 aligncenter\" src=\"http:\/\/emlaktuel.com\/wp-content\/uploads\/2017\/07\/1499071239_Melis_Harvard.jpeg\" alt=\"\" width=\"1200\" height=\"600\" \/><\/h4>\n<h4><strong>20 milyar dolar b\u00fcy\u00fckl\u00fc\u011f\u00fcnde bir fonu y\u00f6neten, New York merkezli General Atlantic \u015firketinin Londra ofisinde \u201cVice President\u201d olarak g\u00f6rev yapan Melis Kahya, Financial News taraf\u0131ndan ger\u00e7ekle\u015ftirilen, finansman sekt\u00f6r\u00fcn\u00fcn oscarlar\u0131 olarak bilinen \u00f6d\u00fcllerden \u201cAvrupa-Orta Do\u011fu-Afrika (EMEA) B\u00f6lgesinde \u00d6zel Sermaye Sekt\u00f6r\u00fcnde 2017\u2019nin Y\u00fckselen 25 Y\u0131ld\u0131z\u0131\u2019\u2019 aras\u0131nda se\u00e7ilerek bu sekt\u00f6rde \u00f6d\u00fcllendirilen ilk T\u00fcrk gen\u00e7 kad\u0131n\u0131 oldu.<\/strong><\/h4>\n<h4>T\u00fcrkiye\u2019deki \u00f6\u011frenimini Robert Kolej\u2019de tamamlad\u0131ktan sonra, Yale \u00dcniversitesi Elektrik Elektronik M\u00fchendisli\u011fi ve Ekonomi Fak\u00fcltelerinden \u015feref listesinde yer alarak, \u00e7ift ana dal diplomas\u0131 ile mezun olan Melis Kahya, d\u00f6neminin akredite Elektrik M\u00fchendisi tek kad\u0131n mezunu oldu.<\/h4>\n<h4>IBM, PwC, HSBC ve JPMorgan (JPM) \u015firketlerinde staj yapan Melis Kahya, tam zamanl\u0131 i\u015f ya\u015fam\u0131na JPM New York merkezinde yat\u0131r\u0131m bankac\u0131s\u0131 olarak ad\u0131m att\u0131. \u0130lk y\u0131l\u0131nda, t\u00fcm d\u00fcnyada JPM \u015firketlerindeki \u2018en ba\u015far\u0131l\u0131 analist\u2019, ikinci y\u0131l\u0131nda ise \u201cJPM Global Analist E\u011fitim Program\u0131\u201dna e\u011fitmen olarak se\u00e7ildi.<\/h4>\n<h4>Stanford \u00dcniversitesi\u2019nde ald\u0131\u011f\u0131 MBA e\u011fitimi s\u0131ras\u0131nda; kad\u0131nlar\u0131n sa\u011fl\u0131k, e\u011fitim ve yetkilendirilme sorunlar\u0131na odakl\u0131 uluslararas\u0131 kurulu\u015flara imkan ve ba\u011f\u0131\u015flar sa\u011flamak amac\u0131 ile 11 k\u0131z \u00f6\u011frencinin olu\u015fturdu\u011fu, halen faal olan, \u201c11Empowered\u201d adl\u0131 filantropi networkunu kurdu. Stanford\u2019dan \u015feref listesinde mezun olan Melis Kahya, T\u00fcrkiye\u2019de Migros\u2019a yat\u0131r\u0131m yapm\u0131\u015f BC Partners\u2019\u0131n Londra ofisinde \u00e7al\u0131\u015ft\u0131.<\/h4>\n<h4>\u015eubat 2016\u2019da General Atlantic \u015eirketi\u2019nin New York merkezine kat\u0131lan ve daha sonra \u015firketin; Avrupa, Orta Do\u011fu ve Afrika\u2019daki perakende ve t\u00fcketici operasyonlar\u0131n\u0131 olu\u015fturmak ve y\u00fcr\u00fctmek \u00fczere New York\u2019tan Londra\u2019ya ta\u015f\u0131nan Melis Kahya, General Atlantic\u2019in sponsorlu\u011funda Harvard\u2019da d\u00fczenlenen \u201cYat\u0131r\u0131mda Kad\u0131nlar\u201d zirvesinde General Atlantic\u2019in y\u00fcz\u00fc oldu.<\/h4>\n<h4>\u015eu anda General Atlantic\u2019in y\u00f6netim kurulunda yer alan ve \u0130skandinav sa\u011fl\u0131kl\u0131 meyve suyu bar\u0131 zinciri olan Joe &amp; Juice\u2019un yat\u0131r\u0131mlar\u0131n\u0131 y\u00f6neten 34 ya\u015f\u0131ndaki Melis Kahya, Mart ay\u0131nda \u2018\u2018Amerika\u2019da 40 Ya\u015f Alt\u0131 En Etkin 40 T\u00fcrk Genci\u2019\u2019 listesine de ad\u0131n\u0131 yazd\u0131rd\u0131.<\/h4>\n<h4>Kad\u0131nlar\u0131n ve k\u0131z \u00e7ocuklar\u0131n\u0131n e\u011fitimi ve g\u00fc\u00e7lendirilmesi \u00fczerine \u00e7al\u0131\u015fan organizasyonlara destek vererek kad\u0131nlar\u0131n toplumda her zaman s\u00f6z sahibi olmas\u0131na katk\u0131da bulunan Melis Kahya, daha pek \u00e7ok yeni ba\u015far\u0131ya imza atmak i\u00e7in \u00f6zveri ve kararl\u0131l\u0131kla \u00e7al\u0131\u015fmaya devam ediyor.<\/h4>\n","protected":false},"excerpt":{"rendered":"<p>20 milyar dolar b\u00fcy\u00fckl\u00fc\u011f\u00fcnde bir fonu y\u00f6neten, New York merkezli General Atlantic \u015firketinin Londra ofisinde \u201cVice President\u201d olarak g\u00f6rev yapan Melis Kahya, Financial News taraf\u0131ndan ger\u00e7ekle\u015ftirilen, finansman sekt\u00f6r\u00fcn\u00fcn oscarlar\u0131 olarak bilinen \u00f6d\u00fcllerden \u201cAvrupa-Orta Do\u011fu-Afrika (EMEA) B\u00f6lgesinde \u00d6zel Sermaye Sekt\u00f6r\u00fcnde 2017\u2019nin Y\u00fckselen 25 Y\u0131ld\u0131z\u0131\u2019\u2019 aras\u0131nda se\u00e7ilerek bu sekt\u00f6rde \u00f6d\u00fcllendirilen ilk T\u00fcrk gen\u00e7 kad\u0131n\u0131 oldu. T\u00fcrkiye\u2019deki \u00f6\u011frenimini [&hellip;]<\/p>\n","protected":false},"author":1,"featured_media":15890,"comment_status":"open","ping_status":"open","sticky":false,"template":"","format":"standard","meta":{"ngg_post_thumbnail":0},"categories":[221,97,5388],"tags":[11558,11420,11262,11196,316,96],"_links":{"self":[{"href":"https:\/\/emlaktuel.com\/index.php?rest_route=\/wp\/v2\/posts\/15889"}],"collection":[{"href":"https:\/\/emlaktuel.com\/index.php?rest_route=\/wp\/v2\/posts"}],"about":[{"href":"https:\/\/emlaktuel.com\/index.php?rest_route=\/wp\/v2\/types\/post"}],"author":[{"embeddable":true,"href":"https:\/\/emlaktuel.com\/index.php?rest_route=\/wp\/v2\/users\/1"}],"replies":[{"embeddable":true,"href":"https:\/\/emlaktuel.com\/index.php?rest_route=%2Fwp%2Fv2%2Fcomments&post=15889"}],"version-history":[{"count":2,"href":"https:\/\/emlaktuel.com\/index.php?rest_route=\/wp\/v2\/posts\/15889\/revisions"}],"predecessor-version":[{"id":15892,"href":"https:\/\/emlaktuel.com\/index.php?rest_route=\/wp\/v2\/posts\/15889\/revisions\/15892"}],"wp:featuredmedia":[{"embeddable":true,"href":"https:\/\/emlaktuel.com\/index.php?rest_route=\/wp\/v2\/media\/15890"}],"wp:attachment":[{"href":"https:\/\/emlaktuel.com\/index.php?rest_route=%2Fwp%2Fv2%2Fmedia&parent=15889"}],"wp:term":[{"taxonomy":"category","embeddable":true,"href":"https:\/\/emlaktuel.com\/index.php?rest_route=%2Fwp%2Fv2%2Fcategories&post=15889"},{"taxonomy":"post_tag","embeddable":true,"href":"https:\/\/emlaktuel.com\/index.php?rest_route=%2Fwp%2Fv2%2Ftags&post=15889"}],"curies":[{"name":"wp","href":"https:\/\/api.w.org\/{rel}","templated":true}]}}