{"id":15879,"date":"2017-07-03T12:01:01","date_gmt":"2017-07-03T09:01:01","guid":{"rendered":"http:\/\/emlaktuel.com\/?p=15879"},"modified":"2018-07-05T16:54:07","modified_gmt":"2018-07-05T13:54:07","slug":"gaziosmanpasada-13-donusum-projesi-yapilacak","status":"publish","type":"post","link":"https:\/\/emlaktuel.com\/?p=15879","title":{"rendered":"Gaziosmanpa\u015fa&#8217;da 13 d\u00f6n\u00fc\u015f\u00fcm projesi yap\u0131lacak!"},"content":{"rendered":"<h4 class=\"news-detail-title selectionShareable\"><\/h4>\n<h4 class=\"news-detail-title selectionShareable\"><img loading=\"lazy\" class=\"size-full wp-image-15880 aligncenter\" src=\"http:\/\/emlaktuel.com\/wp-content\/uploads\/2017\/07\/we-halic-gaziosmanpasa-ornek-bir-kentsel-donusum-projesi-olacak.jpg\" alt=\"\" width=\"650\" height=\"360\" \/><\/h4>\n<h4 class=\"topP\">T\u00fcrkiye&#8217;nin ilk master planl\u0131 d\u00f6n\u00fc\u015f\u00fcm projesi olacak We Hali\u00e7 1.2 milyar liral\u0131k yat\u0131r\u0131mla hayata ge\u00e7ecek. Gaziosmanpa\u015fa&#8217;da 13 d\u00f6n\u00fc\u015f\u00fcm projesinden ilki olan projede in\u015faat \u00e7al\u0131\u015fmalar\u0131 devam ediyor.<\/h4>\n<h4 class=\"soc2 nmobilw\"><\/h4>\n<div>\n<h4>D\u00f6n\u00fc\u015f\u00fcm We Hali\u00e7 ime ba\u015flad\u0131<\/h4>\n<h4>TOK\u0130 ve Ilg\u0131n \u0130n\u015faat&#8217;\u0131n ilk markal\u0131 projesi i\u00e7in \u00e7al\u0131\u015fmalar devam ediyor. Gaziosmanpa\u015fa&#8217;n\u0131n yenilenmesindeki ilk ad\u0131m olan We Hali\u00e7 projesi 13 proje i\u00e7erisinde yer al\u0131yor. B\u00fcy\u00fck projelerin adresi olan Gaziosmanpa\u015fa ayr\u0131ca ula\u015f\u0131m projelerinin de adresi oldu.<\/h4>\n<h4>T\u00fcrkiye&#8217;nin en \u00e7ok kazand\u0131ran il\u00e7esi olan Gaziosmanpa\u015fa&#8217;da konut fiyatlar\u0131 y\u00fczde 35 oran\u0131nda art\u0131\u015f g\u00f6sterdi. \u00a0 Ilg\u0131n \u0130n\u015faat Y\u00f6netim Kurulu Ba\u015fkan\u0131 Halil Yanmaz, y\u00fczde 40&#8217;\u0131 yenilenecek olan il\u00e7ede fiyatlarda yakalanan y\u00fckseli\u015fin devam edece\u011fini a\u00e7\u0131klad\u0131.<\/h4>\n<h4>4 Metro ve 2 teleferik hatt\u0131 geliyor<\/h4>\n<h4>Halil Yanmaz, s\u00f6zlerini \u015f\u00f6yle s\u00fcrd\u00fcrd\u00fc: &#8220;Bu il\u00e7e 4 metro hatt\u0131, 2 teleferik hatt\u0131 ve 2 t\u00fcnele ev sahipli\u011fi yapacak. Ayn\u0131 zamanda 13 ayr\u0131 kentsel d\u00f6n\u00fc\u015f\u00fcm projesiyle T\u00fcrkiye&#8217;nin en b\u00fcy\u00fck \u015fantiye alan\u0131 olacak. 430 hektarl\u0131k alan d\u00f6n\u00fc\u015fecek. Adeta tarihi yar\u0131mada s\u0131n\u0131rlar\u0131nda yepyeni bir il\u00e7e do\u011facak diyebiliriz. Ger\u00e7ek \u0130stanbul diye tabir etti\u011fimiz bu b\u00f6lgede hen\u00fcz bu \u00f6l\u00e7ekte bir de\u011fi\u015fim ve yenilenme hareketi yok\u2026 B\u00f6yle bir s\u00fcre\u00e7te aktif olarak yer ald\u0131\u011f\u0131m\u0131z i\u00e7in mutluyuz. Her detay\u0131na \u00f6zel \u00f6nem verdi\u011fimiz projemizle T\u00fcrkiye&#8217;nin master planl\u0131 ilk kentsel d\u00f6n\u00fc\u015f\u00fcm projesini yap\u0131yoruz. We Hali\u00e7 ile birlikte Gaziosmanpa\u015fa&#8217;n\u0131n d\u00f6n\u00fc\u015f\u00fcm\u00fc de ba\u015flam\u0131\u015f oldu.&#8221;<\/h4>\n<h4>Ev ba\u015f\u0131na 25 metrekare ye\u015fil alan<\/h4>\n<h4>We Hali\u00e7&#8217;in sadece yat\u0131r\u0131m de\u011fil oturum ama\u00e7l\u0131 olarak da dikkat \u00e7eken ve ger\u00e7ek \u0130stanbul&#8217;u ya\u015famak isteyenler i\u00e7in f\u0131rsat sundu\u011funu anlatan Halil Y\u0131lmaz, We Hali\u00e7&#8217;te daire ba\u015f\u0131na 23 metrekarelik ye\u015fil alan bulunuyor. D\u00fcnya standartlar\u0131nda ye\u015fil mahalle olacak \u015fekilde in\u015fa ediliyor dedi. 58 bin 500 metrekarelik alana sahip projede lansman \u00f6ncesi yo\u011fun ilgi ya\u015fan\u0131yor.<\/h4>\n<h4>\u00c7evre dostu mahalle konsepti<\/h4>\n<h4>We Hali\u00e7 projesi Gaziosmanpa\u015fa \u0130slambey Caddesi&#8217;nde hayata ge\u00e7iriliyor. Projede bin 87 konutun yan\u0131 s\u0131ra 24 bin 500 metrekare ye\u015fil alan\u0131, \u00e7ar\u015f\u0131s\u0131, ofisleri, 65 derslikli okul, 200 ki\u015filik yurt, 2 bin 500 ki\u015filik cami yer alacak.<\/h4>\n<h4>Fiyatlar\u0131n 219 bin liradan ba\u015flad\u0131\u011f\u0131 We Hali\u00e7&#8217;te konut, rezidans ve ofislerden olu\u015fan karma ya\u015fam sunuluyor. Hali\u00e7&#8217;ten ba\u015flay\u0131p tarihi yar\u0131mada ve Bo\u011fazi\u00e7i&#8217;ne kadar geni\u015f bir manzaraya sahip olan projede avantajl\u0131 \u00f6deme ko\u015fullar\u0131 sa\u011flan\u0131yor.<\/h4>\n<h4>We Hali\u00e7&#8217;te \u00f6deme plan\u0131na g\u00f6re We Ilg\u0131n Finans modeliyle 48 aya kadar vade farks\u0131z taksitlendirme imk\u00e2n\u0131 sunuluyor.<\/h4>\n<h4>Sabah\/Seda Tabak<\/h4>\n<\/div>\n","protected":false},"excerpt":{"rendered":"<p>T\u00fcrkiye&#8217;nin ilk master planl\u0131 d\u00f6n\u00fc\u015f\u00fcm projesi olacak We Hali\u00e7 1.2 milyar liral\u0131k yat\u0131r\u0131mla hayata ge\u00e7ecek. Gaziosmanpa\u015fa&#8217;da 13 d\u00f6n\u00fc\u015f\u00fcm projesinden ilki olan projede in\u015faat \u00e7al\u0131\u015fmalar\u0131 devam ediyor. D\u00f6n\u00fc\u015f\u00fcm We Hali\u00e7 ime ba\u015flad\u0131 TOK\u0130 ve Ilg\u0131n \u0130n\u015faat&#8217;\u0131n ilk markal\u0131 projesi i\u00e7in \u00e7al\u0131\u015fmalar devam ediyor. Gaziosmanpa\u015fa&#8217;n\u0131n yenilenmesindeki ilk ad\u0131m olan We Hali\u00e7 projesi 13 proje i\u00e7erisinde yer al\u0131yor. [&hellip;]<\/p>\n","protected":false},"author":1,"featured_media":15880,"comment_status":"open","ping_status":"open","sticky":false,"template":"","format":"standard","meta":{"ngg_post_thumbnail":0},"categories":[221,97,5388],"tags":[4791,8830,8829,4441,11326,88,6829,80,106,11087,3602,8828],"_links":{"self":[{"href":"https:\/\/emlaktuel.com\/index.php?rest_route=\/wp\/v2\/posts\/15879"}],"collection":[{"href":"https:\/\/emlaktuel.com\/index.php?rest_route=\/wp\/v2\/posts"}],"about":[{"href":"https:\/\/emlaktuel.com\/index.php?rest_route=\/wp\/v2\/types\/post"}],"author":[{"embeddable":true,"href":"https:\/\/emlaktuel.com\/index.php?rest_route=\/wp\/v2\/users\/1"}],"replies":[{"embeddable":true,"href":"https:\/\/emlaktuel.com\/index.php?rest_route=%2Fwp%2Fv2%2Fcomments&post=15879"}],"version-history":[{"count":1,"href":"https:\/\/emlaktuel.com\/index.php?rest_route=\/wp\/v2\/posts\/15879\/revisions"}],"predecessor-version":[{"id":15881,"href":"https:\/\/emlaktuel.com\/index.php?rest_route=\/wp\/v2\/posts\/15879\/revisions\/15881"}],"wp:featuredmedia":[{"embeddable":true,"href":"https:\/\/emlaktuel.com\/index.php?rest_route=\/wp\/v2\/media\/15880"}],"wp:attachment":[{"href":"https:\/\/emlaktuel.com\/index.php?rest_route=%2Fwp%2Fv2%2Fmedia&parent=15879"}],"wp:term":[{"taxonomy":"category","embeddable":true,"href":"https:\/\/emlaktuel.com\/index.php?rest_route=%2Fwp%2Fv2%2Fcategories&post=15879"},{"taxonomy":"post_tag","embeddable":true,"href":"https:\/\/emlaktuel.com\/index.php?rest_route=%2Fwp%2Fv2%2Ftags&post=15879"}],"curies":[{"name":"wp","href":"https:\/\/api.w.org\/{rel}","templated":true}]}}