{"id":15818,"date":"2017-06-30T12:32:55","date_gmt":"2017-06-30T09:32:55","guid":{"rendered":"http:\/\/emlaktuel.com\/?p=15818"},"modified":"2018-07-05T16:53:11","modified_gmt":"2018-07-05T13:53:11","slug":"konut-satislarindaki-artis-siyasi-iradeye-guveni-gosteriyor","status":"publish","type":"post","link":"https:\/\/emlaktuel.com\/?p=15818","title":{"rendered":"Konut sat\u0131\u015flar\u0131nda art\u0131\u015f siyasi iradeye g\u00fcveni g\u00f6steriyor"},"content":{"rendered":"<h4><img loading=\"lazy\" class=\"size-full wp-image-15819 aligncenter\" src=\"http:\/\/emlaktuel.com\/wp-content\/uploads\/2017\/06\/1498807447_ERKAN_GURAL__3_.jpeg\" alt=\"\" width=\"2419\" height=\"1684\" \/><\/h4>\n<h4><strong>\u201cKonut Sat\u0131\u015flar\u0131ndaki Art\u0131\u015f, Ekonomik \u0130stikrar ve Siyasi \u0130radeye Duyulan G\u00fcvenin Bir G\u00f6stergesidir\u201d<br \/>\n<\/strong><\/h4>\n<h4>T\u00dc\u0130K taraf\u0131ndan a\u00e7\u0131klanan May\u0131s ay\u0131 konut sat\u0131\u015f rakamlar\u0131n\u0131 de\u011ferlendiren T\u00fcrkiye Gen\u00e7 \u0130\u015f Adamlar\u0131 Konfederasyonu Genel Ba\u015fkan\u0131 Erkan G\u00fcral \u015fu a\u00e7\u0131klamalarda bulundu:<\/h4>\n<h4>&#8220;May\u0131s ay\u0131nda, bir \u00f6nceki y\u0131l\u0131n ayn\u0131 ay\u0131na g\u00f6re konut sat\u0131\u015f rakamlar\u0131nda ya\u015fanan y\u00fczde 1.5\u2019lik art\u0131\u015f, ekonomik istikrara ve siyasi iradeye duyulan g\u00fcveni g\u00f6stermektedir.<\/h4>\n<h4>Ayr\u0131ca yabanc\u0131 yat\u0131r\u0131mc\u0131lara yap\u0131lan konut sat\u0131\u015flar\u0131nda bir \u00f6nceki y\u0131l\u0131n ayn\u0131 ay\u0131na g\u00f6re sa\u011flanan y\u00fczde 10.1\u2019lik art\u0131\u015f, d\u0131\u015f ekonomik \u00e7evrelerin \u00fclkemize y\u00f6nelik siyasi ve ekonomik beklentilerinin m\u00fcspet y\u00f6n\u00fcn\u00fc ifade etmesi a\u00e7\u0131s\u0131ndan \u00e7ok anlaml\u0131d\u0131r.<\/h4>\n<h4>\u00dclkemizin in\u015faat ve gayrimenkul sekt\u00f6r\u00fcndeki ba\u015far\u0131s\u0131, sadece yak\u0131n co\u011frafyam\u0131zdaki \u00fclkelere de\u011fil t\u00fcm d\u00fcnya \u00fclkelerine \u00f6rnek olmaktad\u0131r. T\u00fcrk \u015firketlerimizin uluslararas\u0131 arenada ger\u00e7ekle\u015ftirdi\u011fi ba\u015far\u0131l\u0131 projelerin say\u0131s\u0131,her ge\u00e7en g\u00fcn artmaktad\u0131r.\u00d6n\u00fcm\u00fczdeki d\u00f6nemde bizi bekleyen yeni i\u015fbirlikleriyle T\u00fcrkiye\u2019nin bu sekt\u00f6rdeki h\u00e2kimiyetinin d\u00fcnya genelinde kal\u0131c\u0131 hale gelece\u011fine y\u00fcrekten inan\u0131yoruz.\u201d<\/h4>\n","protected":false},"excerpt":{"rendered":"<p>\u201cKonut Sat\u0131\u015flar\u0131ndaki Art\u0131\u015f, Ekonomik \u0130stikrar ve Siyasi \u0130radeye Duyulan G\u00fcvenin Bir G\u00f6stergesidir\u201d T\u00dc\u0130K taraf\u0131ndan a\u00e7\u0131klanan May\u0131s ay\u0131 konut sat\u0131\u015f rakamlar\u0131n\u0131 de\u011ferlendiren T\u00fcrkiye Gen\u00e7 \u0130\u015f Adamlar\u0131 Konfederasyonu Genel Ba\u015fkan\u0131 Erkan G\u00fcral \u015fu a\u00e7\u0131klamalarda bulundu: &#8220;May\u0131s ay\u0131nda, bir \u00f6nceki y\u0131l\u0131n ayn\u0131 ay\u0131na g\u00f6re konut sat\u0131\u015f rakamlar\u0131nda ya\u015fanan y\u00fczde 1.5\u2019lik art\u0131\u015f, ekonomik istikrara ve siyasi iradeye duyulan g\u00fcveni [&hellip;]<\/p>\n","protected":false},"author":1,"featured_media":15819,"comment_status":"open","ping_status":"open","sticky":false,"template":"","format":"standard","meta":{"ngg_post_thumbnail":0},"categories":[221,5217,97,5388],"tags":[11505,8805,1923,8806,80,11335,1070,11098,1065,316],"_links":{"self":[{"href":"https:\/\/emlaktuel.com\/index.php?rest_route=\/wp\/v2\/posts\/15818"}],"collection":[{"href":"https:\/\/emlaktuel.com\/index.php?rest_route=\/wp\/v2\/posts"}],"about":[{"href":"https:\/\/emlaktuel.com\/index.php?rest_route=\/wp\/v2\/types\/post"}],"author":[{"embeddable":true,"href":"https:\/\/emlaktuel.com\/index.php?rest_route=\/wp\/v2\/users\/1"}],"replies":[{"embeddable":true,"href":"https:\/\/emlaktuel.com\/index.php?rest_route=%2Fwp%2Fv2%2Fcomments&post=15818"}],"version-history":[{"count":2,"href":"https:\/\/emlaktuel.com\/index.php?rest_route=\/wp\/v2\/posts\/15818\/revisions"}],"predecessor-version":[{"id":15821,"href":"https:\/\/emlaktuel.com\/index.php?rest_route=\/wp\/v2\/posts\/15818\/revisions\/15821"}],"wp:featuredmedia":[{"embeddable":true,"href":"https:\/\/emlaktuel.com\/index.php?rest_route=\/wp\/v2\/media\/15819"}],"wp:attachment":[{"href":"https:\/\/emlaktuel.com\/index.php?rest_route=%2Fwp%2Fv2%2Fmedia&parent=15818"}],"wp:term":[{"taxonomy":"category","embeddable":true,"href":"https:\/\/emlaktuel.com\/index.php?rest_route=%2Fwp%2Fv2%2Fcategories&post=15818"},{"taxonomy":"post_tag","embeddable":true,"href":"https:\/\/emlaktuel.com\/index.php?rest_route=%2Fwp%2Fv2%2Ftags&post=15818"}],"curies":[{"name":"wp","href":"https:\/\/api.w.org\/{rel}","templated":true}]}}