{"id":15417,"date":"2017-06-13T14:31:36","date_gmt":"2017-06-13T11:31:36","guid":{"rendered":"http:\/\/emlaktuel.com\/?p=15417"},"modified":"2018-07-05T16:48:43","modified_gmt":"2018-07-05T13:48:43","slug":"fenerbahce-bir-transferi-daha-acikliyor","status":"publish","type":"post","link":"https:\/\/emlaktuel.com\/?p=15417","title":{"rendered":"Fenerbah\u00e7e bir transferi daha a\u00e7\u0131kl\u0131yor"},"content":{"rendered":"<h4 class=\"col-sm-12 view20\"><\/h4>\n<div class=\"col-sm-12 view20\">\n<div class=\"newsDetailText\">\n<div class=\"newsBox selectionShareable\">\n<h4><img loading=\"lazy\" class=\"alignleft size-full wp-image-15418\" src=\"http:\/\/emlaktuel.com\/wp-content\/uploads\/2017\/06\/0x0-fenerbahce-dirari-da-acikliyor-1497333207187.jpg\" alt=\"\" width=\"752\" height=\"539\" \/><\/h4>\n<h4>Yeni sezonda \u00fc\u00e7 y\u0131ll\u0131k \u015fampiyonluk hasretini noktalamak isteyen Fenerbah\u00e7e transferde h\u0131z kesmiyor.<\/h4>\n<h4>Mehmet Ekici ve Mathieu Valbuena&#8217;y\u0131 resmen renklerine ba\u011flayan sar\u0131-lacivertliler transfere devam edecek.<\/h4>\n<h4><strong>Nabil Dirar<\/strong> transferini bitirmek i\u00e7in yo\u011fun \u00e7aba harcayan Fenerbah\u00e7e&#8217;nin k\u0131sa s\u00fcre i\u00e7inde Fasl\u0131 oyuncuyu da a\u00e7\u0131klamas\u0131 bekleniyor.<\/h4>\n<h4>Sar\u0131-lacivertli ekip kaleci Carlos Kameni&#8217;nin yan\u0131s\u0131ra Jeremain Lens i\u00e7in de giri\u015fimlerini s\u00fcrd\u00fcr\u00fcyor. (Milliyet)<\/h4>\n<\/div>\n<\/div>\n<\/div>\n","protected":false},"excerpt":{"rendered":"<p>Yeni sezonda \u00fc\u00e7 y\u0131ll\u0131k \u015fampiyonluk hasretini noktalamak isteyen Fenerbah\u00e7e transferde h\u0131z kesmiyor. Mehmet Ekici ve Mathieu Valbuena&#8217;y\u0131 resmen renklerine ba\u011flayan sar\u0131-lacivertliler transfere devam edecek. Nabil Dirar transferini bitirmek i\u00e7in yo\u011fun \u00e7aba harcayan Fenerbah\u00e7e&#8217;nin k\u0131sa s\u00fcre i\u00e7inde Fasl\u0131 oyuncuyu da a\u00e7\u0131klamas\u0131 bekleniyor. Sar\u0131-lacivertli ekip kaleci Carlos Kameni&#8217;nin yan\u0131s\u0131ra Jeremain Lens i\u00e7in de giri\u015fimlerini s\u00fcrd\u00fcr\u00fcyor. (Milliyet)<\/p>\n","protected":false},"author":1,"featured_media":15418,"comment_status":"open","ping_status":"open","sticky":false,"template":"","format":"standard","meta":{"ngg_post_thumbnail":0},"categories":[5214],"tags":[2564],"_links":{"self":[{"href":"https:\/\/emlaktuel.com\/index.php?rest_route=\/wp\/v2\/posts\/15417"}],"collection":[{"href":"https:\/\/emlaktuel.com\/index.php?rest_route=\/wp\/v2\/posts"}],"about":[{"href":"https:\/\/emlaktuel.com\/index.php?rest_route=\/wp\/v2\/types\/post"}],"author":[{"embeddable":true,"href":"https:\/\/emlaktuel.com\/index.php?rest_route=\/wp\/v2\/users\/1"}],"replies":[{"embeddable":true,"href":"https:\/\/emlaktuel.com\/index.php?rest_route=%2Fwp%2Fv2%2Fcomments&post=15417"}],"version-history":[{"count":1,"href":"https:\/\/emlaktuel.com\/index.php?rest_route=\/wp\/v2\/posts\/15417\/revisions"}],"predecessor-version":[{"id":15419,"href":"https:\/\/emlaktuel.com\/index.php?rest_route=\/wp\/v2\/posts\/15417\/revisions\/15419"}],"wp:featuredmedia":[{"embeddable":true,"href":"https:\/\/emlaktuel.com\/index.php?rest_route=\/wp\/v2\/media\/15418"}],"wp:attachment":[{"href":"https:\/\/emlaktuel.com\/index.php?rest_route=%2Fwp%2Fv2%2Fmedia&parent=15417"}],"wp:term":[{"taxonomy":"category","embeddable":true,"href":"https:\/\/emlaktuel.com\/index.php?rest_route=%2Fwp%2Fv2%2Fcategories&post=15417"},{"taxonomy":"post_tag","embeddable":true,"href":"https:\/\/emlaktuel.com\/index.php?rest_route=%2Fwp%2Fv2%2Ftags&post=15417"}],"curies":[{"name":"wp","href":"https:\/\/api.w.org\/{rel}","templated":true}]}}