{"id":15308,"date":"2017-06-11T13:05:39","date_gmt":"2017-06-11T10:05:39","guid":{"rendered":"http:\/\/emlaktuel.com\/?p=15308"},"modified":"2018-07-05T16:47:32","modified_gmt":"2018-07-05T13:47:32","slug":"kia-stonic-modelinin-cizimleri-yayinlandi","status":"publish","type":"post","link":"https:\/\/emlaktuel.com\/?p=15308","title":{"rendered":"K\u0131a stonic modelinin \u00e7izimleri yay\u0131nland\u0131!"},"content":{"rendered":"<div>\n<h4><img loading=\"lazy\" class=\"size-full wp-image-15309 aligncenter\" src=\"http:\/\/emlaktuel.com\/wp-content\/uploads\/2017\/06\/20170610115713_cizimleri_yayinlandi_kiadan_yeni_crossover_1496838031_3617.jpg\" alt=\"\" width=\"750\" height=\"420\" \/><\/h4>\n<h4>K\u0131a \u00e7\u0131karaca\u011f\u0131 yeni modelinin isminin &#8216;<strong>stonic<\/strong>&#8216; olaca\u011f\u0131n\u0131 herkese resmen a\u00e7\u0131klad\u0131.<\/h4>\n<\/div>\n<div class=\"sayfaIc\">\n<div class=\"content\">\n<div class=\"info\">G\u00fcney Kore markas\u0131 Kia, yeni \u00e7\u0131k\u0131raca\u011f\u0131 B segmenti\u00a0crossover\u00a0modelin\u00a0ismini\u00a0Stonic olaca\u011f\u0131n\u0131\u00a0resmen a\u00e7\u0131klad\u0131. &#8220;Speedy &#8211; H\u0131zl\u0131&#8221; ve &#8220;Tonic &#8211; Tonik&#8221; kelimelerini birle\u015ftirerek\u00a0olu\u015fturulan kompakt SUV, Kia&#8217;n\u0131n a\u00e7\u0131klamalar\u0131na g\u00f6re olduk\u00e7a \u00e7evik olacak.<\/div>\n<h4>G\u00fcney Koreli \u00fcretici, modelin isminin yan\u0131 s\u0131ra tasar\u0131m\u0131n\u0131 da payla\u015ft\u0131. \u00dc\u00e7 adet dizayn eskizi ile kar\u015f\u0131m\u0131za \u00e7\u0131kan Stonic hem i\u00e7, hem de d\u0131\u015f tasar\u0131m\u0131n\u0131 sergiliyor. Foto\u011fraflardan da g\u00f6r\u00fcld\u00fc\u011f\u00fc \u00fczere Stonic, ayr\u0131k \u00f6n far tasar\u0131m\u0131na sahip\u00a0ilgin\u00e7 g\u00f6r\u00fcn\u00fcml\u00fc Kona&#8217;n\u0131n aksine geleneksel bir tasar\u0131ma sahip olacak.<\/h4>\n<h4><\/h4>\n<h4>Stonic, bu tasar\u0131m \u00e7al\u0131\u015fmalar\u0131nda devasa jantlarla sergilense de,\u00a0Kia\u00a0bunlar\u0131 \u00fcretim modeline ta\u015f\u0131mayacakt\u0131r. Ayn\u0131 durum geri \u00e7ekilen kap\u0131 kollar\u0131 ve arkadaki devasa egzoz \u00e7\u0131k\u0131\u015flar\u0131 i\u00e7in de ge\u00e7erli. Crossover&#8217;\u0131n yol versiyonu b\u00fcy\u00fck ihtimalle daha b\u00fcy\u00fck bir kabine ve yan ayna d\u00fczenine sahip olacakt\u0131r. K\u0131sacas\u0131 burada g\u00f6rd\u00fc\u011f\u00fcn\u00fcz tasar\u0131m \u00e7al\u0131\u015fmas\u0131 kadar haval\u0131 olmayacak. Kia, Stonic modelinin b\u00fcy\u00fck karde\u015fleri\u00a0Sportage ve Sorento&#8217;dan\u00a0baz\u0131 \u00e7izgiler ta\u015f\u0131yaca\u011f\u0131n\u0131 belirtti. Tavan \u00e7izgisi ve arka far d\u00fczeni bu noktada en \u00e7ok dikkat \u00e7eken detaylar.<\/h4>\n<\/div>\n<\/div>\n","protected":false},"excerpt":{"rendered":"<p>K\u0131a \u00e7\u0131karaca\u011f\u0131 yeni modelinin isminin &#8216;stonic&#8216; olaca\u011f\u0131n\u0131 herkese resmen a\u00e7\u0131klad\u0131. G\u00fcney Kore markas\u0131 Kia, yeni \u00e7\u0131k\u0131raca\u011f\u0131 B segmenti\u00a0crossover\u00a0modelin\u00a0ismini\u00a0Stonic olaca\u011f\u0131n\u0131\u00a0resmen a\u00e7\u0131klad\u0131. &#8220;Speedy &#8211; H\u0131zl\u0131&#8221; ve &#8220;Tonic &#8211; Tonik&#8221; kelimelerini birle\u015ftirerek\u00a0olu\u015fturulan kompakt SUV, Kia&#8217;n\u0131n a\u00e7\u0131klamalar\u0131na g\u00f6re olduk\u00e7a \u00e7evik olacak. G\u00fcney Koreli \u00fcretici, modelin isminin yan\u0131 s\u0131ra tasar\u0131m\u0131n\u0131 da payla\u015ft\u0131. \u00dc\u00e7 adet dizayn eskizi ile kar\u015f\u0131m\u0131za \u00e7\u0131kan Stonic [&hellip;]<\/p>\n","protected":false},"author":1,"featured_media":15309,"comment_status":"open","ping_status":"open","sticky":false,"template":"","format":"standard","meta":{"ngg_post_thumbnail":0},"categories":[5215],"tags":[11306,8651,8652,2659,11211],"_links":{"self":[{"href":"https:\/\/emlaktuel.com\/index.php?rest_route=\/wp\/v2\/posts\/15308"}],"collection":[{"href":"https:\/\/emlaktuel.com\/index.php?rest_route=\/wp\/v2\/posts"}],"about":[{"href":"https:\/\/emlaktuel.com\/index.php?rest_route=\/wp\/v2\/types\/post"}],"author":[{"embeddable":true,"href":"https:\/\/emlaktuel.com\/index.php?rest_route=\/wp\/v2\/users\/1"}],"replies":[{"embeddable":true,"href":"https:\/\/emlaktuel.com\/index.php?rest_route=%2Fwp%2Fv2%2Fcomments&post=15308"}],"version-history":[{"count":1,"href":"https:\/\/emlaktuel.com\/index.php?rest_route=\/wp\/v2\/posts\/15308\/revisions"}],"predecessor-version":[{"id":15310,"href":"https:\/\/emlaktuel.com\/index.php?rest_route=\/wp\/v2\/posts\/15308\/revisions\/15310"}],"wp:featuredmedia":[{"embeddable":true,"href":"https:\/\/emlaktuel.com\/index.php?rest_route=\/wp\/v2\/media\/15309"}],"wp:attachment":[{"href":"https:\/\/emlaktuel.com\/index.php?rest_route=%2Fwp%2Fv2%2Fmedia&parent=15308"}],"wp:term":[{"taxonomy":"category","embeddable":true,"href":"https:\/\/emlaktuel.com\/index.php?rest_route=%2Fwp%2Fv2%2Fcategories&post=15308"},{"taxonomy":"post_tag","embeddable":true,"href":"https:\/\/emlaktuel.com\/index.php?rest_route=%2Fwp%2Fv2%2Ftags&post=15308"}],"curies":[{"name":"wp","href":"https:\/\/api.w.org\/{rel}","templated":true}]}}