{"id":15213,"date":"2017-06-05T13:06:17","date_gmt":"2017-06-05T10:06:17","guid":{"rendered":"http:\/\/emlaktuel.com\/?p=15213"},"modified":"2018-07-05T16:46:05","modified_gmt":"2018-07-05T13:46:05","slug":"zuma-bodrum-unlu-dj-dogus-cabakcor-ile-bodrum-eglencelerine-hazirlaniyor","status":"publish","type":"post","link":"https:\/\/emlaktuel.com\/?p=15213","title":{"rendered":"ZUMA BODRUM, \u00dcNL\u00dc DJ DO\u011eU\u015e \u00c7ABAK\u00c7OR \u0130LE BODRUM E\u011eLENCELER\u0130NE HAZIRLANIYOR"},"content":{"rendered":"<h4><img loading=\"lazy\" class=\"size-full wp-image-15214 aligncenter\" src=\"http:\/\/emlaktuel.com\/wp-content\/uploads\/2017\/06\/zuma-bodrum.jpg\" alt=\"\" width=\"2300\" height=\"1100\" \/><\/h4>\n<h4>Ba\u015far\u0131l\u0131 ge\u00e7en 2016 yaz sezonunun ard\u0131ndan, \u00e7a\u011fda\u015f Japon mutfa\u011f\u0131n\u0131n uluslararas\u0131 temsilcisi ve \u00f6d\u00fcll\u00fc restoran\u0131 Zuma, Haziran ay\u0131nda Bodrum\u2019da lezzet tutkunlar\u0131yla tekrar bulu\u015fmaya haz\u0131rlan\u0131yor.<\/h4>\n<h4>Zuma Bodrum, yaz ak\u015famlar\u0131na e\u011flence katacak DJ Do\u011fu\u015f \u00c7abak\u00e7or\u2019un \u00f6zel performanslar\u0131 ile bu sezonun da en g\u00f6zde mekanlar\u0131ndan olacak. \u00c7ald\u0131\u011f\u0131 setleri ve performans\u0131 ile e\u011flence tutkunlar\u0131n\u0131n en g\u00f6zde DJ\u2019leri aras\u0131nda yer alan Do\u011fu\u015f \u00c7abak\u00e7or, elektronik ve house m\u00fczi\u011fi birle\u015ftirip kendi stilini yaratan bir m\u00fczisyen. Uluslararas\u0131 \u00fcnl\u00fc mekanlarda performans g\u00f6steren DJ Do\u011fu\u015f \u00c7abak\u00e7or, her ay yapaca\u011f\u0131 \u00f6zel bir performans ile Zuma Bodrum\u2019un keyifli ambiyans\u0131na kaliteli m\u00fczikleri ile hareket katacak.<\/h4>\n<h4>Zuma Bodrum\u2019un daimi DJ\u2019leri ise hafta i\u00e7i ak\u015famlar\u0131 yer al\u0131rken, Cuma ve Cumartesi g\u00fcnleri canl\u0131 perk\u00fcsyon ve saksafon performanslar\u0131 ile de Bodrum hafta sonlar\u0131n\u0131n tansiyonunu y\u00fckseltecek. Zuma\u2019n\u0131n uluslararas\u0131 m\u00fczik direkt\u00f6r\u00fc Adrien Callier da yaz boyunca s\u00fcrpriz perfonmaslar\u0131 ile farkl\u0131 tarihlerde Bodrum\u2019da olacak.<\/h4>\n<h4>Yal\u0131kavak Palmarina\u2018da yer alan Zuma Bodrum, bu yaz misafirlerine yenilenen dekorasyonu ve benzersiz atmosferi ile \u00e7ok \u00f6zel bir lezzet deneyimi sunacak. Nefes kesici Bodrum manzaras\u0131 e\u015fli\u011finde misafirlerini a\u011f\u0131rlayan Zuma, d\u00fcnyaca bilinen imza lezzetlerini ve kokteyllerini bu yaz da Bodrum\u2019da sunacak.<\/h4>\n<h4>Ba\u015far\u0131l\u0131 \u015fef Rainer Becker taraf\u0131ndan yarat\u0131lan Zuma, otantikli\u011fiyle tan\u0131nan modern Japon mutfa\u011f\u0131ndan lezzetleri, en y\u00fcksek kalitede i\u00e7eriklerle haz\u0131rlay\u0131p sade ve bir o kadar da etkileyici sunumlarla takdim ediyor. Izayaka mutfa\u011f\u0131n\u0131 Bodrum\u2019daki sofistike ve \u015f\u0131k ortam\u0131nda sunan Zuma, payla\u015f\u0131ml\u0131k tabaklar\u0131 ile de benzersiz bir lezzet deneyimi sunuyor.<\/h4>\n<h4><u>Edit\u00f6re not: <\/u><i>Zuma \u0130stanbul, yaz sezonunda \u0130stinyePark\u2019ta misafirlerini a\u011f\u0131rlamaya devam edecek olup, Zuma Pazar brunch\u2019lar\u0131na yaz sezonunda bir s\u00fcre ara verilecektir.<\/i><i><\/i><\/h4>\n<hr \/>\n<h4><strong>Zuma Bodrum<\/strong><\/h4>\n<h4><a>\u00c7\u00f6kertme Cad. No:36, Palmarina<\/a>, Yal\u0131kavak \u2013 Bodrum<\/h4>\n","protected":false},"excerpt":{"rendered":"<p>Ba\u015far\u0131l\u0131 ge\u00e7en 2016 yaz sezonunun ard\u0131ndan, \u00e7a\u011fda\u015f Japon mutfa\u011f\u0131n\u0131n uluslararas\u0131 temsilcisi ve \u00f6d\u00fcll\u00fc restoran\u0131 Zuma, Haziran ay\u0131nda Bodrum\u2019da lezzet tutkunlar\u0131yla tekrar bulu\u015fmaya haz\u0131rlan\u0131yor. Zuma Bodrum, yaz ak\u015famlar\u0131na e\u011flence katacak DJ Do\u011fu\u015f \u00c7abak\u00e7or\u2019un \u00f6zel performanslar\u0131 ile bu sezonun da en g\u00f6zde mekanlar\u0131ndan olacak. \u00c7ald\u0131\u011f\u0131 setleri ve performans\u0131 ile e\u011flence tutkunlar\u0131n\u0131n en g\u00f6zde DJ\u2019leri aras\u0131nda yer alan [&hellip;]<\/p>\n","protected":false},"author":1,"featured_media":15214,"comment_status":"open","ping_status":"open","sticky":false,"template":"","format":"standard","meta":{"ngg_post_thumbnail":0},"categories":[221,5217,97,5388],"tags":[3207,11242,73,11303,11467,7228,7229],"_links":{"self":[{"href":"https:\/\/emlaktuel.com\/index.php?rest_route=\/wp\/v2\/posts\/15213"}],"collection":[{"href":"https:\/\/emlaktuel.com\/index.php?rest_route=\/wp\/v2\/posts"}],"about":[{"href":"https:\/\/emlaktuel.com\/index.php?rest_route=\/wp\/v2\/types\/post"}],"author":[{"embeddable":true,"href":"https:\/\/emlaktuel.com\/index.php?rest_route=\/wp\/v2\/users\/1"}],"replies":[{"embeddable":true,"href":"https:\/\/emlaktuel.com\/index.php?rest_route=%2Fwp%2Fv2%2Fcomments&post=15213"}],"version-history":[{"count":1,"href":"https:\/\/emlaktuel.com\/index.php?rest_route=\/wp\/v2\/posts\/15213\/revisions"}],"predecessor-version":[{"id":15215,"href":"https:\/\/emlaktuel.com\/index.php?rest_route=\/wp\/v2\/posts\/15213\/revisions\/15215"}],"wp:featuredmedia":[{"embeddable":true,"href":"https:\/\/emlaktuel.com\/index.php?rest_route=\/wp\/v2\/media\/15214"}],"wp:attachment":[{"href":"https:\/\/emlaktuel.com\/index.php?rest_route=%2Fwp%2Fv2%2Fmedia&parent=15213"}],"wp:term":[{"taxonomy":"category","embeddable":true,"href":"https:\/\/emlaktuel.com\/index.php?rest_route=%2Fwp%2Fv2%2Fcategories&post=15213"},{"taxonomy":"post_tag","embeddable":true,"href":"https:\/\/emlaktuel.com\/index.php?rest_route=%2Fwp%2Fv2%2Ftags&post=15213"}],"curies":[{"name":"wp","href":"https:\/\/api.w.org\/{rel}","templated":true}]}}