{"id":14928,"date":"2017-06-02T13:32:02","date_gmt":"2017-06-02T10:32:02","guid":{"rendered":"http:\/\/emlaktuel.com\/?p=14928"},"modified":"2018-07-05T16:45:23","modified_gmt":"2018-07-05T13:45:23","slug":"en-iyi-ofis-projesi-secilen-apa-nef-plazada-hayat-basladi","status":"publish","type":"post","link":"https:\/\/emlaktuel.com\/?p=14928","title":{"rendered":"\u2018En iyi ofis projesi\u2019 se\u00e7ilen Apa Nef Plaza\u2019da hayat ba\u015flad\u0131"},"content":{"rendered":"<h4><img loading=\"lazy\" class=\"size-full wp-image-14929 aligncenter\" src=\"http:\/\/emlaktuel.com\/wp-content\/uploads\/2017\/06\/nef-apa.jpg\" alt=\"\" width=\"2300\" height=\"1100\" \/><\/h4>\n<h4>\u0130\u015f d\u00fcnyas\u0131n\u0131n kalbi Levent\u2019te yer alan, LEED Sertifikasyonu ve Foldoffice konsepti ile \u00e7al\u0131\u015fma hayat\u0131na yeni bir soluk getiren Apa Nef Plaza\u2019da hayat ba\u015flad\u0131. D\u00fcnyaca \u00fcnl\u00fc mimarl\u0131k grubu HOK taraf\u0131ndan tasarlanan ve \u2018En iyi ofis projesi\u2019 \u00f6d\u00fcl\u00fcne sahip Apa Nef Plaza, \u015firketlerin yeni merkezi olmay\u0131 hedefliyor.<\/h4>\n<h4>Gayrimenkul sekt\u00f6r\u00fcn\u00fcn lider markas\u0131 Nef\u2019in \u0130stanbul i\u015f d\u00fcnyas\u0131n\u0131n kalbi Levent\u2019te geli\u015ftirdi\u011fi ofis projesi Apa Nef Plaza\u2019da hayat ba\u015flad\u0131. En iyi ofis projesi \u00f6d\u00fcl\u00fcne sahip Apa Nef Plaza\u2019n\u0131n lansman\u0131, gayrimenkul sekt\u00f6r\u00fc temsilcilerinin kat\u0131ld\u0131\u011f\u0131 bir etkinlikle ger\u00e7ekle\u015ftirildi.<\/h4>\n<h4>Nef\u2019in genel merkezini de ta\u015f\u0131d\u0131\u011f\u0131 proje, Kanyon Al\u0131\u015fveri\u015f Merkezi\u2019nin hemen yan\u0131 ba\u015f\u0131nda, B\u00fcy\u00fckdere Caddesi\u2019ne paralel konumuyla dikkat \u00e7ekiyor.<\/h4>\n<h4>Apa Nef Plaza\u2019y\u0131, d\u00fcnyaca \u00fcnl\u00fc mimarl\u0131k ofisi HOK tasarlad\u0131. 6 kat\u0131 otopark olmak \u00fczere 24 kattan olu\u015fan ve 800 metrekareye kadar \u00e7\u0131kabilen kiralanabilir ofis alternatifleriyle Apa Nef Plaza, ulusal ve uluslararas\u0131 markalar\u0131n yeni merkezi olmaya aday.<\/h4>\n<h4>Her bir ofis kat\u0131nda 100 ki\u015finin \u00e7al\u0131\u015fabildi\u011fi, alan verimlili\u011fi ile dikkat \u00e7eken Apa Nef Plaza; ayr\u0131ca d\u00fcnyada tan\u0131n\u0131rl\u0131\u011f\u0131 ve kabul edilebilirli\u011fi en y\u00fcksek ye\u015fil bina sertifikas\u0131 olan LEED Sertifikasyonu\u2019na sahip.<\/h4>\n<h4><strong>Foldoffice ile ofis hayat\u0131n\u0131za e\u011flence kat\u0131n!<\/strong><\/h4>\n<h4>Apa Nef Plaza, bir Nef ke\u015ffi olan Foldoffice konseptine sahip. Bir payla\u015f\u0131m ekonomisi modeli olan ve ihtiyaca g\u00f6re istenilen metrekarelerde ofise sahip olmay\u0131 m\u00fcmk\u00fcn k\u0131lan Foldoffice, yat\u0131r\u0131mc\u0131lar\u0131 ihtiya\u00e7 duymad\u0131klar\u0131 halde daha b\u00fcy\u00fck metrekarelere mecbur kalmaktan kurtar\u0131yor. Ortak kullan\u0131m alanlar\u0131 ve verimlilik saptayan standartlar\u0131 sayesinde sabit giderleri azalt\u0131yor. En b\u00fcy\u00fck ofislerde bile bulunmayan pek \u00e7ok olana\u011f\u0131, t\u00fcm ofislere e\u015fit olarak sunan Foldoffice konsepti; sinema salonu, playstation odas\u0131, oyun ve spor salonlar\u0131 gibi alternatiflerle de ofis \u00e7al\u0131\u015fanlar\u0131na e\u011flenceli bir \u00e7al\u0131\u015fma ortam\u0131 sunuluyor.<\/h4>\n<h4>Foldoffice kapsam\u0131nda, \u015firketlerin en \u00e7ok ihtiyac\u0131 olan e\u011fitim ve seminer odalar\u0131 ile ek toplant\u0131 odalar\u0131n\u0131n da yer Apa Nef Plaza, i\u015f hayat\u0131n\u0131 kolayla\u015ft\u0131ran tasar\u0131m\u0131yla farkl\u0131la\u015f\u0131yor.<\/h4>\n<div>\n<h4><strong>Apa Nef Plaza kiralama ve sat\u0131\u015f ko\u015fullar\u0131 hakk\u0131nda detayl\u0131 bilgi almak i\u00e7in:<\/strong><\/h4>\n<h4>Aremas Commercial Real Estate Marketing Services<\/h4>\n<h4>Melike \u00d6zg\u00f6k\u00e7en<\/h4>\n<h4><a href=\"mailto:melike.ozgokcen@aremas.net\" target=\"_blank\" rel=\"noopener noreferrer\">melike.ozgokcen@aremas.net<\/a><\/h4>\n<h4>0212 283 93 94<\/h4>\n<h4>0544 283 93 96<\/h4>\n<h4><\/h4>\n<\/div>\n","protected":false},"excerpt":{"rendered":"<p>\u0130\u015f d\u00fcnyas\u0131n\u0131n kalbi Levent\u2019te yer alan, LEED Sertifikasyonu ve Foldoffice konsepti ile \u00e7al\u0131\u015fma hayat\u0131na yeni bir soluk getiren Apa Nef Plaza\u2019da hayat ba\u015flad\u0131. D\u00fcnyaca \u00fcnl\u00fc mimarl\u0131k grubu HOK taraf\u0131ndan tasarlanan ve \u2018En iyi ofis projesi\u2019 \u00f6d\u00fcl\u00fcne sahip Apa Nef Plaza, \u015firketlerin yeni merkezi olmay\u0131 hedefliyor. Gayrimenkul sekt\u00f6r\u00fcn\u00fcn lider markas\u0131 Nef\u2019in \u0130stanbul i\u015f d\u00fcnyas\u0131n\u0131n kalbi Levent\u2019te [&hellip;]<\/p>\n","protected":false},"author":1,"featured_media":14929,"comment_status":"open","ping_status":"open","sticky":false,"template":"","format":"standard","meta":{"ngg_post_thumbnail":0},"categories":[221,5217,97,5388],"tags":[11171,1923,5052,98,8566,8570,8568,8567,8569,7839,389,11391,106,751],"_links":{"self":[{"href":"https:\/\/emlaktuel.com\/index.php?rest_route=\/wp\/v2\/posts\/14928"}],"collection":[{"href":"https:\/\/emlaktuel.com\/index.php?rest_route=\/wp\/v2\/posts"}],"about":[{"href":"https:\/\/emlaktuel.com\/index.php?rest_route=\/wp\/v2\/types\/post"}],"author":[{"embeddable":true,"href":"https:\/\/emlaktuel.com\/index.php?rest_route=\/wp\/v2\/users\/1"}],"replies":[{"embeddable":true,"href":"https:\/\/emlaktuel.com\/index.php?rest_route=%2Fwp%2Fv2%2Fcomments&post=14928"}],"version-history":[{"count":1,"href":"https:\/\/emlaktuel.com\/index.php?rest_route=\/wp\/v2\/posts\/14928\/revisions"}],"predecessor-version":[{"id":14930,"href":"https:\/\/emlaktuel.com\/index.php?rest_route=\/wp\/v2\/posts\/14928\/revisions\/14930"}],"wp:featuredmedia":[{"embeddable":true,"href":"https:\/\/emlaktuel.com\/index.php?rest_route=\/wp\/v2\/media\/14929"}],"wp:attachment":[{"href":"https:\/\/emlaktuel.com\/index.php?rest_route=%2Fwp%2Fv2%2Fmedia&parent=14928"}],"wp:term":[{"taxonomy":"category","embeddable":true,"href":"https:\/\/emlaktuel.com\/index.php?rest_route=%2Fwp%2Fv2%2Fcategories&post=14928"},{"taxonomy":"post_tag","embeddable":true,"href":"https:\/\/emlaktuel.com\/index.php?rest_route=%2Fwp%2Fv2%2Ftags&post=14928"}],"curies":[{"name":"wp","href":"https:\/\/api.w.org\/{rel}","templated":true}]}}