{"id":14891,"date":"2017-05-31T13:44:19","date_gmt":"2017-05-31T10:44:19","guid":{"rendered":"http:\/\/emlaktuel.com\/?p=14891"},"modified":"2018-07-05T16:44:49","modified_gmt":"2018-07-05T13:44:49","slug":"kartal-wingsten-unutulan-mahalle-yasamina-geri-donus","status":"publish","type":"post","link":"https:\/\/emlaktuel.com\/?p=14891","title":{"rendered":"Kartal Wings\u2019ten unutulan mahalle ya\u015fam\u0131na geri d\u00f6n\u00fc\u015f"},"content":{"rendered":"<div id=\"breadcrumb\"><\/div>\n<div id=\"singleContent\" class=\"reading\">\n<h4><img loading=\"lazy\" class=\"alignleft size-full wp-image-14892\" src=\"http:\/\/emlaktuel.com\/wp-content\/uploads\/2017\/05\/kartal-wings-2.jpg\" alt=\"\" width=\"2300\" height=\"1100\" \/><\/h4>\n<h4><strong>Kartal\u2019\u0131n iddial\u0131 projeleri aras\u0131nda yer alan Kartal Wings, mimari tasar\u0131m\u0131 ve \u00e7evre dokusuyla, unutulan mahalle ya\u015fam\u0131n\u0131 geri getiriyor. \u00dc\u00e7 blok olarak tasarlanan projedeki dairelerin %80\u2019i kapanmaz Adalar manzaras\u0131na sahip bulunuyor. 8.500 metrekaresi ye\u015fil alana ayr\u0131lan, \u00e7at\u0131 katlar\u0131 seyir teras\u0131 olarak tasarlanan, g\u00fcnl\u00fck ihtiya\u00e7lar i\u00e7in semt \u00e7ar\u015f\u0131s\u0131 olu\u015fturulan projedeki daireler geni\u015f \u00f6l\u00e7eklerde planlan\u0131yor.<\/strong><\/h4>\n<h4><strong>Amad Gayrimenkul<\/strong> ve <strong>Umran Yap\u0131<\/strong> ortakl\u0131\u011f\u0131 ile in\u015faat\u0131 ger\u00e7ekle\u015ftirilen <strong>Kartal Wings<\/strong> projesinde, unutulan mahalle ya\u015fam\u0131na geri d\u00f6n\u00fcl\u00fcyor. <strong>Kartal Wings<\/strong>\u2019in mimar\u0131 <strong>Cem Bender<\/strong>, sakin bir mahalle ortam\u0131 olu\u015fturduklar\u0131n\u0131, projeyi \u00fc\u00e7 blok olarak tasarlay\u0131p, birbirlerine engel olmayacak \u015fekilde konumland\u0131rd\u0131klar\u0131n\u0131 belirtiyor. <strong>Bender<\/strong>, bu konumlama sayesinde dairelerin %80\u2019inin kapanmaz Adalar manzaras\u0131na sahip oldu\u011funu ifade ediyor.<\/h4>\n<h3><strong>Ye\u015fil alan bu projede olduk\u00e7a fazla<\/strong><\/h3>\n<h4>Projeyi 12 d\u00f6n\u00fcm geni\u015f bir arazi \u00fczerinde in\u015fa ettiklerini belirten <strong>Bender<\/strong>, 8.500 metrekareyi ise ye\u015fil alana ay\u0131rd\u0131klar\u0131n\u0131 kaydediyor. Ye\u015fil alanda y\u00fcr\u00fcy\u00fc\u015f alanlar\u0131, a\u00e7\u0131k ve kapal\u0131 y\u00fczme havuzu, kafeterya, iki sauna, iki Fin hamam\u0131, spor salonu, basketbol ve tenis kortu ile a\u00e7\u0131k ve kapal\u0131 \u00e7ocuk park\u0131na yer verdiklerini s\u00f6yleyen <strong>Bender<\/strong>, kurgulad\u0131klar\u0131 mahalle dokusu sayesinde eskinin kom\u015fuluk ili\u015fkilerini geri getirmeyi ama\u00e7lad\u0131klar\u0131n\u0131 belirtiyor. <strong>Bender<\/strong>, <strong>Kartal Wings<\/strong>\u2019te \u00e7evreyle ili\u015fki i\u00e7inde mimari bir form olu\u015fturduklar\u0131n\u0131 ifade ederek, bu yakla\u015f\u0131m\u0131n b\u00f6lgede bir ilk oldu\u011funun alt\u0131n\u0131 \u00e7iziyor.<\/h4>\n<h3><strong>\u00c7at\u0131lar seyir teraslar\u0131 ile zenginle\u015ftirilmi\u015f<\/strong><\/h3>\n<h4><strong>Kartal Wings<\/strong>\u2019in \u00e7at\u0131 katlar\u0131n\u0131 dubleks daireler olarak tasarlamay\u0131p seyir teras\u0131 olarak dizayn ettiklerini belirten <strong>Bender<\/strong>, bu sayede seyir teraslar\u0131n\u0131n da, site sakinlerinin g\u00fczel vakit ge\u00e7irebilece\u011fi sosyal ortamlar haline geldi\u011fini ifade ediyor. Projede geni\u015f metrekare aral\u0131klar\u0131 ve daire tipleri oldu\u011funu s\u00f6yleyen <strong>Bender<\/strong>, 1+1 dairelerin 82-143 m<sup>2<\/sup>, 2+1 dairelerin 109-170 m<sup>2<\/sup>, 3+1 dairelerin 158-248 m<sup>2<\/sup>, 4+1 dairelerin 223 m<sup>2 <\/sup>ve 5+2 loft dairelerin 363-397 m<sup>2 <\/sup>br\u00fct b\u00fcy\u00fckl\u00fcklere sahip oldu\u011funu belirtiyor.<\/h4>\n<h4>Projede ayr\u0131ca 9 ticari birime yer verdiklerini kaydeden <strong>Bender<\/strong>, kurgulad\u0131klar\u0131 mahalle \u00e7ar\u015f\u0131s\u0131n\u0131n konut sakinlerinin g\u00fcnl\u00fck ihtiya\u00e7lar\u0131n\u0131 kar\u015f\u0131layacak nitelikte oldu\u011funu belirtiyor.<\/h4>\n<\/div>\n","protected":false},"excerpt":{"rendered":"<p>Kartal\u2019\u0131n iddial\u0131 projeleri aras\u0131nda yer alan Kartal Wings, mimari tasar\u0131m\u0131 ve \u00e7evre dokusuyla, unutulan mahalle ya\u015fam\u0131n\u0131 geri getiriyor. \u00dc\u00e7 blok olarak tasarlanan projedeki dairelerin %80\u2019i kapanmaz Adalar manzaras\u0131na sahip bulunuyor. 8.500 metrekaresi ye\u015fil alana ayr\u0131lan, \u00e7at\u0131 katlar\u0131 seyir teras\u0131 olarak tasarlanan, g\u00fcnl\u00fck ihtiya\u00e7lar i\u00e7in semt \u00e7ar\u015f\u0131s\u0131 olu\u015fturulan projedeki daireler geni\u015f \u00f6l\u00e7eklerde planlan\u0131yor. Amad Gayrimenkul ve [&hellip;]<\/p>\n","protected":false},"author":1,"featured_media":14892,"comment_status":"open","ping_status":"open","sticky":false,"template":"","format":"standard","meta":{"ngg_post_thumbnail":0},"categories":[221,5217,219,97,5388],"tags":[11192,11296,11427,11104,109,8145,8148,8147,8146,11198,106,75],"_links":{"self":[{"href":"https:\/\/emlaktuel.com\/index.php?rest_route=\/wp\/v2\/posts\/14891"}],"collection":[{"href":"https:\/\/emlaktuel.com\/index.php?rest_route=\/wp\/v2\/posts"}],"about":[{"href":"https:\/\/emlaktuel.com\/index.php?rest_route=\/wp\/v2\/types\/post"}],"author":[{"embeddable":true,"href":"https:\/\/emlaktuel.com\/index.php?rest_route=\/wp\/v2\/users\/1"}],"replies":[{"embeddable":true,"href":"https:\/\/emlaktuel.com\/index.php?rest_route=%2Fwp%2Fv2%2Fcomments&post=14891"}],"version-history":[{"count":1,"href":"https:\/\/emlaktuel.com\/index.php?rest_route=\/wp\/v2\/posts\/14891\/revisions"}],"predecessor-version":[{"id":14893,"href":"https:\/\/emlaktuel.com\/index.php?rest_route=\/wp\/v2\/posts\/14891\/revisions\/14893"}],"wp:featuredmedia":[{"embeddable":true,"href":"https:\/\/emlaktuel.com\/index.php?rest_route=\/wp\/v2\/media\/14892"}],"wp:attachment":[{"href":"https:\/\/emlaktuel.com\/index.php?rest_route=%2Fwp%2Fv2%2Fmedia&parent=14891"}],"wp:term":[{"taxonomy":"category","embeddable":true,"href":"https:\/\/emlaktuel.com\/index.php?rest_route=%2Fwp%2Fv2%2Fcategories&post=14891"},{"taxonomy":"post_tag","embeddable":true,"href":"https:\/\/emlaktuel.com\/index.php?rest_route=%2Fwp%2Fv2%2Ftags&post=14891"}],"curies":[{"name":"wp","href":"https:\/\/api.w.org\/{rel}","templated":true}]}}