{"id":14865,"date":"2017-05-30T14:15:19","date_gmt":"2017-05-30T11:15:19","guid":{"rendered":"http:\/\/emlaktuel.com\/?p=14865"},"modified":"2018-07-05T16:44:34","modified_gmt":"2018-07-05T13:44:34","slug":"ceylan-insaattan-90-aya-0-faiz-firsati","status":"publish","type":"post","link":"https:\/\/emlaktuel.com\/?p=14865","title":{"rendered":"Ceylan \u0130n\u015faat&#8217;tan &#8217;90 aya 0 faiz&#8217; f\u0131rsat\u0131"},"content":{"rendered":"<div>\n<div id=\"haberdetaybaslik\">\n<h4><img loading=\"lazy\" class=\"alignleft size-full wp-image-14866\" src=\"http:\/\/emlaktuel.com\/wp-content\/uploads\/2017\/05\/ceylan-ins\u0327aat.jpg\" alt=\"\" width=\"2300\" height=\"1100\" \/><\/h4>\n<h4><\/h4>\n<h4>T\u00fcrkiye&#8217;de 1994 y\u0131l\u0131nda ilk defa vade farks\u0131z konut sat\u0131\u015f\u0131n\u0131n ba\u015flang\u0131c\u0131n\u0131 yapan Ceylan \u0130n\u015faat, \u015fimdi devam eden 7 projesinde ki\u015fiye \u00f6zel \u00f6deme se\u00e7enekleri ile\u00a0birlikte 90 ay \u00f6deme i\u00e7in ise s\u0131f\u0131r faiz uygulamas\u0131na ba\u015flad\u0131&#8230;<\/h4>\n<\/div>\n<\/div>\n<div>\n<h4><strong>Ceylan \u0130n\u015faat&#8217;\u0131n<\/strong>\u00a0Avrupa Yakas\u0131nda\u00a0devam eden projelerinden\u00a0<strong>Zer Mecidiyek\u00f6y<\/strong>, <strong>Zer Levent<\/strong> ve <strong>Zer Bak\u0131rk\u00f6y<\/strong>\u00a0ile Anadolu Yakas\u0131nda\u00a0devam eden\u00a0<strong>Zer Bostanc\u0131<\/strong>, <strong>Zer Muhte\u015fem Yeni Y\u0131l Konutlar\u0131<\/strong>, <strong>Zer G\u00f6ztepe<\/strong> ve <strong>Zer Kartal<\/strong> projelerinde yeni bir kampanyaya ba\u015flad\u0131. 1994 y\u0131l\u0131nda vade farks\u0131z senet ile yapm\u0131\u015f oldu\u011fu\u00a0sat\u0131\u015flarla T\u00fcrkiye&#8217;de ilk defa &#8216;0 faiz&#8217; uygulamas\u0131n\u0131 hayata ge\u00e7iren\u00a0Ceylan \u0130n\u015faat\u00a0\u015fimdi de 7 projesinde<strong> &#8217;90 ay 0 faiz&#8217; <\/strong>f\u0131rsatlar\u0131n\u0131 sunmaya ba\u015flad\u0131.<\/h4>\n<\/div>\n","protected":false},"excerpt":{"rendered":"<p>T\u00fcrkiye&#8217;de 1994 y\u0131l\u0131nda ilk defa vade farks\u0131z konut sat\u0131\u015f\u0131n\u0131n ba\u015flang\u0131c\u0131n\u0131 yapan Ceylan \u0130n\u015faat, \u015fimdi devam eden 7 projesinde ki\u015fiye \u00f6zel \u00f6deme se\u00e7enekleri ile\u00a0birlikte 90 ay \u00f6deme i\u00e7in ise s\u0131f\u0131r faiz uygulamas\u0131na ba\u015flad\u0131&#8230; Ceylan \u0130n\u015faat&#8217;\u0131n\u00a0Avrupa Yakas\u0131nda\u00a0devam eden projelerinden\u00a0Zer Mecidiyek\u00f6y, Zer Levent ve Zer Bak\u0131rk\u00f6y\u00a0ile Anadolu Yakas\u0131nda\u00a0devam eden\u00a0Zer Bostanc\u0131, Zer Muhte\u015fem Yeni Y\u0131l Konutlar\u0131, Zer G\u00f6ztepe ve [&hellip;]<\/p>\n","protected":false},"author":1,"featured_media":14866,"comment_status":"open","ping_status":"open","sticky":false,"template":"","format":"standard","meta":{"ngg_post_thumbnail":0},"categories":[221,26,5217,97,5388],"tags":[6597,8545,278,67,80,11335,4474,11102,11116,8548,9462,8547,8546],"_links":{"self":[{"href":"https:\/\/emlaktuel.com\/index.php?rest_route=\/wp\/v2\/posts\/14865"}],"collection":[{"href":"https:\/\/emlaktuel.com\/index.php?rest_route=\/wp\/v2\/posts"}],"about":[{"href":"https:\/\/emlaktuel.com\/index.php?rest_route=\/wp\/v2\/types\/post"}],"author":[{"embeddable":true,"href":"https:\/\/emlaktuel.com\/index.php?rest_route=\/wp\/v2\/users\/1"}],"replies":[{"embeddable":true,"href":"https:\/\/emlaktuel.com\/index.php?rest_route=%2Fwp%2Fv2%2Fcomments&post=14865"}],"version-history":[{"count":1,"href":"https:\/\/emlaktuel.com\/index.php?rest_route=\/wp\/v2\/posts\/14865\/revisions"}],"predecessor-version":[{"id":14867,"href":"https:\/\/emlaktuel.com\/index.php?rest_route=\/wp\/v2\/posts\/14865\/revisions\/14867"}],"wp:featuredmedia":[{"embeddable":true,"href":"https:\/\/emlaktuel.com\/index.php?rest_route=\/wp\/v2\/media\/14866"}],"wp:attachment":[{"href":"https:\/\/emlaktuel.com\/index.php?rest_route=%2Fwp%2Fv2%2Fmedia&parent=14865"}],"wp:term":[{"taxonomy":"category","embeddable":true,"href":"https:\/\/emlaktuel.com\/index.php?rest_route=%2Fwp%2Fv2%2Fcategories&post=14865"},{"taxonomy":"post_tag","embeddable":true,"href":"https:\/\/emlaktuel.com\/index.php?rest_route=%2Fwp%2Fv2%2Ftags&post=14865"}],"curies":[{"name":"wp","href":"https:\/\/api.w.org\/{rel}","templated":true}]}}