{"id":14843,"date":"2017-05-30T12:15:50","date_gmt":"2017-05-30T09:15:50","guid":{"rendered":"http:\/\/emlaktuel.com\/?p=14843"},"modified":"2018-07-05T16:44:18","modified_gmt":"2018-07-05T13:44:18","slug":"insaat-sektorune-buyuk-mujde","status":"publish","type":"post","link":"https:\/\/emlaktuel.com\/?p=14843","title":{"rendered":"\u0130n\u015faat sekt\u00f6r\u00fcne b\u00fcy\u00fck m\u00fcjde!"},"content":{"rendered":"<h4 class=\"news-detail-title selectionShareable\"><img loading=\"lazy\" class=\"alignleft size-full wp-image-14848\" src=\"http:\/\/emlaktuel.com\/wp-content\/uploads\/2017\/05\/ins\u0327aat-demiri.jpg\" alt=\"\" width=\"2300\" height=\"1100\" \/><\/h4>\n<h4 class=\"topP\">Son 4 ayda s\u00fcrekli\u00a0artan demir fiyatlar\u0131ndan dertli\u00a0olan m\u00fcteahhitler, \u00e7elik fiyatlar\u0131nda d\u00fc\u015fme olmaz ise bir \u00e7ok projede yava\u015flama durma ya\u015fanaca\u011f\u0131n\u0131 belirtiler. \u0130n\u015faat demiri ile\u00a0ilgili a\u00e7\u0131klamalarda bulunan gayrimenkul sekt\u00f6r\u00fcn\u00fcn \u00f6nde gelen temsilcileri ise fiyatlar\u0131n k\u0131sa s\u00fcrede d\u00fc\u015fece\u011finin m\u00fcjdesini verdiler.<\/h4>\n<h4 class=\"soc2 nmobilw\">\u0130n\u015faat demiri fiyat art\u0131\u015flar\u0131ndan M\u00fcteahhitler \u015fikayet\u00e7i. Piyasada demir\u00a0bulmakta zorland\u0131klar\u0131n\u0131 her defas\u0131nda dile getiren m\u00fcteahhitler i\u015flerin yava\u015flad\u0131\u011f\u0131n\u0131 dile getirdiler.<\/h4>\n<div>\n<h4>Gayrimenkul sekt\u00f6r\u00fcn\u00fcn \u00f6nde gelen temsilcileri in\u015faat demiri krizi ile ilgili yapt\u0131\u011f\u0131 a\u00e7\u0131klamalarda ise demircilik sekt\u00f6r\u00fcnde kapasite kullan\u0131m oranlar\u0131n\u0131n y\u00fczde 56&#8217;ya d\u00fc\u015ft\u00fc\u011f\u00fcn\u00fc, bundan dolay\u0131 baz\u0131 s\u0131k\u0131nt\u0131lar ya\u015fand\u0131\u011f\u0131n\u0131 ama\u00a0fiyatlar\u0131n tekrar yeniden d\u00fc\u015fme e\u011filiminde oldu\u011funu s\u00f6ylediler.<\/h4>\n<h4><\/h4>\n<h3>Demir borsa gibidir iner ve \u00e7\u0131kar<\/h3>\n<h4><img loading=\"lazy\" class=\"size-full wp-image-14844 aligncenter\" src=\"http:\/\/emlaktuel.com\/wp-content\/uploads\/2017\/05\/NDMzNTY4Mz-insaat-sektorune-mujde.jpg\" alt=\"\" width=\"600\" height=\"350\" \/><\/h4>\n<h4>Avrupa Konutlar\u0131 Y\u00f6netim Kurulu Ba\u015fkan\u0131 S\u00fcleyman \u00c7etinsaya konuyla ilgili olarak &#8220;Demir borsa gibidir iner, \u00e7\u0131kar. Fiyat\u0131 artabilirde, d\u00fc\u015febilirde. Ama\u00a0bizim in\u015faat sekt\u00f6r\u00fc olarak i\u015fi b\u0131rakmak gibi bir l\u00fcks\u00fcm\u00fcz olamaz. \u00d6yle bir \u015fey yapamay\u0131z, \u00e7\u00fcnk\u00fc m\u00fc\u015fterilerimize taahh\u00fctlerimiz var&#8221; \u015feklinde g\u00f6r\u00fc\u015flerini belirtti.<\/h4>\n<h3>16 Nisan referandumundan sonra i\u00e7 piyasa hareketlendi<\/h3>\n<h4><img loading=\"lazy\" class=\"size-full wp-image-14845 aligncenter\" src=\"http:\/\/emlaktuel.com\/wp-content\/uploads\/2017\/05\/OTYzODg1MD-insaat-sektorune-mujde.jpg\" alt=\"\" width=\"637\" height=\"359\" \/><\/h4>\n<h4>\u0130stanbul \u0130n\u015faat\u00e7\u0131lar Derne\u011fi (\u0130NDER) Ba\u015fkan\u0131 ve Teknik Yap\u0131 Y\u00f6netim Kurulu Ba\u015fkan\u0131 Nazmi Durbakay\u0131m ise konuyla ilgili olarak &#8221; T\u00fcrkiye\u2019de demirde kapasite \u00e7ok y\u00fcksek. Talebin \u00fczerinde arz oluyor. Bu y\u00fczden haddaneler \u00fcretimin belli bir k\u0131sm\u0131n\u0131 ihra\u00e7 ediyor. Yak\u0131n zamana kadar T\u00fcrkiye\u2019de demir \u00fcretimi o kadar boldu ki, biz in\u015faat firmalar\u0131 olarak normalde 1 ay \u00f6ncesinden sipari\u015f vermemiz gerekirken, nas\u0131l olsa haz\u0131rda \u00e7ok var diye 3 g\u00fcn kala sipari\u015f vermeye ba\u015flam\u0131\u015ft\u0131k. Referandum \u00f6ncesi i\u00e7 piyasa biraz durgunla\u015ft\u0131. \u0130hracattaki d\u00fc\u015f\u00fc\u015f de buna eklenince baz\u0131 haddaneler \u00fcretimi ge\u00e7ici olarak durdurdu. Ama referandumdan sonra i\u00e7 piyasa tekrar hareketlendi, ihracat da artt\u0131. Ans\u0131z\u0131n gelen yo\u011fun talep dengeyi bozdu. Sipari\u015f s\u00fcreleri, 3 g\u00fcnden tekrar 15-20 g\u00fcne, 1 aya \u00e7\u0131kt\u0131. Ancak talep art\u0131nca bu haddaneler tekrar \u00fcretime ge\u00e7ti. Yani iddia edildi\u011fi gibi bir arz s\u0131k\u0131nt\u0131s\u0131 s\u00f6z konusu de\u011fil. Sadece sipari\u015f s\u00fcresi uzad\u0131. Orta \u00e7apl\u0131 bir \u015fantiyede dahi belli miktarda stok vard\u0131r. \u00c7ocuk oyunca\u011f\u0131 m\u0131 bu&#8230; Demirde g\u00f6r\u00fcnen fiyat art\u0131\u015f\u0131 da suni bir art\u0131\u015f. G\u00f6receksiniz ki 15 g\u00fcn i\u00e7inde hem demir fiyatlar\u0131 gerileyecek hem de sipari\u015f s\u00fcresi tekrar k\u0131salacakt\u0131r. K\u0131sa s\u00fcre \u00f6nce betonla ilgili de baz\u0131 spek\u00fclasyonlar oldu. \u015eimdi beton fiyat\u0131 da d\u00fc\u015ft\u00fc\u201d diye\u00a0g\u00f6r\u00fc\u015flerini belirtti.<\/h4>\n<h3>\u015eu an olmas\u0131 gereken demir fiyat\u0131 1.7 TLdir<\/h3>\n<h4><img loading=\"lazy\" class=\"size-full wp-image-14846 aligncenter\" src=\"http:\/\/emlaktuel.com\/wp-content\/uploads\/2017\/05\/MzIxODcxOT-insaat-sektorune-mujde.jpg\" alt=\"\" width=\"800\" height=\"500\" \/><\/h4>\n<h4>KONUTDER Ba\u015fkan\u0131 ve Sur Yap\u0131 Y\u00f6netim Kurulu Ba\u015fkan\u0131 Altan Elmas&#8217;da konu ile ilgili olarak &#8220;&#8221;Ortada m\u00fcdahale edilmesi gereken bir durum var. Acil\u00a0olarak kapasite kullan\u0131m oranlar\u0131 art\u0131r\u0131lmal\u0131. Dolar kuruyla olmas\u0131 gereken demir fiyat\u0131 \u015fu an 1.7 TL seviyesidir&#8221; dedi.<\/h4>\n<h3>Rakamlar d\u00fc\u015fme e\u011filimde<\/h3>\n<h4><img loading=\"lazy\" class=\"size-full wp-image-14847 aligncenter\" src=\"http:\/\/emlaktuel.com\/wp-content\/uploads\/2017\/05\/NzAxNzM1Nz-insaat-sektorune-mujde.jpg\" alt=\"\" width=\"625\" height=\"313\" \/><\/h4>\n<h4>Egeyap\u0131 Y\u00f6netim Kurulu Ba\u015fkan\u0131 \u0130nan\u00e7 Kabaday\u0131 &#8220;Biz firma olarak genelde planlamalar\u0131m\u0131z\u0131 uzun vadeli olarak yapt\u0131\u011f\u0131m\u0131z i\u00e7in \u015fu ana kadar demir temininde bir s\u0131k\u0131nt\u0131 ya\u015famad\u0131k. Ama\u00a0sekt\u00f6rden temin s\u00fcresinin 30-40 g\u00fcne kadar \u00e7\u0131kabildi\u011fini duyuyoruz. Sekt\u00f6r\u00fc temin s\u00fcresinden daha \u00e7ok\u00a0fiyat art\u0131\u015flar\u0131 etkiliyor. Demirin ton ba\u015f\u0131na 500 TL&#8217;lk bir fiyat fark\u0131 s\u00f6z konusu. Ama ald\u0131\u011f\u0131m\u0131z duyumlar da bu rakamlar\u0131n d\u00fc\u015fme e\u011filimine girdi\u011fi g\u00f6steriyor&#8221; \u015feklinde konu\u015ftu.<\/h4>\n<h4><\/h4>\n<\/div>\n","protected":false},"excerpt":{"rendered":"<p>Son 4 ayda s\u00fcrekli\u00a0artan demir fiyatlar\u0131ndan dertli\u00a0olan m\u00fcteahhitler, \u00e7elik fiyatlar\u0131nda d\u00fc\u015fme olmaz ise bir \u00e7ok projede yava\u015flama durma ya\u015fanaca\u011f\u0131n\u0131 belirtiler. \u0130n\u015faat demiri ile\u00a0ilgili a\u00e7\u0131klamalarda bulunan gayrimenkul sekt\u00f6r\u00fcn\u00fcn \u00f6nde gelen temsilcileri ise fiyatlar\u0131n k\u0131sa s\u00fcrede d\u00fc\u015fece\u011finin m\u00fcjdesini verdiler. \u0130n\u015faat demiri fiyat art\u0131\u015flar\u0131ndan M\u00fcteahhitler \u015fikayet\u00e7i. Piyasada demir\u00a0bulmakta zorland\u0131klar\u0131n\u0131 her defas\u0131nda dile getiren m\u00fcteahhitler i\u015flerin yava\u015flad\u0131\u011f\u0131n\u0131 dile getirdiler. [&hellip;]<\/p>\n","protected":false},"author":1,"featured_media":0,"comment_status":"open","ping_status":"open","sticky":false,"template":"","format":"standard","meta":{"ngg_post_thumbnail":0},"categories":[221,26,5217,97],"tags":[1923,67,8540,8539,8493,8538,11239,1258,80,11087,556,11442],"_links":{"self":[{"href":"https:\/\/emlaktuel.com\/index.php?rest_route=\/wp\/v2\/posts\/14843"}],"collection":[{"href":"https:\/\/emlaktuel.com\/index.php?rest_route=\/wp\/v2\/posts"}],"about":[{"href":"https:\/\/emlaktuel.com\/index.php?rest_route=\/wp\/v2\/types\/post"}],"author":[{"embeddable":true,"href":"https:\/\/emlaktuel.com\/index.php?rest_route=\/wp\/v2\/users\/1"}],"replies":[{"embeddable":true,"href":"https:\/\/emlaktuel.com\/index.php?rest_route=%2Fwp%2Fv2%2Fcomments&post=14843"}],"version-history":[{"count":1,"href":"https:\/\/emlaktuel.com\/index.php?rest_route=\/wp\/v2\/posts\/14843\/revisions"}],"predecessor-version":[{"id":14849,"href":"https:\/\/emlaktuel.com\/index.php?rest_route=\/wp\/v2\/posts\/14843\/revisions\/14849"}],"wp:attachment":[{"href":"https:\/\/emlaktuel.com\/index.php?rest_route=%2Fwp%2Fv2%2Fmedia&parent=14843"}],"wp:term":[{"taxonomy":"category","embeddable":true,"href":"https:\/\/emlaktuel.com\/index.php?rest_route=%2Fwp%2Fv2%2Fcategories&post=14843"},{"taxonomy":"post_tag","embeddable":true,"href":"https:\/\/emlaktuel.com\/index.php?rest_route=%2Fwp%2Fv2%2Ftags&post=14843"}],"curies":[{"name":"wp","href":"https:\/\/api.w.org\/{rel}","templated":true}]}}