{"id":14826,"date":"2017-05-29T17:02:43","date_gmt":"2017-05-29T14:02:43","guid":{"rendered":"http:\/\/emlaktuel.com\/?p=14826"},"modified":"2018-07-05T16:44:09","modified_gmt":"2018-07-05T13:44:09","slug":"6-gayrimenkulde-liderler-zirvesinde-gayrimenkulde-yeni-finansman-modelleri-degerlendirildi","status":"publish","type":"post","link":"https:\/\/emlaktuel.com\/?p=14826","title":{"rendered":"\u201c6. Gayrimenkulde Liderler Zirvesi\u201dnde Gayrimenkulde Yeni Finansman Modelleri De\u011ferlendirildi"},"content":{"rendered":"<h4><img loading=\"lazy\" class=\"alignleft size-full wp-image-14828\" src=\"http:\/\/emlaktuel.com\/wp-content\/uploads\/2017\/05\/gayrimenkul.jpg\" alt=\"\" width=\"2300\" height=\"1100\" \/><\/h4>\n<h4><strong>Gayrimenkul sekt\u00f6r\u00fcnde konsept projelerin lideri Sinpa\u015f GYO\u2019nun da ana sponsorlar aras\u0131nda yer ald\u0131\u011f\u0131 \u201c6. Gayrimenkulde Liderler Zirvesi\u201dnde, in\u015faat ve gayrimenkul d\u00fcnyas\u0131n\u0131n yat\u0131r\u0131m ve finansman sorunlar\u0131 tart\u0131\u015f\u0131ld\u0131. Sinpa\u015f GYO Genel M\u00fcd\u00fcr\u00fc Seba Gacemer: <\/strong><strong>\u201cGayrimenkul\u00fcn y\u0131ld\u0131z\u0131 \u0130ngiltere\u2019de 36 GYO olmas\u0131na ra\u011fmen 56 milyar Euro i\u015flem hacmi var. Bizde ise 30 GYO\u2019nun 6 milyar Euro piyasa hacmi bulunuyor. Bu bizim geli\u015ftirmemiz gereken bir nokta. Say\u0131dan ziyade etkinlik ve verimlilik \u00f6nem ta\u015f\u0131yor.\u201d<\/strong><\/h4>\n<h4>\u0130stanbul\u2019da ger\u00e7ekle\u015ftirilen \u201c6. Gayrimenkulde Liderler Zirvesi\u201d, Gayrimenkul, in\u015faat, gayrimenkul yat\u0131r\u0131m ortakl\u0131klar\u0131, portf\u00f6y y\u00f6netimi ve bankac\u0131l\u0131k ile gayrimenkul de\u011ferleme sekt\u00f6r\u00fcnden \u00e7ok say\u0131da \u00f6nemli ismi bir araya getirdi. Ana temas\u0131 <strong>\u201cTicari ve Alternatif Gayrimenkulde Farkl\u0131l\u0131k Yaratmak\u201d<\/strong> olan ve 3 ana oturumdan olu\u015fan zirvede a\u011f\u0131rl\u0131kl\u0131 olarak gayrimenkul, yat\u0131r\u0131m ve finans\u0131 konular\u0131 ele al\u0131nd\u0131. T\u00fcrkiye\u2019nin gayrimenkul piyasas\u0131n\u0131 daha da b\u00fcy\u00fct\u00fcp geli\u015ftirebilmesi i\u00e7in nelerin yap\u0131lmas\u0131 gerekti\u011fi tart\u0131\u015f\u0131ld\u0131.<\/h4>\n<h3><strong>Gayrimenkulde Fark Yaratanlar Kazan\u0131yor<\/strong><\/h3>\n<h4>Zirvenin ilk oturumunda <strong>\u201cTicari ve Alternatif Gayrimenkul Yat\u0131r\u0131mlar\u0131nda Farkl\u0131l\u0131k Yaratman\u0131n \u00d6nemi\u201d<\/strong> ele al\u0131nd\u0131. Oturumda, in\u015faat ve gayrimenkul sekt\u00f6r\u00fcndeki standartlar\u0131n y\u00fckseldi\u011fi belirtilerek, al\u0131c\u0131 ve yat\u0131r\u0131mc\u0131lar\u0131n ayn\u0131 y\u00f6nde projeler aras\u0131nda tercih yapmak durumunda kald\u0131\u011f\u0131 bir ortamda ba\u015far\u0131 i\u00e7in fark yaratman\u0131n \u00f6nemi vurguland\u0131. \u00d6zellikle yabanc\u0131 yat\u0131r\u0131mc\u0131lar\u0131n tema, kalite ve vizyonuyla fark yaratan projelere y\u00f6neldi\u011fi ve sat\u0131n ald\u0131\u011f\u0131 belirtilerek farkl\u0131l\u0131k yaratamayan ticari gayrimenkullerin sat\u0131\u015f ve kiralanmas\u0131nda ciddi g\u00fc\u00e7l\u00fcklerle kar\u015f\u0131la\u015f\u0131ld\u0131\u011f\u0131 ifade edildi.<\/h4>\n<h4>6. Gayrimenkulde Liderler Zirvesi&#8217;nin 2. Oturumunun ana ba\u015fl\u0131\u011f\u0131 ise, <strong>\u201cTicari ve Alternatif Gayrimenkul Finansman\u0131n\u0131n \u00d6nemi ve Sekt\u00f6re Olan Katk\u0131lar\u0131\u201d<\/strong> oldu. Gayrimenkul Yat\u0131r\u0131m Ortakl\u0131klar\u0131n\u0131n yat\u0131r\u0131m ve finansman modelleri \u00fczerine de\u011ferlendirmelerde bulunan <strong>Sinpa\u015f GYO Genel M\u00fcd\u00fcr\u00fc Seba Gacemer,<\/strong> ticari ve alternatif gayrimenkul finansman\u0131n\u0131n \u00f6nemi ve sekt\u00f6re olan katk\u0131lar\u0131n\u0131 anlatt\u0131.<\/h4>\n<h3><strong>Seba Gacemer: Gayrimenkul sertifikas\u0131 daha \u00e7ok pazarlanmal\u0131<\/strong><\/h3>\n<h4>Sinpa\u015f olarak her zaman \u015feffaf bir y\u00f6netim anlay\u0131\u015f\u0131na sahip olduklar\u0131na dikkat \u00e7eken Seba Gacemer, bunun sekt\u00f6r a\u00e7\u0131s\u0131ndan da bir zorunluluk oldu\u011funun alt\u0131n\u0131 \u00e7izdi. Finansman modeli olarak son d\u00f6nemde \u00f6ne \u00e7\u0131kan gayrimenkul sertifikalar\u0131na de\u011finen Gacemer, bu modelin \u00e7ok daha fazla pazarlamaya ihtiyac\u0131 oldu\u011funu vurgulayarak \u015f\u00f6yle konu\u015ftu:<\/h4>\n<h4>\u201cGayrimenkul sertifikalar\u0131 proje finansman\u0131nda son derece \u00f6nemli\u2026 O projeden bir milyon on milyon veremeyenlerin faydalanabilece\u011fi m\u00fcthi\u015f bir \u00fcr\u00fcn. \u0130ngiltere\u2019yi bir tarafa koyarsak Avrupa\u2019n\u0131n en \u00e7ok konut sat\u0131\u015f\u0131 yapan \u00fclkesiyiz. Bu \u00e7ok b\u00fcy\u00fck bir potansiyelimiz oldu\u011funu g\u00f6steriyor. Bu potansiyeli daha da art\u0131rmak ad\u0131na gayrimenkul sertifikalar\u0131n\u0131 \u00e7ok \u00f6nemli bir giri\u015fim olarak g\u00f6r\u00fcyoruz. Gayrimenkul sertifikalar\u0131n\u0131n daha fazla pazarlamaya ihtiyac\u0131 var\u2018\u2019 dedi.<\/h4>\n<h3><strong>Seba Gacemer: Gayrimenkul Piyasas\u0131nda etkinlik ve verim \u00f6nemli<\/strong><\/h3>\n<h4>GYO sekt\u00f6r\u00fcnde etkinlik ve verimlili\u011fin \u00e7ok \u00f6nemli oldu\u011funu belirten Gacemer s\u00f6zlerini \u015f\u00f6yle s\u00fcrd\u00fcrd\u00fc: \u201cGayrimenkul\u00fcn y\u0131ld\u0131z\u0131 \u0130ngiltere\u2019de 36 GYO olmas\u0131na ra\u011fmen 56 milyar Euro i\u015flem hacmi var. Bizde ise 30 GYO\u2019nun 6 milyar Euro piyasa hacmi var. Bu bizim geli\u015ftirmemiz gereken bir nokta. Say\u0131dan ziyade etkinlik ve verimlilik \u00f6nem ta\u015f\u0131yor. T\u00fcrkiye\u2019nin i\u00e7 talepten kaynaklanan m\u00fcthi\u015f bir g\u00fcc\u00fc var. Yapmam\u0131z gereken el birli\u011fi ile bu piyasay\u0131 nas\u0131l finanse edebilece\u011fimize odaklanmak.\u201d<\/h4>\n<h4>Zirvede gayrimenkul sertifikalar\u0131n\u0131n toplu olarak projeleri finanse edebilmesini sa\u011flamak i\u00e7in GYO\u2019lara ve sekt\u00f6re \u00f6nemli rol d\u00fc\u015ft\u00fc\u011f\u00fc de \u00f6ne \u00e7\u0131kan ba\u015fl\u0131klar aras\u0131ndayd\u0131.<\/h4>\n","protected":false},"excerpt":{"rendered":"<p>Gayrimenkul sekt\u00f6r\u00fcnde konsept projelerin lideri Sinpa\u015f GYO\u2019nun da ana sponsorlar aras\u0131nda yer ald\u0131\u011f\u0131 \u201c6. Gayrimenkulde Liderler Zirvesi\u201dnde, in\u015faat ve gayrimenkul d\u00fcnyas\u0131n\u0131n yat\u0131r\u0131m ve finansman sorunlar\u0131 tart\u0131\u015f\u0131ld\u0131. Sinpa\u015f GYO Genel M\u00fcd\u00fcr\u00fc Seba Gacemer: \u201cGayrimenkul\u00fcn y\u0131ld\u0131z\u0131 \u0130ngiltere\u2019de 36 GYO olmas\u0131na ra\u011fmen 56 milyar Euro i\u015flem hacmi var. Bizde ise 30 GYO\u2019nun 6 milyar Euro piyasa hacmi bulunuyor. [&hellip;]<\/p>\n","protected":false},"author":1,"featured_media":14828,"comment_status":"open","ping_status":"open","sticky":false,"template":"","format":"standard","meta":{"ngg_post_thumbnail":0},"categories":[221,97,5388],"tags":[4167,11392,107,1923,2146,4721,11114,11246,8535,3475],"_links":{"self":[{"href":"https:\/\/emlaktuel.com\/index.php?rest_route=\/wp\/v2\/posts\/14826"}],"collection":[{"href":"https:\/\/emlaktuel.com\/index.php?rest_route=\/wp\/v2\/posts"}],"about":[{"href":"https:\/\/emlaktuel.com\/index.php?rest_route=\/wp\/v2\/types\/post"}],"author":[{"embeddable":true,"href":"https:\/\/emlaktuel.com\/index.php?rest_route=\/wp\/v2\/users\/1"}],"replies":[{"embeddable":true,"href":"https:\/\/emlaktuel.com\/index.php?rest_route=%2Fwp%2Fv2%2Fcomments&post=14826"}],"version-history":[{"count":1,"href":"https:\/\/emlaktuel.com\/index.php?rest_route=\/wp\/v2\/posts\/14826\/revisions"}],"predecessor-version":[{"id":14829,"href":"https:\/\/emlaktuel.com\/index.php?rest_route=\/wp\/v2\/posts\/14826\/revisions\/14829"}],"wp:featuredmedia":[{"embeddable":true,"href":"https:\/\/emlaktuel.com\/index.php?rest_route=\/wp\/v2\/media\/14828"}],"wp:attachment":[{"href":"https:\/\/emlaktuel.com\/index.php?rest_route=%2Fwp%2Fv2%2Fmedia&parent=14826"}],"wp:term":[{"taxonomy":"category","embeddable":true,"href":"https:\/\/emlaktuel.com\/index.php?rest_route=%2Fwp%2Fv2%2Fcategories&post=14826"},{"taxonomy":"post_tag","embeddable":true,"href":"https:\/\/emlaktuel.com\/index.php?rest_route=%2Fwp%2Fv2%2Ftags&post=14826"}],"curies":[{"name":"wp","href":"https:\/\/api.w.org\/{rel}","templated":true}]}}