{"id":14794,"date":"2017-05-29T12:05:41","date_gmt":"2017-05-29T09:05:41","guid":{"rendered":"http:\/\/emlaktuel.com\/?p=14794"},"modified":"2018-07-05T16:43:39","modified_gmt":"2018-07-05T13:43:39","slug":"ascendum-ile-ekskavatorler-kucuk-kampanya-buyuk","status":"publish","type":"post","link":"https:\/\/emlaktuel.com\/?p=14794","title":{"rendered":"ASCENDUM \u0130LE EKSKAVAT\u00d6RLER K\u00dc\u00c7\u00dcK,  KAMPANYA B\u00dcY\u00dcK"},"content":{"rendered":"<figure id=\"attachment_14796\" aria-describedby=\"caption-attachment-14796\" style=\"width: 5000px\" class=\"wp-caption alignleft\"><img loading=\"lazy\" class=\"size-full wp-image-14796\" src=\"http:\/\/emlaktuel.com\/wp-content\/uploads\/2017\/05\/1496046947_VOLVO_ECR58D-1.jpg\" alt=\"\" width=\"5000\" height=\"2457\" \/><figcaption id=\"caption-attachment-14796\" class=\"wp-caption-text\">Volvo kompakt ekskavat\u00f6rlere ula\u015fmak art\u0131k \u00e7ok daha kolay! Haziran ay\u0131 sonuna kadar s\u00fcrecek kampanya ile isteyen herkes, t\u00fcm Volvo kompakt ekskavat\u00f6rlere 36 ay vade ve y\u00fczde 0 faizle kolayca ula\u015fabiliyor.<\/figcaption><\/figure>\n<h4>ASCENDUM Makina\u2019n\u0131n k\u00fc\u00e7\u00fck g\u00f6vdeleriyle \u00e7ok b\u00fcy\u00fck i\u015fler ba\u015faran Volvo kompakt ekskavat\u00f6rler i\u00e7in ba\u015flatt\u0131\u011f\u0131 kampanya, sekt\u00f6rde bahar havas\u0131 estiriyor. \u201cFaizi yok! Avantaj\u0131 \u00e7ok!\u201d mottosuyla yola \u00e7\u0131kan ASCENDUM Makina, 36 ay vade ve y\u00fczde 0 faiz olana\u011f\u0131 sundu\u011fu dev kampanyas\u0131yla kompakt ekskavat\u00f6r pazar\u0131na bir kez daha imzas\u0131n\u0131 at\u0131yor. Haziran ay\u0131 sonuna kadar s\u00fcrecek kampanyadan faydalanmak i\u00e7inse Volvo sat\u0131\u015f noktalar\u0131n\u0131 ziyaret etmek yetiyor.<\/h4>\n<h4><strong>\u0130\u015f makinalar\u0131nda gelece\u011fin y\u0131ld\u0131z\u0131<\/strong><\/h4>\n<h4>Bilindik i\u015f makinalar\u0131na oranla k\u00fc\u00e7\u00fck ebatl\u0131 g\u00f6vdeleriyle dikkat \u00e7eken kompakt ekskavat\u00f6rler, s\u00f6z konusu boylar\u0131ndan b\u00fcy\u00fck i\u015fler olunca ba\u015far\u0131da s\u0131n\u0131r tan\u0131m\u0131yor. \u0130n\u015faat i\u015fleri, y\u0131k\u0131m, bah\u00e7e peyzaj d\u00fczenlemeleri, serac\u0131l\u0131k, orman i\u015fleri ve yol d\u00fczenleme gibi alanlar, kompakt ekskavat\u00f6rlerin en \u00e7ok tercih edildi\u011fi sahalar\u0131 olu\u015fturuyor. T\u00fcrkiye\u2019nin kompakt ekskavat\u00f6r pazar\u0131yla tan\u0131\u015f\u0131kl\u0131\u011f\u0131 her ne kadar \u00e7ok uzun bir ge\u00e7mi\u015fe sahip olmasa da, bug\u00fcn bebek emeklemesi \u015feklinde at\u0131lan ad\u0131mlar g\u00fcn ge\u00e7tik\u00e7e h\u0131zlan\u0131yor. \u0130lerleyen y\u0131llarda ise ata\u011fa kalkarak ko\u015fuya d\u00f6n\u00fc\u015fmesi bekleniyor.<\/h4>\n<h4>T\u00fcrkiye kompakt makina pazar\u0131 hakk\u0131nda bilgi veren ASCENDUM Sat\u0131\u015f Direkt\u00f6r\u00fc Arda Okay, kompakt makinalar\u0131n gelecek y\u0131llarda en fazla sat\u0131\u015f\u0131 yap\u0131lacak makina segmenti olaca\u011f\u0131n\u0131 s\u00f6yl\u00fcyor ve \u201cOrta vadede kompakt makina sat\u0131\u015f\u0131n\u0131n 1000 adetleri ge\u00e7mesi muhtemel. \u00c7\u00fcnk\u00fc T\u00fcrkiye\u2019de i\u015f\u00e7ilik maliyetleri y\u00fckseldik\u00e7e, kompakt makinalar\u0131n \u00f6nemi de buna paralel olarak artacakt\u0131r\u201d diyor.<\/h4>\n<h4><strong>Volvo ayr\u0131cal\u0131\u011f\u0131 kompakt makinalarda<\/strong><\/h4>\n<h4>Gelecek potansiyeli geni\u015f s\u0131n\u0131rlarla \u00e7izili olan bu alanda Volvo, ad\u0131na yak\u0131\u015f\u0131r bir \u015fekilde ilerlemeye devam ediyor. Art\u0131k kendi markas\u0131 ile \u00f6zde\u015fle\u015fen \u2018sa\u011flaml\u0131k\u2019, \u2018g\u00fcvenilirlik\u2019 ve \u2018uzun \u00f6m\u00fcr\u2019 kavramlar\u0131n\u0131 kompakt ekskavat\u00f6rlere de ta\u015f\u0131yor. \u00dcstelik Volvo kompakt makinalar sa\u011flam\u0131\u015f olduklar\u0131 yak\u0131t ekonomisi ve operat\u00f6r konforu sayesinde de m\u00fc\u015fterilerin \u00f6ncelikli tercihleri aras\u0131nda yer al\u0131yor.<\/h4>\n<h4>Her ihtiyaca uygun 11 farkl\u0131 \u00fcr\u00fcn gam\u0131 ile makinalar\u0131 pazara sunduklar\u0131n\u0131 s\u00f6yleyen Akay, \u201cASCENDUM Makina olarak sahada m\u00fc\u015fterilerimizi dinliyor; onlar\u0131n ihtiyac\u0131na uygun \u00fcr\u00fcn ve sat\u0131\u015f sonras\u0131 hizmetleri sunmay\u0131 \u00f6ncelikli hedefimiz olarak g\u00f6r\u00fcyoruz\u201d diyor. Sekt\u00f6rde ISO10002 m\u00fc\u015fteri memnuniyet standartlar\u0131n\u0131 takip eden ASCENDUM Makina, bu standartlar\u0131n bir gereksinimi olan m\u00fc\u015fteri memnuniyet hatt\u0131 gibi kalite artt\u0131r\u0131c\u0131 uygulamalar\u0131 da sahada aktif \u015fekilde kullan\u0131yor.<\/h4>\n<h4><strong>Kampanya ile t\u00fcm sorular yan\u0131t\u0131n\u0131 buluyor<\/strong><\/h4>\n<h4>M\u00fc\u015fteri ihtiya\u00e7lar\u0131 do\u011frultusunda hareket eden ASCENDUM Makina\u2019n\u0131n Volvo kompakt ekskavat\u00f6rler i\u00e7in ba\u015flatt\u0131\u011f\u0131 kampanya, kafalarda var olan t\u00fcm soru i\u015faretlerini bir bir ortadan kald\u0131r\u0131yor. Haziran ay\u0131 sonuna kadar t\u00fcm Volvo kompakt ekskavat\u00f6rlere 36 aya varan vade f\u0131rsat\u0131yla ula\u015fma imkan\u0131 sunan ASCENDUM Makina, uygulad\u0131\u011f\u0131 y\u00fczde 0 faiz avantaj\u0131yla da vade fark\u0131n\u0131 ortadan kald\u0131r\u0131yor. \u00dcstelik ilave olu\u015facak ek ve belirsiz maliyetlerden de korunma f\u0131rsat\u0131 olu\u015fturuyor. Bu sayede t\u00fcm m\u00fc\u015fterilerine temiz ve tercih edilebilir biz sat\u0131n alma se\u00e7ene\u011fi sunuyor. Kampanyadan faydalanmak isteyenlere ise yaln\u0131zca en yak\u0131n Volvo sat\u0131\u015f noktas\u0131n\u0131 ziyaret etmek d\u00fc\u015f\u00fcyor!<\/h4>\n<h4><strong>ASCENDUM Makina Hakk\u0131nda:<\/strong><\/h4>\n<h4>Ascendum Makina; altyap\u0131 projelerinde, yol yap\u0131m\u0131 projelerinde, in\u015faat ve madencilik sekt\u00f6r\u00fcnde kullan\u0131lan Volvo \u0130\u015f Makinalar\u0131, Terex marka rigid kamyonlar, Sandvik Mobil K\u0131rma ve Eleme \u00dcniteleri, Terex bekoloder, SDLG lastikli y\u00fckleyiciler ve grayderler, Sany paletli vin\u00e7ler ve fore kaz\u0131k makinalar\u0131n\u0131n T\u00fcrkiye temsilcisidir. Y\u00fcksek kalite standartlar\u0131na sahip VOLVO, SDLG, SANDVIK, SANY ve TEREX sat\u0131\u015f ve sat\u0131\u015f sonras\u0131 hizmetleri Ascendum Makina taraf\u0131ndan t\u00fcm T\u00fcrkiye geneline yay\u0131lm\u0131\u015f olan geni\u015f yedek par\u00e7a ve servis arac\u0131l\u0131\u011f\u0131 ile \u00f6zenle sa\u011flanmaktad\u0131r.<\/h4>\n<h4><strong>Volvo \u0130\u015f Makinalar\u0131 Hakk\u0131nda:<\/strong><\/h4>\n<h4>Kaliteli, g\u00fcvenli ve do\u011faya sayg\u0131l\u0131 ara\u00e7lar\u0131, d\u00fcnya \u00e7ap\u0131nda bir servis a\u011f\u0131 deste\u011fi ile sunan Volvo \u0130\u015f Makinalar\u0131&#8217;n\u0131n \u00fcr\u00fcn gam\u0131nda lastik tekerlekli y\u00fckleyici, ekskavat\u00f6r, belden k\u0131rma kaya kamyonu, asfalt serici, silindir ve kompakt makinalar olmak \u00fczere yakla\u015f\u0131k 150 farkl\u0131 \u00fcr\u00fcn se\u00e7ene\u011fi bulunuyor. Her \u00fclkeden m\u00fc\u015fterilerinin ihtiya\u00e7lar\u0131na cevap verebilmek amac\u0131yla finansman, ikinci el ve kiralama hizmetleri de sunan Volvo, i\u015f makinalar\u0131nda d\u00fcnya \u00e7ap\u0131nda \u00fcnl\u00fc dizel motor teknolojisini kullan\u0131yor.<\/h4>\n","protected":false},"excerpt":{"rendered":"<p>ASCENDUM Makina\u2019n\u0131n k\u00fc\u00e7\u00fck g\u00f6vdeleriyle \u00e7ok b\u00fcy\u00fck i\u015fler ba\u015faran Volvo kompakt ekskavat\u00f6rler i\u00e7in ba\u015flatt\u0131\u011f\u0131 kampanya, sekt\u00f6rde bahar havas\u0131 estiriyor. \u201cFaizi yok! Avantaj\u0131 \u00e7ok!\u201d mottosuyla yola \u00e7\u0131kan ASCENDUM Makina, 36 ay vade ve y\u00fczde 0 faiz olana\u011f\u0131 sundu\u011fu dev kampanyas\u0131yla kompakt ekskavat\u00f6r pazar\u0131na bir kez daha imzas\u0131n\u0131 at\u0131yor. Haziran ay\u0131 sonuna kadar s\u00fcrecek kampanyadan faydalanmak i\u00e7inse Volvo [&hellip;]<\/p>\n","protected":false},"author":1,"featured_media":14796,"comment_status":"open","ping_status":"open","sticky":false,"template":"","format":"standard","meta":{"ngg_post_thumbnail":0},"categories":[26],"tags":[11351,544,11391,11246,11098,316,6398,8529],"_links":{"self":[{"href":"https:\/\/emlaktuel.com\/index.php?rest_route=\/wp\/v2\/posts\/14794"}],"collection":[{"href":"https:\/\/emlaktuel.com\/index.php?rest_route=\/wp\/v2\/posts"}],"about":[{"href":"https:\/\/emlaktuel.com\/index.php?rest_route=\/wp\/v2\/types\/post"}],"author":[{"embeddable":true,"href":"https:\/\/emlaktuel.com\/index.php?rest_route=\/wp\/v2\/users\/1"}],"replies":[{"embeddable":true,"href":"https:\/\/emlaktuel.com\/index.php?rest_route=%2Fwp%2Fv2%2Fcomments&post=14794"}],"version-history":[{"count":1,"href":"https:\/\/emlaktuel.com\/index.php?rest_route=\/wp\/v2\/posts\/14794\/revisions"}],"predecessor-version":[{"id":14797,"href":"https:\/\/emlaktuel.com\/index.php?rest_route=\/wp\/v2\/posts\/14794\/revisions\/14797"}],"wp:featuredmedia":[{"embeddable":true,"href":"https:\/\/emlaktuel.com\/index.php?rest_route=\/wp\/v2\/media\/14796"}],"wp:attachment":[{"href":"https:\/\/emlaktuel.com\/index.php?rest_route=%2Fwp%2Fv2%2Fmedia&parent=14794"}],"wp:term":[{"taxonomy":"category","embeddable":true,"href":"https:\/\/emlaktuel.com\/index.php?rest_route=%2Fwp%2Fv2%2Fcategories&post=14794"},{"taxonomy":"post_tag","embeddable":true,"href":"https:\/\/emlaktuel.com\/index.php?rest_route=%2Fwp%2Fv2%2Ftags&post=14794"}],"curies":[{"name":"wp","href":"https:\/\/api.w.org\/{rel}","templated":true}]}}