{"id":14786,"date":"2017-05-29T11:50:35","date_gmt":"2017-05-29T08:50:35","guid":{"rendered":"http:\/\/emlaktuel.com\/?p=14786"},"modified":"2018-07-05T16:43:33","modified_gmt":"2018-07-05T13:43:33","slug":"demir-fiyatlarinda-dusus-olmazsa-120-bin-insaat-firmasi-is-birakacak","status":"publish","type":"post","link":"https:\/\/emlaktuel.com\/?p=14786","title":{"rendered":"Demir fiyatlar\u0131nda d\u00fc\u015f\u00fc\u015f olmazsa 120 bin in\u015faat firmas\u0131 i\u015f b\u0131rakacak!"},"content":{"rendered":"<h4 class=\"news-detail-title selectionShareable\"><img loading=\"lazy\" class=\"alignleft size-full wp-image-14785\" src=\"http:\/\/emlaktuel.com\/wp-content\/uploads\/2017\/05\/ins\u0327aat-demiri-krizi.jpg\" alt=\"\" width=\"2300\" height=\"1100\" \/><\/h4>\n<h4 class=\"news-detail-title selectionShareable\">Yak\u0131n zamanda \u0130n\u015faat sekt\u00f6r\u00fcn\u00fcn hareketlenmesi ile in\u015faatlara demir yeti\u015ftirilemiyordu ve bu krizden dolay\u0131 fiyatlar\u0131n h\u0131zl\u0131 y\u00fckseli ile\u00a0m\u00fcteahhitler, demir bulmakta zorlan\u0131yor. E\u011fer demir fiyatlar\u0131nda 9 Haziran&#8217;a kadar bir d\u00fc\u015f\u00fc\u015f olmazsa 120 bin m\u00fcteahhit i\u015fi b\u0131rakma karar\u0131 ald\u0131klar\u0131n\u0131 a\u00e7\u0131klad\u0131.<\/h4>\n<h4 class=\"soc2 nmobilw\"><\/h4>\n<div>\n<h4>Son zamanda\u00a0demir fiyatlar\u0131n\u00a0h\u0131zl\u0131 artmas\u0131ndan rahats\u0131z olduklar\u0131 dile getiren\u00a0m\u00fcteahhitler, sorun \u00e7\u00f6z\u00fclmez ise 9 Haziran\u2019da i\u015f b\u0131rakma eylemi yapacak. E\u011fer sorun bu kriz \u00e7\u00f6z\u00fclmez 120 bin m\u00fcteahhit i\u015f b\u0131rak\u0131rsa, hem \u00f6zel sekt\u00f6r hem de kamu projelerinde gecikmeler ya\u015fanacak. Eylemin 1 ay s\u00fcrmesi planlan\u0131yor.<\/h4>\n<h4>Konuyla ilgili a\u00e7\u0131klamalarda bulunan T\u00fcrkiye Odalar ve Borsalar Birli\u011fi (TOBB) \u0130n\u015faat Sekt\u00f6r Meclis Ba\u015fkan\u0131 ve \u0130n\u015faat M\u00fcteahhitler Konfederasyonu (\u0130MKON) Genel Ba\u015fkan\u0131 Tahir Tellio\u011flu, in\u015faat sekt\u00f6r\u00fcn\u00fcn nefes ald\u0131\u011f\u0131 ve hareketlendi\u011fi bir d\u00f6nemde sekt\u00f6re adeta demir darbesi vuruldu\u011funu\u00a0dile getirdi.<\/h4>\n<h3>KR\u0130Z \u00c7\u00d6Z\u00dcLMEZSE \u015eANT\u0130YELER DURACAK<\/h3>\n<h4>Tellio\u011flu, \u00a0&#8220;Ekonomi Bakan\u0131m\u0131z Nihat Zeybekci\u2019yle isti\u015fare halinde olarak, 15 g\u00fcnd\u00fcr direndi\u011fimizi, fakat 9 Haziran\u2019a kadar demir fiyatlar\u0131nda a\u015fa\u011f\u0131 y\u00f6nde somut bir iyile\u015fme olmad\u0131\u011f\u0131 ve tedarikinin kolayla\u015fmad\u0131\u011f\u0131 taktirde \u00fcyelerimizden ve birliklerimizden gelen yo\u011fun talep \u00fczerine Konfederasyon Y\u00f6netiminin birlik ve federasyon ba\u015fkanlar\u0131m\u0131zla son bir isti\u015fare yaparak, muhtemel bir i\u015f durdurma ve paydos \u00e7a\u011fr\u0131s\u0131 yapaca\u011f\u0131m\u0131z\u0131 ve bu paydosun daha geni\u015f kitlelere seslenerek desteklenmesine y\u00f6nelik \u00e7a\u011fr\u0131da bulunaca\u011f\u0131m\u0131z\u0131 \u00fcz\u00fclerek kamuoyu ile payla\u015f\u0131yoruz\u201d \u015feklinde konu\u015ftu.<\/h4>\n<h4>Nihat Zeybekci\u2019den, demirdeki a\u015f\u0131r\u0131 fiyat art\u0131\u015f\u0131na bir an \u00f6nce m\u00fcdahale etmelerini istediklerini belirten\u00a0Tellio\u011flu, \u201cDemir fiyatlar\u0131n\u0131 d\u00fc\u015f\u00fcrme noktas\u0131nda \u00e7e\u015fitli enstr\u00fcmanlar\u0131 kullanmak m\u00fcmk\u00fcn. Bunlardan \u00e7\u00f6z\u00fcm bulamad\u0131klar\u0131 takdirde demirdeki KDV\u2019nin y\u00fczde 18\u2019den y\u00fczde 9\u2019a d\u00fc\u015f\u00fcr\u00fclmesini talep ediyoruz\u201d diye konu\u015ftu.<\/h4>\n<h4>T\u00fcrkiye\u2019deki demir k\u0131tl\u0131\u011f\u0131n\u0131n ya\u015fanmas\u0131na\u00a0ve demir fiyatlar\u0131ndaki birden bire a\u015f\u0131r\u0131 y\u00fckseli\u015fe anlam veremediklerini s\u00f6yleyen\u00a0Tellio\u011flu, \u201cSon 4 ayda kilosu 1600 liradan 2 bin 100- 2 bin 250 liraya f\u0131rlad\u0131. Demir \u00fcreticileri ise isteyene istedi\u011fi kadar demir temin edilebileceklerini s\u00f6ylerken piyasada durum bunun tam tersi. \u015eimdi al\u0131rsan kilosu 2 bin 200 lira, 45 g\u00fcn beklersen 2 bin lira deniyor. Haliyle firmalar da fiyat\u0131n ray\u0131na oturmas\u0131n\u0131 bekliyor. Bir de demirin 8\u2019lik, 10\u2019luk, 12\u2019lik, 14\u2019l\u00fck 16\u2019l\u0131k t\u00fcrleri var. Bunlar\u0131n bir k\u0131sm\u0131 var bir k\u0131sm\u0131 yok. \u0130nternetten ihale ile sat\u0131\u015f oluyor. 1-2 saatlik s\u00fcrede talep topluyorlar. Kimsenin haberi yok ki talep etsin. Sonra \u00fcretici i\u00e7 piyasada talep yok diyor, oysa ciddi oranda bekleyen talep var. \u00dclkenin lokomotifi in\u015faat, in\u015faat\u0131n ise demir. Bu \u00fcr\u00fcn\u00fcn alternatifi yok\u201d diye vurgulad\u0131.<\/h4>\n<\/div>\n","protected":false},"excerpt":{"rendered":"<p>Yak\u0131n zamanda \u0130n\u015faat sekt\u00f6r\u00fcn\u00fcn hareketlenmesi ile in\u015faatlara demir yeti\u015ftirilemiyordu ve bu krizden dolay\u0131 fiyatlar\u0131n h\u0131zl\u0131 y\u00fckseli ile\u00a0m\u00fcteahhitler, demir bulmakta zorlan\u0131yor. E\u011fer demir fiyatlar\u0131nda 9 Haziran&#8217;a kadar bir d\u00fc\u015f\u00fc\u015f olmazsa 120 bin m\u00fcteahhit i\u015fi b\u0131rakma karar\u0131 ald\u0131klar\u0131n\u0131 a\u00e7\u0131klad\u0131. Son zamanda\u00a0demir fiyatlar\u0131n\u00a0h\u0131zl\u0131 artmas\u0131ndan rahats\u0131z olduklar\u0131 dile getiren\u00a0m\u00fcteahhitler, sorun \u00e7\u00f6z\u00fclmez ise 9 Haziran\u2019da i\u015f b\u0131rakma eylemi yapacak. E\u011fer [&hellip;]<\/p>\n","protected":false},"author":1,"featured_media":14785,"comment_status":"open","ping_status":"open","sticky":false,"template":"","format":"standard","meta":{"ngg_post_thumbnail":0},"categories":[221,26,5217,97,5388],"tags":[187,11165,67,8525,8524,8493,8523,1258,11361,11087],"_links":{"self":[{"href":"https:\/\/emlaktuel.com\/index.php?rest_route=\/wp\/v2\/posts\/14786"}],"collection":[{"href":"https:\/\/emlaktuel.com\/index.php?rest_route=\/wp\/v2\/posts"}],"about":[{"href":"https:\/\/emlaktuel.com\/index.php?rest_route=\/wp\/v2\/types\/post"}],"author":[{"embeddable":true,"href":"https:\/\/emlaktuel.com\/index.php?rest_route=\/wp\/v2\/users\/1"}],"replies":[{"embeddable":true,"href":"https:\/\/emlaktuel.com\/index.php?rest_route=%2Fwp%2Fv2%2Fcomments&post=14786"}],"version-history":[{"count":1,"href":"https:\/\/emlaktuel.com\/index.php?rest_route=\/wp\/v2\/posts\/14786\/revisions"}],"predecessor-version":[{"id":14787,"href":"https:\/\/emlaktuel.com\/index.php?rest_route=\/wp\/v2\/posts\/14786\/revisions\/14787"}],"wp:featuredmedia":[{"embeddable":true,"href":"https:\/\/emlaktuel.com\/index.php?rest_route=\/wp\/v2\/media\/14785"}],"wp:attachment":[{"href":"https:\/\/emlaktuel.com\/index.php?rest_route=%2Fwp%2Fv2%2Fmedia&parent=14786"}],"wp:term":[{"taxonomy":"category","embeddable":true,"href":"https:\/\/emlaktuel.com\/index.php?rest_route=%2Fwp%2Fv2%2Fcategories&post=14786"},{"taxonomy":"post_tag","embeddable":true,"href":"https:\/\/emlaktuel.com\/index.php?rest_route=%2Fwp%2Fv2%2Ftags&post=14786"}],"curies":[{"name":"wp","href":"https:\/\/api.w.org\/{rel}","templated":true}]}}