{"id":14737,"date":"2017-05-27T13:16:31","date_gmt":"2017-05-27T10:16:31","guid":{"rendered":"http:\/\/emlaktuel.com\/?p=14737"},"modified":"2018-07-05T16:42:57","modified_gmt":"2018-07-05T13:42:57","slug":"insaat-demiri-krizine-ithalatla-cozum-geliyor","status":"publish","type":"post","link":"https:\/\/emlaktuel.com\/?p=14737","title":{"rendered":"\u0130n\u015faat demiri krizine ithalatla \u00e7\u00f6z\u00fcm geliyor!"},"content":{"rendered":"<h4 class=\"news-detail-title selectionShareable\">\u00a0<img loading=\"lazy\" class=\"alignleft size-full wp-image-14738\" src=\"http:\/\/emlaktuel.com\/wp-content\/uploads\/2017\/05\/haberr.jpg\" alt=\"\" width=\"2300\" height=\"1100\" \/><\/h4>\n<h4 class=\"topP\">\u0130n\u015faat sekt\u00f6r\u00fcnde son zamanlarda\u00a0ya\u015fanan demir s\u0131k\u0131nt\u0131s\u0131n\u0131\u00a0\u00e7\u00f6zmek i\u00e7in yurd\u0131\u015f\u0131ndan \u2018ithalat\u2019 \u00e7\u00f6z\u00fcm\u00fc geliyor. Ge\u00e7en sene\u00a0\u015fubat ay\u0131nda tonu 1.200 lira olan demirin tonu \u015fu anda piyasada 2 bin-2 bin 200 lira aras\u0131nda de\u011fi\u015fen fiyatlarla sat\u0131l\u0131yor.<\/h4>\n<div>\n<h4>\u0130n\u015faat sekt\u00f6r\u00fcnde son d\u00f6nemlerde ya\u015fanan in\u015faat demir s\u0131n\u0131kt\u0131s\u0131n\u0131\u00a0\u00e7\u00f6zmek i\u00e7in \u2018ithalat\u2019 \u00e7\u00f6z\u00fcm\u00fc geliyor. M\u00fcteahhitler, hem demir bulamamaktan hemde \u00a0fiyatlar\u0131n y\u00fcksekli\u011finden \u015fikayet ediyorlar. 2016 y\u0131l\u0131 \u015eubat ay\u0131nda tonu 1.200 lira olan demirin tonu \u015fu anda piyasada 2 bin-2 bin 200 lira aras\u0131nda de\u011fi\u015fiyor.<\/h4>\n<h4>Konuyla ilgili a\u00e7\u0131klamalarda bulunan Ekonomi Bakan\u0131 Nihat Zeybekci \u201cT\u00fcrkiye\u2019deki \u00fcretimi koruma amac\u0131yla koymu\u015f oldu\u011fumuz ge\u00e7ici ithalat vergilerini s\u0131f\u0131rlamaya kadar varabilecek bir tedbiri bug\u00fcn ya da yar\u0131n duyuraca\u011f\u0131z, a\u00e7\u0131klayaca\u011f\u0131z\u201d dedi. Zeybekci, demirde ton ba\u015f\u0131na yakla\u015f\u0131k olarak 200 liran\u0131n \u00fczerinde spek\u00fclatif art\u0131\u015f oldu\u011funu dile getirdi.<\/h4>\n<h3>Haz\u0131rl\u0131ks\u0131z yakaland\u0131lar!<\/h3>\n<h4>KONUTDER Ba\u015fkan\u0131 Altan Elmas ise durumu \u015f\u00f6yle a\u00e7\u0131klad\u0131. &#8220;Referandum sonras\u0131nda in\u015faat sekt\u00f6r\u00fcnde yat\u0131r\u0131mlar art\u0131nca i\u00e7 talep de y\u00fckseldi ve demir \u00fcreticileri haz\u0131rl\u0131ks\u0131z yakaland\u0131. Fiyatlar\u0131n d\u00fc\u015fmesi i\u00e7in i\u00e7 piyasada \u00fcretimin artmas\u0131 gerekiyor. Bu fiyatlar m\u00fcteahhitleri zorluyor.\u201d<\/h4>\n<h4>Elmas &#8220;Uluslararas\u0131 piyasalar\u0131n getirdi\u011fi maliyet art\u0131\u015f\u0131 var. Dolar kurunun y\u00fckseli\u015finden kaynakl\u0131 y\u00fczde 20 art\u0131\u015f oldu. Demir \u00fcreticileri de bu y\u0131l \u00f6nemli miktarda ihracat yapt\u0131&#8221; diye s\u00f6zlerine devam etti.<\/h4>\n<h4>Vatan<\/h4>\n<\/div>\n","protected":false},"excerpt":{"rendered":"<p>\u00a0 \u0130n\u015faat sekt\u00f6r\u00fcnde son zamanlarda\u00a0ya\u015fanan demir s\u0131k\u0131nt\u0131s\u0131n\u0131\u00a0\u00e7\u00f6zmek i\u00e7in yurd\u0131\u015f\u0131ndan \u2018ithalat\u2019 \u00e7\u00f6z\u00fcm\u00fc geliyor. Ge\u00e7en sene\u00a0\u015fubat ay\u0131nda tonu 1.200 lira olan demirin tonu \u015fu anda piyasada 2 bin-2 bin 200 lira aras\u0131nda de\u011fi\u015fen fiyatlarla sat\u0131l\u0131yor. \u0130n\u015faat sekt\u00f6r\u00fcnde son d\u00f6nemlerde ya\u015fanan in\u015faat demir s\u0131n\u0131kt\u0131s\u0131n\u0131\u00a0\u00e7\u00f6zmek i\u00e7in \u2018ithalat\u2019 \u00e7\u00f6z\u00fcm\u00fc geliyor. M\u00fcteahhitler, hem demir bulamamaktan hemde \u00a0fiyatlar\u0131n y\u00fcksekli\u011finden \u015fikayet ediyorlar. 2016 [&hellip;]<\/p>\n","protected":false},"author":1,"featured_media":14738,"comment_status":"open","ping_status":"open","sticky":false,"template":"","format":"standard","meta":{"ngg_post_thumbnail":0},"categories":[221,5217,97,5388],"tags":[4628,187,67,8495,8493,8494,1258,11376,7659,1257],"_links":{"self":[{"href":"https:\/\/emlaktuel.com\/index.php?rest_route=\/wp\/v2\/posts\/14737"}],"collection":[{"href":"https:\/\/emlaktuel.com\/index.php?rest_route=\/wp\/v2\/posts"}],"about":[{"href":"https:\/\/emlaktuel.com\/index.php?rest_route=\/wp\/v2\/types\/post"}],"author":[{"embeddable":true,"href":"https:\/\/emlaktuel.com\/index.php?rest_route=\/wp\/v2\/users\/1"}],"replies":[{"embeddable":true,"href":"https:\/\/emlaktuel.com\/index.php?rest_route=%2Fwp%2Fv2%2Fcomments&post=14737"}],"version-history":[{"count":1,"href":"https:\/\/emlaktuel.com\/index.php?rest_route=\/wp\/v2\/posts\/14737\/revisions"}],"predecessor-version":[{"id":14739,"href":"https:\/\/emlaktuel.com\/index.php?rest_route=\/wp\/v2\/posts\/14737\/revisions\/14739"}],"wp:featuredmedia":[{"embeddable":true,"href":"https:\/\/emlaktuel.com\/index.php?rest_route=\/wp\/v2\/media\/14738"}],"wp:attachment":[{"href":"https:\/\/emlaktuel.com\/index.php?rest_route=%2Fwp%2Fv2%2Fmedia&parent=14737"}],"wp:term":[{"taxonomy":"category","embeddable":true,"href":"https:\/\/emlaktuel.com\/index.php?rest_route=%2Fwp%2Fv2%2Fcategories&post=14737"},{"taxonomy":"post_tag","embeddable":true,"href":"https:\/\/emlaktuel.com\/index.php?rest_route=%2Fwp%2Fv2%2Ftags&post=14737"}],"curies":[{"name":"wp","href":"https:\/\/api.w.org\/{rel}","templated":true}]}}