{"id":14705,"date":"2017-05-26T19:13:44","date_gmt":"2017-05-26T16:13:44","guid":{"rendered":"http:\/\/emlaktuel.com\/?p=14705"},"modified":"2018-07-05T16:42:39","modified_gmt":"2018-07-05T13:42:39","slug":"2-karayollari-kopruler-ve-tuneller-ihtisas-fuari-gerceklesti","status":"publish","type":"post","link":"https:\/\/emlaktuel.com\/?p=14705","title":{"rendered":"2. Karayollar\u0131, K\u00f6pr\u00fcler ve T\u00fcneller \u0130htisas Fuar\u0131, ger\u00e7ekle\u015fti"},"content":{"rendered":"<h4><img loading=\"lazy\" class=\"size-full wp-image-14706 aligncenter\" src=\"http:\/\/emlaktuel.com\/wp-content\/uploads\/2017\/05\/14-y\u0131lda-340-milyar.jpg\" alt=\"\" width=\"2300\" height=\"1100\" \/><\/h4>\n<h4><strong>Karayolu ula\u015f\u0131m\u0131 ile ilgili kamu kurulu\u015flar\u0131, \u00f6zel sekt\u00f6r ve \u00fcniversiteler aras\u0131nda ileti\u015fim ve i\u015fbirli\u011fi sa\u011flayan Yollar T\u00fcrk Milli Komitesi taraf\u0131ndan bu y\u0131l ikinci defa d\u00fczenlenecek olan <\/strong><strong>Karayollar\u0131, K\u00f6pr\u00fcler ve T\u00fcneller \u0130htisas Fuar\u0131 24-26 May\u0131s 2017 tarihleri aras\u0131nda Ankara Congresium\u2019da ger\u00e7ekle\u015fti. <\/strong><strong>Karayolu ula\u015f\u0131m sekt\u00f6r\u00fcn\u00fcn payda\u015flar\u0131n\u0131 bir araya getirmek ve projelerle ilgili bilgi payla\u015f\u0131m\u0131na arac\u0131 olmak i\u00e7in Ula\u015ft\u0131rma Denizcilik ve Haberle\u015fme Bakanl\u0131\u011f\u0131 himayelerinde ger\u00e7ekle\u015fen fuara bu y\u0131l 160 firma ve 7 bini a\u015fk\u0131n ziyaret\u00e7i kat\u0131ld\u0131.<\/strong><\/h4>\n<p><img loading=\"lazy\" class=\"size-full wp-image-14708 aligncenter\" src=\"http:\/\/emlaktuel.com\/wp-content\/uploads\/2017\/05\/1495798346_2._Karayollar____K__pr__ler_ve_T__neller___htisas_Fuar___.jpg\" alt=\"\" width=\"1280\" height=\"853\" \/><\/p>\n<h4><strong>Karayollar\u0131 K\u00f6pr\u00fcler ve T\u00fcneller \u0130htisas Fuar\u0131\u2019n\u0131 7 bini a\u015fk\u0131n ki\u015fi ziyaret etti<\/strong><\/h4>\n<h4>\u0130lki 2016 May\u0131s ay\u0131nda d\u00fczenlenen ve \u00e7ok say\u0131da i\u015f birli\u011fine ortam sa\u011flayan <strong>2. Karayollar\u0131, K\u00f6pr\u00fcler ve T\u00fcneller \u0130htisas Fuar\u0131<\/strong> bu sene de <strong>Mega Projelere<\/strong> imza atan sekt\u00f6r kahramanlar\u0131n\u0131 kamuoyu ile bulu\u015fturdu.<\/h4>\n<h4>2. Karayollar\u0131, K\u00f6pr\u00fcler ve T\u00fcneller \u0130htisas Fuar\u0131, karayolu ula\u015ft\u0131rma sekt\u00f6r\u00fcne hizmet eden ulusal ve uluslararas\u0131 proje, m\u00fc\u015favir ve m\u00fcteahhit firmalar\u0131 ile kamu kurum ve kurulu\u015flar\u0131nda \u00e7al\u0131\u015fan uzman m\u00fchendisleri, \u00fcniversitelerden akademisyenleri, makine, malzeme ve ekipman sa\u011flayan \u00fcreticileri, imalat\u00e7\u0131lar\u0131 ve tedarik\u00e7ileri a\u011f\u0131rlad\u0131.<\/h4>\n<h4>Ula\u015ft\u0131rma Denizcilik ve Haberle\u015fme Bakanl\u0131\u011f\u0131 himayelerinde ger\u00e7ekle\u015fen fuara, bu y\u0131l 160 firma ve yedi bini a\u015fk\u0131n ziyaret\u00e7i kat\u0131ld\u0131. Toplamda 25 adet \u00e7al\u0131\u015ftay\u0131n ger\u00e7ekle\u015ftirildi\u011fi fuarda sekt\u00f6r kahramanlar\u0131n\u0131 kamuoyu ile bulu\u015ftu.<\/h4>\n<h4><strong>14 y\u0131lda 340 milyar yat\u0131r\u0131m yap\u0131ld\u0131<\/strong><\/h4>\n<h4><strong>2. Karayollar\u0131, K\u00f6pr\u00fcler ve T\u00fcneller \u0130htisas Fuar\u0131 <\/strong>a\u00e7\u0131l\u0131\u015f\u0131nda konu\u015fan<strong> Ula\u015ft\u0131rma Denizcilik ve Haberle\u015fme Bakan\u0131 Ahmet Arslan;<\/strong> 14 y\u0131lda ula\u015ft\u0131rma, denizcilik ve haberle\u015fme alan\u0131nda 340 milyar liral\u0131k yat\u0131r\u0131m yapt\u0131klar\u0131n\u0131 bildirdi. T\u00fcrkiye&#8217;nin son 14 y\u0131lda \u00e7ok mesafe ald\u0131\u011f\u0131n\u0131 belirten Arslan, 6 bin 100 kilometre olan b\u00f6l\u00fcnm\u00fc\u015f yolu 25 bin 350 kilometreye \u00e7\u0131kard\u0131klar\u0131n\u0131 ve bu rakam\u0131n her g\u00fcn artt\u0131\u011f\u0131n\u0131 kaydetti. S\u0131cak asfalt\u0131 \u00e7ok \u00f6nemsediklerinin alt\u0131n\u0131 \u00e7izen Arslan, 8 bin kilometrelik s\u0131cak asfalt\u0131 21 bin 500 kilometrenin \u00fcst\u00fcne \u00e7\u0131kard\u0131klar\u0131n\u0131 s\u00f6yledi.<\/h4>\n<h4>Bu y\u0131l ikincisini d\u00fczenlenen Karayollar\u0131 T\u00fcneller ve K\u00f6pr\u00fcler \u0130htisas Fuar\u0131\u2019m\u0131z\u0131n a\u00e7\u0131l\u0131\u015f\u0131 24 May\u0131s tarihinde <strong>Ula\u015ft\u0131rma Denizcilik ve Haberle\u015fme Bakan\u0131 Ahmet Arslan<\/strong> taraf\u0131ndan yap\u0131ld\u0131. Fuar ayn\u0131 zamanda bir \u00e7ok <strong>VIP<\/strong> konu\u011fa da ev sahipli\u011fi yapt\u0131. Fuar\u0131n ikinci g\u00fcn\u00fcnde<strong>Orman ve Su \u0130\u015fleri Bakan\u0131 Veysel Ero\u011flu<\/strong> fuar\u0131 ziyaret ederek t\u00fcnelcilik konusunda kat\u0131l\u0131mc\u0131 firmalar ile g\u00f6r\u00fc\u015ft\u00fc. Fuar\u0131n son g\u00fcn\u00fcnde ise <strong>TOBB Ba\u015fkan\u0131 R\u0131fat Hisarc\u0131kl\u0131o\u011flu <\/strong>ziyarette bulunarak yetkili firmalar ve fuar kat\u0131l\u0131mc\u0131lar\u0131 ile bir araya geldi.<\/h4>\n<h4><strong>Yat\u0131r\u0131mlar toplam\u0131 2016 itibariyle 161 milyar USD<\/strong><\/h4>\n<h4>Karayolu <strong>Mega Projelerinin<\/strong> mali b\u00fcy\u00fckl\u00fc\u011f\u00fcn\u00fcn 130 \u00fclkenin milli gelirini geride b\u0131rakt\u0131\u011f\u0131n\u0131 ve T\u00fcrkiye\u2019nin d\u00f6rt bir yan\u0131nda hayata ge\u00e7irilen ula\u015ft\u0131rma projelerine yenilerinin eklenece\u011fini belirten <strong>MCI Fuarc\u0131l\u0131k Genel M\u00fcd\u00fcr\u00fc Ufuk T\u00fcmer <\/strong>sekt\u00f6r\u00fcn 2016 y\u0131l\u0131 itibariyle yat\u0131r\u0131m tutar\u0131n\u0131n<strong> 161 milyar USD <\/strong>oldu\u011funu belirtti. T\u00fcmer;<strong> \u2018Karayollar\u0131, K\u00f6pr\u00fcler ve T\u00fcneller \u0130htisas Fuar\u0131\u2019nda<\/strong> yol ekipmanlar\u0131 ve teknolojilerini sergiledik, yeni projeler i\u00e7in taraflara i\u015fbirli\u011fi ortam\u0131 sa\u011flad\u0131k ve \u00f6n\u00fcm\u00fczdeki y\u0131l \u00fc\u00e7\u00fcnc\u00fcs\u00fc d\u00fczenlemeyi planlad\u0131\u011f\u0131m\u0131z fuarda bu etkile\u015fimin katlanarak artmas\u0131n\u0131 bekliyoruz.\u2019\u2019dedi.<\/h4>\n","protected":false},"excerpt":{"rendered":"<p>Karayolu ula\u015f\u0131m\u0131 ile ilgili kamu kurulu\u015flar\u0131, \u00f6zel sekt\u00f6r ve \u00fcniversiteler aras\u0131nda ileti\u015fim ve i\u015fbirli\u011fi sa\u011flayan Yollar T\u00fcrk Milli Komitesi taraf\u0131ndan bu y\u0131l ikinci defa d\u00fczenlenecek olan Karayollar\u0131, K\u00f6pr\u00fcler ve T\u00fcneller \u0130htisas Fuar\u0131 24-26 May\u0131s 2017 tarihleri aras\u0131nda Ankara Congresium\u2019da ger\u00e7ekle\u015fti. Karayolu ula\u015f\u0131m sekt\u00f6r\u00fcn\u00fcn payda\u015flar\u0131n\u0131 bir araya getirmek ve projelerle ilgili bilgi payla\u015f\u0131m\u0131na arac\u0131 olmak i\u00e7in [&hellip;]<\/p>\n","protected":false},"author":1,"featured_media":0,"comment_status":"open","ping_status":"open","sticky":false,"template":"","format":"standard","meta":{"ngg_post_thumbnail":0},"categories":[221,5217,97,5388],"tags":[3820,8480,320,106,2659,851,1813],"_links":{"self":[{"href":"https:\/\/emlaktuel.com\/index.php?rest_route=\/wp\/v2\/posts\/14705"}],"collection":[{"href":"https:\/\/emlaktuel.com\/index.php?rest_route=\/wp\/v2\/posts"}],"about":[{"href":"https:\/\/emlaktuel.com\/index.php?rest_route=\/wp\/v2\/types\/post"}],"author":[{"embeddable":true,"href":"https:\/\/emlaktuel.com\/index.php?rest_route=\/wp\/v2\/users\/1"}],"replies":[{"embeddable":true,"href":"https:\/\/emlaktuel.com\/index.php?rest_route=%2Fwp%2Fv2%2Fcomments&post=14705"}],"version-history":[{"count":1,"href":"https:\/\/emlaktuel.com\/index.php?rest_route=\/wp\/v2\/posts\/14705\/revisions"}],"predecessor-version":[{"id":14709,"href":"https:\/\/emlaktuel.com\/index.php?rest_route=\/wp\/v2\/posts\/14705\/revisions\/14709"}],"wp:attachment":[{"href":"https:\/\/emlaktuel.com\/index.php?rest_route=%2Fwp%2Fv2%2Fmedia&parent=14705"}],"wp:term":[{"taxonomy":"category","embeddable":true,"href":"https:\/\/emlaktuel.com\/index.php?rest_route=%2Fwp%2Fv2%2Fcategories&post=14705"},{"taxonomy":"post_tag","embeddable":true,"href":"https:\/\/emlaktuel.com\/index.php?rest_route=%2Fwp%2Fv2%2Ftags&post=14705"}],"curies":[{"name":"wp","href":"https:\/\/api.w.org\/{rel}","templated":true}]}}