{"id":14642,"date":"2017-05-24T13:17:32","date_gmt":"2017-05-24T10:17:32","guid":{"rendered":"http:\/\/emlaktuel.com\/?p=14642"},"modified":"2018-07-05T16:41:56","modified_gmt":"2018-07-05T13:41:56","slug":"3-istanbul-evleri-fiyatlari","status":"publish","type":"post","link":"https:\/\/emlaktuel.com\/?p=14642","title":{"rendered":"3.\u0130stanbul Evleri fiyatlar\u0131!"},"content":{"rendered":"<h4 class=\"news-detail-title selectionShareable\">\u00a0<img loading=\"lazy\" class=\"size-full wp-image-14643 aligncenter\" src=\"http:\/\/emlaktuel.com\/wp-content\/uploads\/2017\/05\/3.istanbul.jpg\" alt=\"\" width=\"2300\" height=\"1100\" \/><\/h4>\n<h4 class=\"topP\">Asaf \u0130\u015f Adi Ortakl\u0131\u011f\u0131 taraf\u0131ndan hayata ge\u00e7irilen <a href=\"http:\/\/emlaktuel.com\/?s=3.+istanbul\">3.\u0130stanbul Evleri<\/a> fiyatlar\u0131 495 bin TL&#8217;den ba\u015fl\u0131yor. Projede konut teslimleri Temmuz 2019&#8217;da yap\u0131lacak.<\/h4>\n<h4><\/h4>\n<div>\n<h4>Asaf \u0130\u015f Adi Ortakl\u0131\u011f\u0131 taraf\u0131ndan hayata ge\u00e7irilen 3.\u0130stanbul projesi 116 bin metrekare alanda y\u00fckseliyor. Proje Ba\u015fak\u015fehir&#8217;de in\u015fa ediliyor.<\/h4>\n<h4>Temmuz 2019&#8217;da teslimlerin ger\u00e7ekle\u015fece\u011fi 3.\u0130stanbul projesi 1.272 konut, 107 cadde ma\u011fazas\u0131 ve 102 \u00e7ar\u015f\u0131 d\u00fckkan\u0131ndan meydana geliyor. \u00a0<a href=\"http:\/\/emlaktuel.com\/?s=3.+istanbul\">3.\u0130stanbul Evleri<\/a>&#8216;nde b\u00fcy\u00fckl\u00fckleri 105 ila 254 metrekare aras\u0131nda de\u011fi\u015fen 2+1, 3+1, 4+1 daireler mevcut.<\/h4>\n<h4>3.\u0130stanbul Evleri fiyatlar\u0131!<\/h4>\n<h4>2+1\u2019ler 495 bin TL \u2013 692 bin TL<\/h4>\n<h4>3+1\u2019ler 728 bin TL \u2013 900 bin TL<\/h4>\n<h4>4+1\u2019ler 935 bin TL \u2013 1 milyon 459 bin TL.<\/h4>\n<h4>Ba\u015fak\u015fehir <a href=\"http:\/\/emlaktuel.com\/?s=3.+istanbul\">3.\u0130stanbul Evleri<\/a>&#8216;nde 31 May\u0131s&#8217;a kadar, vade farks\u0131z 60 ay, 0,45 faizle 120 ay taksitli \u00f6deme imkan\u0131 sunuluyor. Ayl\u0131k taksitlerin 2 bin 310 TL&#8217;den ba\u015flad\u0131\u011f\u0131 3.\u0130stanbul&#8217;da ortak ya\u015fam alanlar\u0131 aras\u0131nda y\u00fcr\u00fcy\u00fc\u015f yollar\u0131, sauna, fitness, spor alanlar\u0131, \u00e7ocuk oyun alanlar\u0131, kapal\u0131 otopark, y\u00fczme havuzu gibi sosyal donat\u0131lar mevcut.<\/h4>\n<h4>Tel: 0212 405 50 50<\/h4>\n<h4>Web : <a href=\"http:\/\/emlaktuel.com\/?s=3.+istanbul\">http:\/\/www.ucuncuistanbul.com<\/a><\/h4>\n<\/div>\n","protected":false},"excerpt":{"rendered":"<p>\u00a0 Asaf \u0130\u015f Adi Ortakl\u0131\u011f\u0131 taraf\u0131ndan hayata ge\u00e7irilen 3.\u0130stanbul Evleri fiyatlar\u0131 495 bin TL&#8217;den ba\u015fl\u0131yor. Projede konut teslimleri Temmuz 2019&#8217;da yap\u0131lacak. Asaf \u0130\u015f Adi Ortakl\u0131\u011f\u0131 taraf\u0131ndan hayata ge\u00e7irilen 3.\u0130stanbul projesi 116 bin metrekare alanda y\u00fckseliyor. Proje Ba\u015fak\u015fehir&#8217;de in\u015fa ediliyor. Temmuz 2019&#8217;da teslimlerin ger\u00e7ekle\u015fece\u011fi 3.\u0130stanbul projesi 1.272 konut, 107 cadde ma\u011fazas\u0131 ve 102 \u00e7ar\u015f\u0131 d\u00fckkan\u0131ndan meydana [&hellip;]<\/p>\n","protected":false},"author":1,"featured_media":14643,"comment_status":"open","ping_status":"open","sticky":false,"template":"","format":"standard","meta":{"ngg_post_thumbnail":0},"categories":[221,5218,5219,97,5388],"tags":[6898,8463,6687,11183,11165,11166,11084,11234,11129,11206,11339],"_links":{"self":[{"href":"https:\/\/emlaktuel.com\/index.php?rest_route=\/wp\/v2\/posts\/14642"}],"collection":[{"href":"https:\/\/emlaktuel.com\/index.php?rest_route=\/wp\/v2\/posts"}],"about":[{"href":"https:\/\/emlaktuel.com\/index.php?rest_route=\/wp\/v2\/types\/post"}],"author":[{"embeddable":true,"href":"https:\/\/emlaktuel.com\/index.php?rest_route=\/wp\/v2\/users\/1"}],"replies":[{"embeddable":true,"href":"https:\/\/emlaktuel.com\/index.php?rest_route=%2Fwp%2Fv2%2Fcomments&post=14642"}],"version-history":[{"count":1,"href":"https:\/\/emlaktuel.com\/index.php?rest_route=\/wp\/v2\/posts\/14642\/revisions"}],"predecessor-version":[{"id":14644,"href":"https:\/\/emlaktuel.com\/index.php?rest_route=\/wp\/v2\/posts\/14642\/revisions\/14644"}],"wp:featuredmedia":[{"embeddable":true,"href":"https:\/\/emlaktuel.com\/index.php?rest_route=\/wp\/v2\/media\/14643"}],"wp:attachment":[{"href":"https:\/\/emlaktuel.com\/index.php?rest_route=%2Fwp%2Fv2%2Fmedia&parent=14642"}],"wp:term":[{"taxonomy":"category","embeddable":true,"href":"https:\/\/emlaktuel.com\/index.php?rest_route=%2Fwp%2Fv2%2Fcategories&post=14642"},{"taxonomy":"post_tag","embeddable":true,"href":"https:\/\/emlaktuel.com\/index.php?rest_route=%2Fwp%2Fv2%2Ftags&post=14642"}],"curies":[{"name":"wp","href":"https:\/\/api.w.org\/{rel}","templated":true}]}}