{"id":14496,"date":"2017-05-20T13:22:51","date_gmt":"2017-05-20T10:22:51","guid":{"rendered":"http:\/\/emlaktuel.com\/?p=14496"},"modified":"2018-07-05T16:40:21","modified_gmt":"2018-07-05T13:40:21","slug":"isyerlerinin-ihtiyaclari-da-mevsimlere-gore-degisiyor","status":"publish","type":"post","link":"https:\/\/emlaktuel.com\/?p=14496","title":{"rendered":"\u0130\u015fyerlerinin ihtiya\u00e7lar\u0131 da mevsimlere g\u00f6re de\u011fi\u015fiyor"},"content":{"rendered":"<h4><img loading=\"lazy\" class=\"alignleft size-full wp-image-14497\" src=\"http:\/\/emlaktuel.com\/wp-content\/uploads\/2017\/05\/1494836477_ofiste_kahve_2.jpg\" alt=\"1494836477_ofiste_kahve_2\" width=\"3000\" height=\"2000\" \/><\/h4>\n<h4><strong>Mevsim \u015fartlar\u0131na g\u00f6re i\u015fyeri \u00e7al\u0131\u015fanlar\u0131n\u0131n kullan\u0131m al\u0131\u015fkanl\u0131klar\u0131 da de\u011fi\u015fiyor. \u00c7al\u0131\u015fanlar\u0131n so\u011fuk havalarda ihtiya\u00e7 duyduklar\u0131 i\u015fyeri malzemeleri ile s\u0131cak havalarda ihtiya\u00e7 duyduklar\u0131 malzemeler farkl\u0131 olabiliyor. \u0130\u015fyerinin al\u0131\u015fveri\u015f yeri Avansas.com\u2019un sat\u0131\u015f verilerine ve saha ara\u015ft\u0131rmalar\u0131na bak\u0131ld\u0131\u011f\u0131nda, bahar aylar\u0131n\u0131 ya\u015fad\u0131\u011f\u0131m\u0131z \u015fu g\u00fcnlerde k\u0131\u015f\u0131n tercih edilen \u0131s\u0131t\u0131c\u0131lar\u0131n yerini serinletici \u00fcr\u00fcnlerin ald\u0131\u011f\u0131 g\u00f6r\u00fcl\u00fcyor. \u0130\u015fyerlerinin vazge\u00e7ilmezlerinden birisinin ise T\u00fcrk kahvesi oldu\u011fu ortaya \u00e7\u0131k\u0131yor.<\/strong><\/h4>\n<h4>Avansas.com<br \/>\n\u2019un farkl\u0131 sezonlara dayal\u0131 sat\u0131\u015f verileri ve saha ara\u015ft\u0131rmalar\u0131ndan derledi\u011fi bilgilere g\u00f6re ofis, perakende ma\u011fazalar\u0131, depo ve fabrika gibi i\u015fletmelerde \u00e7al\u0131\u015fanlar\u0131n ihtiya\u00e7lar\u0131 da mevsimlere g\u00f6re de\u011fi\u015fiklik g\u00f6steriyor. Verilere y\u0131l genelinde bak\u0131ld\u0131\u011f\u0131nda, so\u011fuk ge\u00e7en aylarda en \u00e7ok \u0131s\u0131t\u0131c\u0131lar\u0131n, s\u0131cak ge\u00e7en aylarda ise serinletici \u00fcr\u00fcnlerin sat\u0131n al\u0131nd\u0131\u011f\u0131 g\u00f6r\u00fcl\u00fcrken, T\u00fcrk kahvesinin d\u00f6rt mevsim de vazge\u00e7ilmez \u00fcr\u00fcnlerden biri oldu\u011fu ortaya konuyor.<\/h4>\n<h4><strong>\u00dc\u015f\u00fcyenler \u0131s\u0131t\u0131c\u0131 ve \u00e7aya sar\u0131ld\u0131<\/strong><\/h4>\n<h4>Ge\u00e7ti\u011fimiz y\u0131l\u0131n sonbahar-k\u0131\u015f d\u00f6neminde \u00e7al\u0131\u015fma ortamlar\u0131n\u0131 \u0131s\u0131tmak i\u00e7in s\u0131k\u00e7a fanl\u0131 \u0131s\u0131t\u0131c\u0131 ve klimaya ba\u015fvuruldu\u011fu g\u00f6r\u00fcl\u00fcyor. Sonbahar ve k\u0131\u015f mevsimlerinde i\u00e7ini \u0131s\u0131tmak isteyenler, a\u011f\u0131rl\u0131kl\u0131 olarak siyah \u00e7ay ve bitki \u00e7ay\u0131 t\u00fcketiyor. \u0130\u015fte ve trafikte ya\u015fanan stresini azaltmak isteyenler ise tercihlerini T\u00fcrk kahvesinden yana kullan\u0131yor.<\/h4>\n<h4>\u0130\u015fyerinin al\u0131\u015fveri\u015f yeri Avansas.com\u2019un sat\u0131\u015f verilerine ve yapt\u0131\u011f\u0131 m\u00fc\u015fteri analizlerinin sonu\u00e7lar\u0131na bak\u0131ld\u0131\u011f\u0131nda, \u00e7al\u0131\u015fanlar\u0131n en \u00e7ok fanl\u0131 k\u00fc\u00e7\u00fck \u0131s\u0131t\u0131c\u0131lar\u0131 tercih etti\u011fi g\u00f6r\u00fcl\u00fcyor. Fanl\u0131 \u0131s\u0131t\u0131c\u0131lar\u0131 infrared \u0131s\u0131t\u0131c\u0131lar ve elektrikli radyat\u00f6rler izliyor. G\u00fcneyde ve k\u0131y\u0131 kesimlerinde bulunan i\u015fyerlerinin k\u0131\u015f aylar\u0131nda yapt\u0131klar\u0131 al\u0131mlar ise klima ile rahatl\u0131kla \u0131s\u0131nd\u0131klar\u0131n\u0131 ortaya koyuyor.<\/h4>\n<h4>\u015eirketler, sonbahar d\u00f6neminde son \u00e7eyre\u011fe girmeleri ile birlikte \u00e7al\u0131\u015fanlara ait dosyalar\u0131n\u0131 tamamlad\u0131klar\u0131 i\u00e7in \u00f6zl\u00fck dosyas\u0131 gibi \u00fcr\u00fcnler de bu d\u00f6nemde daha \u00e7ok sat\u0131n al\u0131n\u0131yor.<\/h4>\n<h4><strong>Is\u0131nan hava, so\u011fuyan ofisler\u2026<\/strong><\/h4>\n<h4>\u0130lkbahar ve yaz mevsimlerinde, sat\u0131\u015f\u0131 artan \u00fcr\u00fcnler aras\u0131nda ilk s\u0131ray\u0131 her zaman i\u00e7ecekler koruyor. \u0130\u00e7eceklerden sonra klima, vantilat\u00f6r ve \u0131slak mendil geliyor. Ger\u00e7ek bir serinlik denince akla ilk gelen \u00fcr\u00fcn olarak klima sat\u0131\u015flar\u0131 bu aylarda s\u00fcrekli art\u0131yor. K\u0131\u015f aylar\u0131nda da kullan\u0131labiliyor olmas\u0131, klima sat\u0131n alma oran\u0131n\u0131 artt\u0131r\u0131yor. Ofis \u00e7al\u0131\u015fanlar\u0131n\u0131n pratik ve d\u00fc\u015f\u00fck maliyetli olarak kabul ettikleri vantilat\u00f6r ise masa tipi, ayakl\u0131 ve buharl\u0131 serinletme \u00f6zellikleriyle sat\u0131\u015fa sunuluyor. Avansas.com, yan\u0131 ba\u015f\u0131nda serinlik isteyen herkese farkl\u0131 serinletici \u00fcr\u00fcnler sunarak s\u0131cak ve bunalt\u0131c\u0131 g\u00fcnlerde i\u015fletmelerin ihtiya\u00e7lar\u0131n\u0131 en h\u0131zl\u0131 \u015fekilde kar\u015f\u0131l\u0131yor.<\/h4>\n<h4>Islak mendiller de s\u0131cak ge\u00e7en aylarda sat\u0131\u015f\u0131 artan \u00fcr\u00fcnler aras\u0131nda yer al\u0131yor. Temizlik \u00fcr\u00fcn\u00fc olmas\u0131n\u0131n yan\u0131nda bir serinleme malzemesi olarak da kullan\u0131lan \u0131slak mendiller, \u00f6zellikle saha sat\u0131\u015f ekipleri taraf\u0131ndan \u00e7ok tercih ediliyor. Yaz\u0131n daha fazla sipari\u015f edilen \u00fcr\u00fcnlerden biri de ofis tipi mini buzdolaplar\u0131 oluyor. \u0130\u00e7eceklerin ve \u00f6zellikle suyun so\u011fuk olmas\u0131n\u0131n \u00f6nemli oldu\u011fu s\u0131cak aylarda, mini buzdolab\u0131 sat\u0131n alan ofislerin say\u0131lar\u0131nda da art\u0131\u015f ya\u015fan\u0131yor.<\/h4>\n<h4><strong>Bahar havas\u0131 i\u015fyerlerini de renklendiriyor<\/strong><\/h4>\n<h4>Havalar \u0131s\u0131nd\u0131k\u00e7a insanlar art\u0131k daha renkli giyinmeye ve renkli aksesuarlar kullanmaya ba\u015fl\u0131yor. \u0130lkbahar\u0131n gelmesiyle birlikte i\u015fyerleri de bahar havas\u0131na girerek renkleniyor. Ge\u00e7ti\u011fimiz y\u0131l\u0131n ilkbahar ve yaz mevsimlerinde ofisler i\u00e7in sat\u0131n al\u0131nan \u00fcr\u00fcnler aras\u0131nda renkli yap\u0131\u015fkanl\u0131 k\u00e2\u011f\u0131tlar\u0131n sat\u0131\u015f oranlar\u0131 dikkat \u00e7ekiyor.<\/h4>\n<h4>D\u00f6rt mevsime genel olarak bakt\u0131\u011f\u0131m\u0131zda, her zaman rahatl\u0131k ve konfor aray\u0131\u015f\u0131n\u0131n oldu\u011fu anla\u015f\u0131l\u0131yor. \u0130\u015fyerlerinde masa ba\u015f\u0131nda ge\u00e7irilen hareketsiz saatlere \u00e7\u00f6z\u00fcm olarak ayak deste\u011fi, bel yast\u0131\u011f\u0131 ve s\u0131rt deste\u011fi talepleri gittik\u00e7e art\u0131yor.<\/h4>\n<h4><strong>Mevsimlere g\u00f6re en \u00e7ok sat\u0131lan \u00fcr\u00fcnler<\/strong><\/h4>\n<table>\n<tbody>\n<tr>\n<td>\n<h4><strong>Sonbahar-K\u0131\u015f<\/strong><\/h4>\n<\/td>\n<td>\n<h4><strong>\u0130lkbahar-Yaz<\/strong><\/h4>\n<\/td>\n<\/tr>\n<tr>\n<td>\n<h4>Fanl\u0131 \u0131s\u0131t\u0131c\u0131<\/h4>\n<\/td>\n<td>\n<h4>So\u011fuk i\u00e7ecekler<\/h4>\n<\/td>\n<\/tr>\n<tr>\n<td>\n<h4>Klima<\/h4>\n<\/td>\n<td>\n<h4>Klima\/vantilat\u00f6r<\/h4>\n<\/td>\n<\/tr>\n<tr>\n<td>\n<h4>\u00c7ay\/kahve<\/h4>\n<\/td>\n<td>\n<h4>Islak mendil<\/h4>\n<\/td>\n<\/tr>\n<tr>\n<td>\n<h4>T\u00fcrk kahvesi<\/h4>\n<\/td>\n<td>\n<h4>T\u00fcrk kahvesi<\/h4>\n<\/td>\n<\/tr>\n<tr>\n<td>\n<h4>Personel \u00f6zl\u00fck dosyas\u0131<\/h4>\n<\/td>\n<td>\n<h4>Renkli yap\u0131\u015fkanl\u0131 k\u00e2\u011f\u0131t<\/h4>\n<\/td>\n<\/tr>\n<tr>\n<td colspan=\"2\">\n<h4><\/h4>\n<\/td>\n<\/tr>\n<\/tbody>\n<\/table>\n","protected":false},"excerpt":{"rendered":"<p>Mevsim \u015fartlar\u0131na g\u00f6re i\u015fyeri \u00e7al\u0131\u015fanlar\u0131n\u0131n kullan\u0131m al\u0131\u015fkanl\u0131klar\u0131 da de\u011fi\u015fiyor. \u00c7al\u0131\u015fanlar\u0131n so\u011fuk havalarda ihtiya\u00e7 duyduklar\u0131 i\u015fyeri malzemeleri ile s\u0131cak havalarda ihtiya\u00e7 duyduklar\u0131 malzemeler farkl\u0131 olabiliyor. \u0130\u015fyerinin al\u0131\u015fveri\u015f yeri Avansas.com\u2019un sat\u0131\u015f verilerine ve saha ara\u015ft\u0131rmalar\u0131na bak\u0131ld\u0131\u011f\u0131nda, bahar aylar\u0131n\u0131 ya\u015fad\u0131\u011f\u0131m\u0131z \u015fu g\u00fcnlerde k\u0131\u015f\u0131n tercih edilen \u0131s\u0131t\u0131c\u0131lar\u0131n yerini serinletici \u00fcr\u00fcnlerin ald\u0131\u011f\u0131 g\u00f6r\u00fcl\u00fcyor. \u0130\u015fyerlerinin vazge\u00e7ilmezlerinden birisinin ise T\u00fcrk kahvesi oldu\u011fu [&hellip;]<\/p>\n","protected":false},"author":1,"featured_media":14497,"comment_status":"open","ping_status":"open","sticky":false,"template":"","format":"standard","meta":{"ngg_post_thumbnail":0},"categories":[26],"tags":[8396,8397,11089,11320,389,11098,1697],"_links":{"self":[{"href":"https:\/\/emlaktuel.com\/index.php?rest_route=\/wp\/v2\/posts\/14496"}],"collection":[{"href":"https:\/\/emlaktuel.com\/index.php?rest_route=\/wp\/v2\/posts"}],"about":[{"href":"https:\/\/emlaktuel.com\/index.php?rest_route=\/wp\/v2\/types\/post"}],"author":[{"embeddable":true,"href":"https:\/\/emlaktuel.com\/index.php?rest_route=\/wp\/v2\/users\/1"}],"replies":[{"embeddable":true,"href":"https:\/\/emlaktuel.com\/index.php?rest_route=%2Fwp%2Fv2%2Fcomments&post=14496"}],"version-history":[{"count":1,"href":"https:\/\/emlaktuel.com\/index.php?rest_route=\/wp\/v2\/posts\/14496\/revisions"}],"predecessor-version":[{"id":14498,"href":"https:\/\/emlaktuel.com\/index.php?rest_route=\/wp\/v2\/posts\/14496\/revisions\/14498"}],"wp:featuredmedia":[{"embeddable":true,"href":"https:\/\/emlaktuel.com\/index.php?rest_route=\/wp\/v2\/media\/14497"}],"wp:attachment":[{"href":"https:\/\/emlaktuel.com\/index.php?rest_route=%2Fwp%2Fv2%2Fmedia&parent=14496"}],"wp:term":[{"taxonomy":"category","embeddable":true,"href":"https:\/\/emlaktuel.com\/index.php?rest_route=%2Fwp%2Fv2%2Fcategories&post=14496"},{"taxonomy":"post_tag","embeddable":true,"href":"https:\/\/emlaktuel.com\/index.php?rest_route=%2Fwp%2Fv2%2Ftags&post=14496"}],"curies":[{"name":"wp","href":"https:\/\/api.w.org\/{rel}","templated":true}]}}