{"id":14437,"date":"2017-05-19T12:36:53","date_gmt":"2017-05-19T09:36:53","guid":{"rendered":"http:\/\/emlaktuel.com\/?p=14437"},"modified":"2018-07-05T16:39:39","modified_gmt":"2018-07-05T13:39:39","slug":"seat-arona-sahneye-cikiyor","status":"publish","type":"post","link":"https:\/\/emlaktuel.com\/?p=14437","title":{"rendered":"Seat Arona sahneye \u00e7\u0131k\u0131yor"},"content":{"rendered":"<h4><img class=\"resim\" src=\"http:\/\/www.otomobilgazetesi.com\/uploads\/20170518130423_301242.jpg\" alt=\"\" border=\"0\" \/><\/h4>\n<div class=\"content\">\n<div class=\"ekstra\"><\/div>\n<p>\u0130spanyol otomotiv \u00fcreticisi Seat, SUV model yelpazesini geni\u015fletmeye devam ediyor. Ge\u00e7ti\u011fimiz aylarda \u00fcr\u00fcn gam\u0131na dahil etti\u011fi kompakt SUV\u2019u Ateca ile bir\u00e7ok kullan\u0131c\u0131n\u0131n be\u011fenisini kazanan marka \u015fimdi de Arona ismini verdi\u011fi B Segmenti temsilcisi ile yeniden boy g\u00f6stermeye haz\u0131rlan\u0131yor. Opel Mokka, Peugeot 2008 ve Renault Capture gibi modellere rakip olacak Arona\u2019n\u0131n, bu y\u0131l Seat\u2019\u0131n SUV ailesine kat\u0131lmas\u0131 bekleniyor.<\/p>\n<p>Kanarya Adalar\u0131\u2019ndaki Tenarife yak\u0131nlar\u0131nda ve \u0130talya\u2019daki Piyemonte b\u00f6lgesinde bulunan ayn\u0131 adl\u0131 iki yerle\u015fim yerinden ismini alan SUV, Seat\u2019\u0131n Barcelona\u2019daki Martorrel fabrikas\u0131nda \u00fcretilecek. \u00a0Modelin T\u00fcrkiye\u2019ye geli\u015f tarihi ile ilgili ise hen\u00fcz net bir bilgi bulunmuyor.<\/p>\n<\/div>\n","protected":false},"excerpt":{"rendered":"<p>\u0130spanyol otomotiv \u00fcreticisi Seat, SUV model yelpazesini geni\u015fletmeye devam ediyor. Ge\u00e7ti\u011fimiz aylarda \u00fcr\u00fcn gam\u0131na dahil etti\u011fi kompakt SUV\u2019u Ateca ile bir\u00e7ok kullan\u0131c\u0131n\u0131n be\u011fenisini kazanan marka \u015fimdi de Arona ismini verdi\u011fi B Segmenti temsilcisi ile yeniden boy g\u00f6stermeye haz\u0131rlan\u0131yor. Opel Mokka, Peugeot 2008 ve Renault Capture gibi modellere rakip olacak Arona\u2019n\u0131n, bu y\u0131l Seat\u2019\u0131n SUV ailesine [&hellip;]<\/p>\n","protected":false},"author":1,"featured_media":14438,"comment_status":"open","ping_status":"open","sticky":false,"template":"","format":"standard","meta":{"ngg_post_thumbnail":0},"categories":[5215],"tags":[6718,11089,6000,7530,8376,316],"_links":{"self":[{"href":"https:\/\/emlaktuel.com\/index.php?rest_route=\/wp\/v2\/posts\/14437"}],"collection":[{"href":"https:\/\/emlaktuel.com\/index.php?rest_route=\/wp\/v2\/posts"}],"about":[{"href":"https:\/\/emlaktuel.com\/index.php?rest_route=\/wp\/v2\/types\/post"}],"author":[{"embeddable":true,"href":"https:\/\/emlaktuel.com\/index.php?rest_route=\/wp\/v2\/users\/1"}],"replies":[{"embeddable":true,"href":"https:\/\/emlaktuel.com\/index.php?rest_route=%2Fwp%2Fv2%2Fcomments&post=14437"}],"version-history":[{"count":2,"href":"https:\/\/emlaktuel.com\/index.php?rest_route=\/wp\/v2\/posts\/14437\/revisions"}],"predecessor-version":[{"id":14440,"href":"https:\/\/emlaktuel.com\/index.php?rest_route=\/wp\/v2\/posts\/14437\/revisions\/14440"}],"wp:featuredmedia":[{"embeddable":true,"href":"https:\/\/emlaktuel.com\/index.php?rest_route=\/wp\/v2\/media\/14438"}],"wp:attachment":[{"href":"https:\/\/emlaktuel.com\/index.php?rest_route=%2Fwp%2Fv2%2Fmedia&parent=14437"}],"wp:term":[{"taxonomy":"category","embeddable":true,"href":"https:\/\/emlaktuel.com\/index.php?rest_route=%2Fwp%2Fv2%2Fcategories&post=14437"},{"taxonomy":"post_tag","embeddable":true,"href":"https:\/\/emlaktuel.com\/index.php?rest_route=%2Fwp%2Fv2%2Ftags&post=14437"}],"curies":[{"name":"wp","href":"https:\/\/api.w.org\/{rel}","templated":true}]}}