{"id":14406,"date":"2017-05-18T20:38:37","date_gmt":"2017-05-18T17:38:37","guid":{"rendered":"http:\/\/emlaktuel.com\/?p=14406"},"modified":"2018-07-05T16:39:08","modified_gmt":"2018-07-05T13:39:08","slug":"nef-fc-barcelonanin-yeni-sponsoru-oldu","status":"publish","type":"post","link":"https:\/\/emlaktuel.com\/?p=14406","title":{"rendered":"Nef, FC Barcelona\u2019n\u0131n yeni sponsoru oldu"},"content":{"rendered":"<h4><img loading=\"lazy\" class=\"alignleft size-full wp-image-14407\" src=\"http:\/\/emlaktuel.com\/wp-content\/uploads\/2017\/05\/nef.jpg\" alt=\"nef\" width=\"1181\" height=\"591\" \/><\/h4>\n<h4>T\u00fcrkiye\u2019nin lider gayrimenkul firmas\u0131 Nef Bebek\u00f6y\u2019de imzalanan anla\u015fma kapsam\u0131nda Nef ve FC Barcelona pek \u00e7ok ortak projeye imza atacak.<\/h4>\n<h4>Gayrimenkul sekt\u00f6r\u00fcn\u00fcn lider markas\u0131 Nef, d\u00fcnyan\u0131n en fazla taraftar say\u0131s\u0131na sahip spor kul\u00fcplerinden FC Barcelona\u2019n\u0131n b\u00f6lgesel resmi sponsoru oldu. 3 y\u0131ll\u0131k sponsorluk anla\u015fmas\u0131 kapsam\u0131nda Nef ve FC Barcelona ortak projeler ger\u00e7ekle\u015ftirilecek.<\/h4>\n<h4><\/h4>\n<h3><strong>Nef ve FC Barcelona ortak sosyal projeler ger\u00e7ekle\u015ftirecek<\/strong><\/h3>\n<h4>Nef \u0130cra Kurulu Ba\u015fkan\u0131 Erden Timur\u2018un ve FC Barcelona CRO\u2019su (Chief Revenue Officer &#8211; Gelirler B\u00f6l\u00fcm\u00fc Ba\u015fkan\u0131) Francesco Calvo\u2019nun kat\u0131ld\u0131\u011f\u0131 bir bas\u0131n toplant\u0131s\u0131yla a\u00e7\u0131klanan sponsorluk kapsam\u0131nda Nef, FC Barcelona\u2019n\u0131n isim ve logo kullan\u0131m haklar\u0131n\u0131n yan\u0131 s\u0131ra, reklam ve tan\u0131t\u0131m aktivitelerinde Barcelona tak\u0131m\u0131 ve oyuncular\u0131n\u0131n g\u00f6rsel kullan\u0131m haklar\u0131na sahip olacak. Dijital ve geleneksel pazarlama, ortak logolu \u00fcr\u00fcn \u00fcretimi ve sat\u0131\u015f\u0131, promosyonel haklar, aktivite ve etkinlik haklar\u0131 da Nef\u2019in sponsorluk kapsam\u0131nda sahip oldu\u011fu haklardan baz\u0131lar\u0131. Anla\u015fma ile FC Barcelona\u2019n\u0131n T\u00fcrkiye\u2019deki b\u00fcy\u00fcmesi g\u00fc\u00e7lenirken, Nef ile birlikte bu stratejik pazardaki mevcudiyeti de b\u00fcymeye devam edecek.<\/h4>\n<h4>Ayr\u0131ca Nef Vakf\u0131 ve FC Barcelona Vakf\u0131, ortak projeler geli\u015ftirerek sosyal sorumluluk bilincini sporun g\u00fcc\u00fcyle yaymak i\u00e7in \u00e7al\u0131\u015facak. \u0130ki taraf T\u00fcrkiye\u2019de ilk resmi FC Barcelona ma\u011fazas\u0131n\u0131n a\u00e7\u0131lmas\u0131 konusunda ortak ad\u0131m atabileceklerini de belirtti.<\/h4>\n<p><img loading=\"lazy\" class=\"alignleft size-full wp-image-14408\" src=\"http:\/\/emlaktuel.com\/wp-content\/uploads\/2017\/05\/1495104458_FCB_JL_NEF_regional_partner_traz_02-1.png\" alt=\"1495104458_FCB_JL_NEF_regional_partner_traz_02 (1)\" width=\"3508\" height=\"1770\" \/><\/p>\n<h3><strong>\u201cNef, FC Barcelona\u2019n\u0131n T\u00fcrkiye\u2019deki alg\u0131s\u0131n\u0131 g\u00fc\u00e7lendirecek\u201d<\/strong><\/h3>\n<h4>Bas\u0131n toplant\u0131s\u0131nda konu\u015fan FC Barcelona CRO\u2019su (Chief Revenue Officer &#8211; Gelirler B\u00f6l\u00fcm\u00fc Ba\u015fkan\u0131) Francesco Calvo; Nef ile imzalanan sponsorluk anla\u015fmas\u0131n\u0131n FC Barcelona i\u00e7in b\u00fcy\u00fck \u00f6neme sahip olan T\u00fcrkiye pazar\u0131nda daha da g\u00fc\u00e7lenme sa\u011flayaca\u011f\u0131n\u0131 belirtti. Francesco Calvo<strong> \u201c<\/strong>Nef gibi sekt\u00f6r\u00fcnde lider bir firma ile ortakl\u0131\u011f\u0131m\u0131z\u0131n ayn\u0131 zamanda FC Barcelona\u2019n\u0131n T\u00fcrkiye\u2019deki say\u0131s\u0131z taraftar\u0131yla daha da yak\u0131nla\u015fmam\u0131za vesile olaca\u011f\u0131na inan\u0131yoruz\u201d dedi.<\/h4>\n<h3><strong>\u201cFutbolun birle\u015ftirici g\u00fcc\u00fcne inan\u0131yoruz\u201d<\/strong><\/h3>\n<h4>Sporun toplumsal a\u00e7\u0131dan birle\u015ftirici g\u00fcc\u00fcne dikkat \u00e7eken Nef \u0130cra Kurulu Ba\u015fkan\u0131 Erden Timur, \u201c\u0130nsanlar, d\u00fcnyan\u0131n d\u00f6rt bir yan\u0131nda bu oyunun pe\u015finde yan yana durabiliyor, birlik olabiliyorlar. Bu a\u00e7\u0131dan futbol, ihtiya\u00e7 duyulan toplumsal duygular\u0131 art\u0131rmas\u0131 a\u00e7\u0131s\u0131ndan \u00f6nemli bir spor. Biz de Nef olarak sporun bu birle\u015ftirici g\u00fcc\u00fcne inan\u0131yoruz. 2016 y\u0131l\u0131nda Galatasaray\u2019\u0131n ana sponsoru olmu\u015ftuk. \u015eimdi de d\u00fcnyada en \u00e7ok taraftar\u0131 olan spor kul\u00fcb\u00fc FC Barcelona\u2019ya, sponsorlu\u011fumuzla futbolun birle\u015ftirici g\u00fcc\u00fcne katk\u0131 sunmay\u0131 ama\u00e7lad\u0131k\u201d dedi. Timur ayr\u0131ca bu i\u015fbirli\u011finin Nef\u2019in uluslararas\u0131 markala\u015fma hedefinde \u00f6nemli bir ad\u0131m oldu\u011funu da s\u00f6zlerine ekledi.<\/h4>\n<h3><strong>D\u00fcnya devleri ile ayn\u0131 ligde<\/strong><\/h3>\n<h4>T\u00fcrkiye\u2019de de hat\u0131r\u0131 say\u0131l\u0131r bir taraftar say\u0131s\u0131na sahip FC Barcelona\u2019n\u0131n resmi sponsorlar\u0131 aras\u0131nda Nike, Gilette, Audi, Coca Cola gibi d\u00fcnya devleri yer al\u0131yor.<\/h4>\n","protected":false},"excerpt":{"rendered":"<p>T\u00fcrkiye\u2019nin lider gayrimenkul firmas\u0131 Nef Bebek\u00f6y\u2019de imzalanan anla\u015fma kapsam\u0131nda Nef ve FC Barcelona pek \u00e7ok ortak projeye imza atacak. Gayrimenkul sekt\u00f6r\u00fcn\u00fcn lider markas\u0131 Nef, d\u00fcnyan\u0131n en fazla taraftar say\u0131s\u0131na sahip spor kul\u00fcplerinden FC Barcelona\u2019n\u0131n b\u00f6lgesel resmi sponsoru oldu. 3 y\u0131ll\u0131k sponsorluk anla\u015fmas\u0131 kapsam\u0131nda Nef ve FC Barcelona ortak projeler ger\u00e7ekle\u015ftirilecek. Nef ve FC Barcelona ortak [&hellip;]<\/p>\n","protected":false},"author":1,"featured_media":14407,"comment_status":"open","ping_status":"open","sticky":false,"template":"","format":"standard","meta":{"ngg_post_thumbnail":0},"categories":[221,97,5388,5214],"tags":[6718,3323,1923,98,8369,7840,8368,8370,11458,11414,316],"_links":{"self":[{"href":"https:\/\/emlaktuel.com\/index.php?rest_route=\/wp\/v2\/posts\/14406"}],"collection":[{"href":"https:\/\/emlaktuel.com\/index.php?rest_route=\/wp\/v2\/posts"}],"about":[{"href":"https:\/\/emlaktuel.com\/index.php?rest_route=\/wp\/v2\/types\/post"}],"author":[{"embeddable":true,"href":"https:\/\/emlaktuel.com\/index.php?rest_route=\/wp\/v2\/users\/1"}],"replies":[{"embeddable":true,"href":"https:\/\/emlaktuel.com\/index.php?rest_route=%2Fwp%2Fv2%2Fcomments&post=14406"}],"version-history":[{"count":1,"href":"https:\/\/emlaktuel.com\/index.php?rest_route=\/wp\/v2\/posts\/14406\/revisions"}],"predecessor-version":[{"id":14409,"href":"https:\/\/emlaktuel.com\/index.php?rest_route=\/wp\/v2\/posts\/14406\/revisions\/14409"}],"wp:featuredmedia":[{"embeddable":true,"href":"https:\/\/emlaktuel.com\/index.php?rest_route=\/wp\/v2\/media\/14407"}],"wp:attachment":[{"href":"https:\/\/emlaktuel.com\/index.php?rest_route=%2Fwp%2Fv2%2Fmedia&parent=14406"}],"wp:term":[{"taxonomy":"category","embeddable":true,"href":"https:\/\/emlaktuel.com\/index.php?rest_route=%2Fwp%2Fv2%2Fcategories&post=14406"},{"taxonomy":"post_tag","embeddable":true,"href":"https:\/\/emlaktuel.com\/index.php?rest_route=%2Fwp%2Fv2%2Ftags&post=14406"}],"curies":[{"name":"wp","href":"https:\/\/api.w.org\/{rel}","templated":true}]}}