{"id":1433,"date":"2016-06-12T13:20:26","date_gmt":"2016-06-12T10:20:26","guid":{"rendered":"http:\/\/emlaktuel.com\/?p=1433"},"modified":"2018-07-05T14:03:00","modified_gmt":"2018-07-05T11:03:00","slug":"avrasya-tunelinin-acilis-tarihi-belli-oldu","status":"publish","type":"post","link":"https:\/\/emlaktuel.com\/?p=1433","title":{"rendered":"Avrasya T\u00fcneli&#8217;nin a\u00e7\u0131l\u0131\u015f tarihi belli oldu!"},"content":{"rendered":"<div class=\"page-header\">\n<h1 class=\"title\"><\/h1>\n<p class=\"lead\">Ba\u015fbakan Binali Y\u0131ld\u0131r\u0131m T\u00fcnelin 20 Aral\u0131k 2016&#8217;da a\u00e7\u0131laca\u011f\u0131n\u0131 s\u00f6yledi.<\/p>\n<\/div>\n<div class=\"row-fluid page-social\">\n<div class=\"span12\">\n<div class=\"shr\">\n<div id=\"fb-root\" class=\" fb_reset\">\n<div><\/div>\n<div><\/div>\n<div><img loading=\"lazy\" class=\"alignnone wp-image-1435\" src=\"http:\/\/emlaktuel.com\/wp-content\/uploads\/2016\/06\/TUNEL_KESIT-300x225.jpg\" alt=\"TUNEL_KESIT\" width=\"483\" height=\"362\" \/><\/div>\n<\/div>\n<div class=\"reklam haber\">Ba\u015fbakan<strong> Binali Y\u0131ld\u0131r\u0131m<\/strong>, yapt\u0131\u011f\u0131 konu\u015fmada:<\/div>\n<\/div>\n<\/div>\n<\/div>\n<div id=\"newstext\" class=\"row-fluid page-content\">\n<p><strong>&#8220;Marmaray yap\u0131ld\u0131 ve a\u00e7\u0131ld\u0131. \u0130ki, hemen Marmaray&#8217;\u0131n yan\u0131nda Avrasya T\u00fcneli. Fatih&#8217;in gemileri karadan y\u00fcr\u00fctt\u00fc\u011f\u00fcn\u00fc biliyorsunuz. Dedemiz gemileri karadan y\u00fcr\u00fct\u00fcr de onu torunlar\u0131 trenleri denizlerin alt\u0131nda ge\u00e7iremez mi? Ge\u00e7irdik mi? Marmaray&#8217;\u0131 yapt\u0131k m\u0131? Hay\u0131rl\u0131 olsun. Yetmez. Yan\u0131nda \u015fimdi arabalar i\u00e7in bir t\u00fcnel yap\u0131yoruz. 20 Aral\u0131k&#8217;ta da onun a\u00e7\u0131l\u0131\u015f\u0131n\u0131 hep birlikte Cumhurba\u015fkan\u0131m\u0131zla beraber yapaca\u011f\u0131z. Hay\u0131rl\u0131 u\u011furlu olsun. Yetmedi Yavuz Sultan Selim K\u00f6pr\u00fcs\u00fc. D\u00fcnyan\u0131n \u00fczerinden tren yolu da ge\u00e7en en geni\u015f k\u00f6pr\u00fcs\u00fcn\u00fc bu g\u00fczel \u015fehre \u0130stanbul&#8217;a kazand\u0131rd\u0131k. 26 A\u011fustos&#8217;ta da b\u00fcy\u00fck bir co\u015fkuyla Yavuz Sultan Selim K\u00f6pr\u00fcs\u00fc&#8217;n\u00fc beraber a\u00e7aca\u011f\u0131z. \u0130stanbul ve \u0130zmir&#8217;i kom\u015fu kap\u0131s\u0131 yapacak \u0130stanbul-\u0130zmir Otoyolu ve Osmangazi K\u00f6pr\u00fcs\u00fc&#8230; D\u00fcnyan\u0131n 4. b\u00fcy\u00fck k\u00f6pr\u00fcs\u00fc. Bunun a\u00e7\u0131l\u0131\u015f\u0131n\u0131 da bu ay\u0131n 30&#8217;unda yapaca\u011f\u0131z. A\u00e7\u0131l\u0131\u015fa hepinizi bekliyorum. K\u00f6pr\u00fcy\u00fc a\u00e7aca\u011f\u0131z, iftar\u0131 da beraber yapaca\u011f\u0131z. Hay\u0131rl\u0131 olsun. Be\u015f, \u0130stanbul-Ankara h\u0131zl\u0131 treni yapt\u0131k m\u0131? Hizmete ald\u0131k m\u0131? Hay\u0131rl\u0131 olsun. Alt\u0131, d\u00fcnyan\u0131n en b\u00fcy\u00fck havaliman\u0131 nereye yak\u0131\u015f\u0131r? 26 \u015eubat 2018&#8217;de de d\u00fcnyan\u0131n en b\u00fcy\u00fck havaliman\u0131n\u0131 \u0130stanbullulara kazand\u0131r\u0131yoruz. Yedinci, Kanal \u0130stanbul&#8230; \u0130stanbul ikinci bo\u011faza kavu\u015fuyor. \u0130stanbul&#8217;a bir bo\u011faz yetmez. \u0130kinci bo\u011faz da Kanal \u0130stanbul geliyor.&#8221; <\/strong>dedi.<\/p>\n<p>&nbsp;<\/p>\n<\/div>\n","protected":false},"excerpt":{"rendered":"<p>Ba\u015fbakan Binali Y\u0131ld\u0131r\u0131m T\u00fcnelin 20 Aral\u0131k 2016&#8217;da a\u00e7\u0131laca\u011f\u0131n\u0131 s\u00f6yledi. Ba\u015fbakan Binali Y\u0131ld\u0131r\u0131m, yapt\u0131\u011f\u0131 konu\u015fmada: &#8220;Marmaray yap\u0131ld\u0131 ve a\u00e7\u0131ld\u0131. \u0130ki, hemen Marmaray&#8217;\u0131n yan\u0131nda Avrasya T\u00fcneli. Fatih&#8217;in gemileri karadan y\u00fcr\u00fctt\u00fc\u011f\u00fcn\u00fc biliyorsunuz. Dedemiz gemileri karadan y\u00fcr\u00fct\u00fcr de onu torunlar\u0131 trenleri denizlerin alt\u0131nda ge\u00e7iremez mi? Ge\u00e7irdik mi? Marmaray&#8217;\u0131 yapt\u0131k m\u0131? Hay\u0131rl\u0131 olsun. Yetmez. Yan\u0131nda \u015fimdi arabalar i\u00e7in bir t\u00fcnel [&hellip;]<\/p>\n","protected":false},"author":1,"featured_media":1434,"comment_status":"open","ping_status":"open","sticky":false,"template":"","format":"standard","meta":{"ngg_post_thumbnail":0},"categories":[1,26,27,97],"tags":[4005,477,505,199,507,62,73,198,242,80,478,506,920,2393,11205,851,503],"_links":{"self":[{"href":"https:\/\/emlaktuel.com\/index.php?rest_route=\/wp\/v2\/posts\/1433"}],"collection":[{"href":"https:\/\/emlaktuel.com\/index.php?rest_route=\/wp\/v2\/posts"}],"about":[{"href":"https:\/\/emlaktuel.com\/index.php?rest_route=\/wp\/v2\/types\/post"}],"author":[{"embeddable":true,"href":"https:\/\/emlaktuel.com\/index.php?rest_route=\/wp\/v2\/users\/1"}],"replies":[{"embeddable":true,"href":"https:\/\/emlaktuel.com\/index.php?rest_route=%2Fwp%2Fv2%2Fcomments&post=1433"}],"version-history":[{"count":2,"href":"https:\/\/emlaktuel.com\/index.php?rest_route=\/wp\/v2\/posts\/1433\/revisions"}],"predecessor-version":[{"id":1437,"href":"https:\/\/emlaktuel.com\/index.php?rest_route=\/wp\/v2\/posts\/1433\/revisions\/1437"}],"wp:featuredmedia":[{"embeddable":true,"href":"https:\/\/emlaktuel.com\/index.php?rest_route=\/wp\/v2\/media\/1434"}],"wp:attachment":[{"href":"https:\/\/emlaktuel.com\/index.php?rest_route=%2Fwp%2Fv2%2Fmedia&parent=1433"}],"wp:term":[{"taxonomy":"category","embeddable":true,"href":"https:\/\/emlaktuel.com\/index.php?rest_route=%2Fwp%2Fv2%2Fcategories&post=1433"},{"taxonomy":"post_tag","embeddable":true,"href":"https:\/\/emlaktuel.com\/index.php?rest_route=%2Fwp%2Fv2%2Ftags&post=1433"}],"curies":[{"name":"wp","href":"https:\/\/api.w.org\/{rel}","templated":true}]}}