{"id":14323,"date":"2017-05-17T06:05:49","date_gmt":"2017-05-17T03:05:49","guid":{"rendered":"http:\/\/emlaktuel.com\/?p=14323"},"modified":"2018-07-05T16:37:47","modified_gmt":"2018-07-05T13:37:47","slug":"yeni-atakoye-5-bin-rezidans","status":"publish","type":"post","link":"https:\/\/emlaktuel.com\/?p=14323","title":{"rendered":"Yeni Atak\u00f6y&#8217;e, 5 bin rezidans"},"content":{"rendered":"<h3 class=\"news-detail-title selectionShareable\"><img loading=\"lazy\" class=\"alignleft size-full wp-image-14326\" src=\"http:\/\/emlaktuel.com\/wp-content\/uploads\/2017\/05\/atako\u0308y.jpg\" alt=\"atako\u0308y\" width=\"1181\" height=\"591\" \/><\/h3>\n<h3 class=\"news-detail-title selectionShareable\">Atak\u00f6y, gayrimenkulde yeni\u00a0bahar\u0131n\u0131 ya\u015f\u0131yor!<\/h3>\n<div class=\"centerAd\">\n<h4>Atak\u00f6y son zamanda\u00a0hem sahil aks\u0131nda hem de E-5 hatt\u0131nda yo\u011fun bir yap\u0131la\u015fma i\u00e7inde. \u0130stanbul&#8217;un en g\u00fczel deniz manzaras\u0131na sahip b\u00f6lgelerinden biri Atak\u00f6y&#8217;de deyim yerindeyse projeler pe\u015f pe\u015fe yar\u0131\u015f\u0131yor.<\/h4>\n<\/div>\n<h4 class=\"topP\">Atak\u00f6y&#8217;de 10 konut projesi in\u015fa edilyor.\u00a0B\u00f6lgede dairelerin metrekare birim fiyatlar\u0131 ortalama 30 bin liradan ba\u015fl\u0131yor. Arta\u015f in\u015faat Y\u00f6netim Kurulu Ba\u015fkan\u0131 S\u00fcleyman \u00c7etinsaya &#8220;Do\u011fru lokasyonda yap\u0131lan projelerin hi\u00e7bir zaman sat\u0131\u015f problemi olmuyor&#8221; dedi.<\/h4>\n<div>\n<h4>\u0130stanbul&#8217;un en eski sahil kasabalar\u0131ndan Atak\u00f6y&#8217;de Arta\u015f, Kuzu Grup, A\u015f\u00e7\u0131o\u011flu, Nef gibi b\u00fcy\u00fck firmalar\u00a0\u015firketler, \u00fcst gelir grubuna hitap eden rezidanslar in\u015fa ediyor.<\/h4>\n<h3>Ya\u015far A\u015f\u00e7\u0131o\u011flu: Yeni Atak\u00f6y&#8217;e ilk yat\u0131r\u0131m yapan firma biziz!<\/h3>\n<div><\/div>\n<p><img loading=\"lazy\" class=\"alignleft size-full wp-image-14324\" src=\"http:\/\/emlaktuel.com\/wp-content\/uploads\/2017\/05\/MzcxNDk4MT-atakoy-gayrimenkulde-ikinci-baharini-yasiyor.jpg\" alt=\"ya\u015far a\u015f\u00e7\u0131o\u011flu\" width=\"660\" height=\"330\" \/><\/p>\n<p>A\u015f\u00e7\u0131o\u011flu Grubu Y\u00f6netim Kurulu Ba\u015fkan\u0131 Ya\u015far A\u015f\u00e7\u0131o\u011flu &#8221; Yeni Atak\u00f6y&#8217;e ilk yat\u0131r\u0131m yapan firma\u00a0biz olduk. 2014 y\u0131l\u0131nda 349 birimden olu\u015fan konut projemizi Selenium Atak\u00f6y&#8217;\u00fc sat\u0131\u015fa sunduk. 2014 y\u0131l\u0131nda konut fiyatlar\u0131 6 bin lira seviyesindeydi bug\u00fcn 12 bin liraya kadar y\u00fckseldi. Retro ve Retro 9 projelerimizle birlikte 2019 y\u0131l\u0131na kadar toplam 315 milyon dolar yat\u0131r\u0131m yapaca\u011f\u0131z&#8221; dedi.<\/p>\n<h3>S\u00fcleyman \u00c7etinsaya: Do\u011fru lokasyonda yap\u0131lan projelerin sat\u0131\u015f problemi olmuyor!<\/h3>\n<div><img loading=\"lazy\" class=\"alignleft size-full wp-image-14325\" src=\"http:\/\/emlaktuel.com\/wp-content\/uploads\/2017\/05\/MTQ4MTAwMj-atakoy-gayrimenkulde-ikinci-baharini-yasiyor.jpg\" alt=\"s\u00fcleyman \u00e7etinsaya\" width=\"660\" height=\"330\" \/><\/div>\n<p>Arta\u015f in\u015faat Y\u00f6netim Kurulu Ba\u015fkan\u0131 S\u00fcleyman \u00c7etinsaya \u015f\u00f6yle dedi &#8220;Avrupa Konutlar\u0131 markal\u0131 13&#8217;\u00fcnc\u00fc projemizi 350 milyon lira yat\u0131r\u0131mla Atak\u00f6y&#8217;de in\u015fa ettik. Projenin rezidans etab\u0131n\u0131n y\u00fczde 76&#8217;l\u0131k b\u00f6l\u00fcm\u00fc 3 ay gibi k\u0131sa bir s\u00fcrede sahiplerini buldu. Do\u011fru lokasyon ve do\u011fru zamanda yap\u0131lan projelerin sat\u0131\u015f problemi olmuyor &#8220;.<\/p>\n<h3>Fyatlar durmadan y\u00fckeliyor<\/h3>\n<h4>Yat\u0131r\u0131mc\u0131lar\u0131n ilgisini \u00e7eken Atak\u00f6y&#8217;de yeni bititrilen\u00a010 markal\u0131 projede 5 bin 142 rezidans yer al\u0131yor. \u00a04 y\u0131l \u00f6nce Atak\u00f6y&#8217;de metrekare birim fiyat\u0131 6 -7 bin lira\u00a0iken, \u015fimd,ilerde\u00a0bu rakam 13 -14 bin liraya y\u00fckseldi.<\/h4>\n<h4>B\u00f6lgede 1+1 dairelerin metrekare birim fiyat aral\u0131\u011f\u0131 8 bin ile 30 bin lira aras\u0131nda de\u011fi\u015fiyor, 2+1 dairelerin metrekare birim fiyat aral\u0131\u011f\u0131 9 bin lira ile 27 bin lira, 3+1 ve daha b\u00fcy\u00fck tipteki konutlar\u0131n metrekare birim fiyat aral\u0131\u011f\u0131 ise 10 bin lira ile 25 bin lira aras\u0131nda de\u011fi\u015fiyor.<\/h4>\n<h3>Atak\u00f6y kolay lokasyon<\/h3>\n<h4>Atak\u00f6y adres bilgilerine g\u00f6re Yenikap\u0131 &#8211; Ye\u015filk\u00f6y metrosu, Atat\u00fcrk Havaliman\u0131, Marmaray, Avrasya T\u00fcneli, E-5 \u00fce D-100 karayolu, metrob\u00fcs, yeni yap\u0131lacak havaray ve metro hatt\u0131yla b\u00f6lge \u015fehrin t\u00fcm ula\u015f\u0131m akslar\u0131n\u0131n \u00e7ak\u0131\u015ft\u0131\u011f\u0131 bir konumda yer al\u0131yor.<\/h4>\n<h2><\/h2>\n<\/div>\n","protected":false},"excerpt":{"rendered":"<p>Atak\u00f6y, gayrimenkulde yeni\u00a0bahar\u0131n\u0131 ya\u015f\u0131yor! Atak\u00f6y son zamanda\u00a0hem sahil aks\u0131nda hem de E-5 hatt\u0131nda yo\u011fun bir yap\u0131la\u015fma i\u00e7inde. \u0130stanbul&#8217;un en g\u00fczel deniz manzaras\u0131na sahip b\u00f6lgelerinden biri Atak\u00f6y&#8217;de deyim yerindeyse projeler pe\u015f pe\u015fe yar\u0131\u015f\u0131yor. Atak\u00f6y&#8217;de 10 konut projesi in\u015fa edilyor.\u00a0B\u00f6lgede dairelerin metrekare birim fiyatlar\u0131 ortalama 30 bin liradan ba\u015fl\u0131yor. Arta\u015f in\u015faat Y\u00f6netim Kurulu Ba\u015fkan\u0131 S\u00fcleyman \u00c7etinsaya &#8220;Do\u011fru [&hellip;]<\/p>\n","protected":false},"author":1,"featured_media":14326,"comment_status":"open","ping_status":"open","sticky":false,"template":"","format":"standard","meta":{"ngg_post_thumbnail":0},"categories":[221,5217,97,5388],"tags":[272,8318,8317,3976,8319,8316,477,130,11570,80,468,2733,11277],"_links":{"self":[{"href":"https:\/\/emlaktuel.com\/index.php?rest_route=\/wp\/v2\/posts\/14323"}],"collection":[{"href":"https:\/\/emlaktuel.com\/index.php?rest_route=\/wp\/v2\/posts"}],"about":[{"href":"https:\/\/emlaktuel.com\/index.php?rest_route=\/wp\/v2\/types\/post"}],"author":[{"embeddable":true,"href":"https:\/\/emlaktuel.com\/index.php?rest_route=\/wp\/v2\/users\/1"}],"replies":[{"embeddable":true,"href":"https:\/\/emlaktuel.com\/index.php?rest_route=%2Fwp%2Fv2%2Fcomments&post=14323"}],"version-history":[{"count":2,"href":"https:\/\/emlaktuel.com\/index.php?rest_route=\/wp\/v2\/posts\/14323\/revisions"}],"predecessor-version":[{"id":14331,"href":"https:\/\/emlaktuel.com\/index.php?rest_route=\/wp\/v2\/posts\/14323\/revisions\/14331"}],"wp:featuredmedia":[{"embeddable":true,"href":"https:\/\/emlaktuel.com\/index.php?rest_route=\/wp\/v2\/media\/14326"}],"wp:attachment":[{"href":"https:\/\/emlaktuel.com\/index.php?rest_route=%2Fwp%2Fv2%2Fmedia&parent=14323"}],"wp:term":[{"taxonomy":"category","embeddable":true,"href":"https:\/\/emlaktuel.com\/index.php?rest_route=%2Fwp%2Fv2%2Fcategories&post=14323"},{"taxonomy":"post_tag","embeddable":true,"href":"https:\/\/emlaktuel.com\/index.php?rest_route=%2Fwp%2Fv2%2Ftags&post=14323"}],"curies":[{"name":"wp","href":"https:\/\/api.w.org\/{rel}","templated":true}]}}