{"id":14299,"date":"2017-05-16T10:48:48","date_gmt":"2017-05-16T07:48:48","guid":{"rendered":"http:\/\/emlaktuel.com\/?p=14299"},"modified":"2018-07-05T16:37:31","modified_gmt":"2018-07-05T13:37:31","slug":"14299","status":"publish","type":"post","link":"https:\/\/emlaktuel.com\/?p=14299","title":{"rendered":"SEAT Ibiza A\u011fustos\u2019ta geliyor!"},"content":{"rendered":"<h4>SEAT\u2019\u0131n tasar\u0131m\u0131, kalitesi, teknolojik \u00f6zellikleri ve etkileyici dinamizmi ile \u015fimdiye kadar geli\u015ftirdi\u011fi ve \u201cen iyi Ibiza\u201d olarak tan\u0131mlad\u0131\u011f\u0131 Yeni Ibiza ferah i\u00e7 tasar\u0131m\u0131 ile daha konforlu bir s\u00fcr\u00fc\u015f sunuyor.<\/h4>\n<div class=\"content\">\n<h4 class=\"resim\"><img class=\"resim\" src=\"http:\/\/www.otomobilgazetesi.com\/uploads\/20170515221151_seat-ibiza-010l.jpg\" alt=\"\" border=\"0\" \/><\/h4>\n<div class=\"info\"><\/div>\n<div class=\"temizle\"><\/div>\n<h4>\u0130lk kez Cenevre Otomobil Fuar\u0131\u2019nda g\u00f6r\u00fcc\u00fcye \u00e7\u0131kan Yeni Ibiza, T\u00fcrkiye\u2019de y\u0131l\u0131n \u00fc\u00e7\u00fcnc\u00fc \u00e7eyre\u011finden itibaren, 4 ayr\u0131 donan\u0131m paketi ve benzinli-dizel motor se\u00e7enekleri ile sat\u0131\u015fa sunulacak.<\/h4>\n<h4>D\u00f6rt nesil ve 5.4 milyonu a\u015fk\u0131n sat\u0131\u015f rakam\u0131n\u0131n ard\u0131ndan, SEAT Ibiza\u2019n\u0131n 5. nesli; ileri teknolojisi, \u00e7arp\u0131c\u0131 dinamizmi, geli\u015ftirilmi\u015f i\u00e7 mekan\u0131 ve konfor y\u00f6n\u00fcnden ge\u00e7irdi\u011fi iyile\u015ftirmeleri ile yollara \u00e7\u0131k\u0131yor. \u0130spanyol markan\u0131n bu en ikonik modelinin al\u0131\u015f\u0131ld\u0131k gen\u00e7lik dolu, i\u015flevsel, sportif ve rahat ruhu, bu kez yepyeni bir tarzla bulu\u015fuyor. SEAT\u2019\u0131n karakteristik DNA&#8217;s\u0131n\u0131 yans\u0131tan \u00e7arp\u0131c\u0131 yeni tasar\u0131m\u0131, bu kez daha rafine, heyecan verici ve modern \u00e7izgilerle birle\u015fip, \u00e7ok daha keskin ve sportif bir g\u00f6r\u00fcn\u00fcm sunuyor.<\/h4>\n<h4><img src=\"http:\/\/www.otomobilgazetesi.com\/uploads\/files\/20170515221154_seat-ibiza-016l.jpg\" alt=\"\" \/><\/h4>\n<h4><strong>SEAT T\u00fcrkiye d\u00fcnya s\u0131ralamas\u0131nda alt\u0131nc\u0131 oldu !<\/strong><\/h4>\n<h4>Lansmanda konu\u015ftu\u011fumuz Seat T\u00fcrkiye Pazarlama M\u00fcd\u00fcr\u00fc Tilbe Polat \u00e7arp\u0131c\u0131 rakamlar verdi. Seat T\u00fcrkiye\u2019nin d\u00fcnya sat\u0131\u015flar\u0131 aras\u0131nda Almanya, \u0130spanya, \u0130ngiltere, Meksika, Fransa\u2019dan sonra 6\u2019\u0131nc\u0131 s\u0131rada yer ald\u0131\u011f\u0131n\u0131 s\u00f6yleyen Polat, iki y\u0131l \u00fcst\u00fcste sat\u0131\u015f\u0131n\u0131 en \u00e7ok artt\u0131ran \u00fclke olduklar\u0131n\u0131 da belirtti. Halen sat\u0131\u015f performans\u0131 ile Seat\u2019\u0131n en b\u00fcy\u00fck distrib\u00fct\u00f6r\u00fc olduklar\u0131n\u0131 s\u00f6yleyen Tilbe Polat 20 y\u0131lda toplam 60 bin adet \u0130biza sat\u0131ld\u0131\u011f\u0131n\u0131 belirtirken bun sat\u0131\u015f\u0131n y\u00fczde 63\u2019\u00fcn\u00fc 40 ya\u015f alt\u0131 ve y\u00fczde 56\u2019s\u0131n\u0131 da \u00fcniversite mezunlar\u0131ndan olu\u015ftu\u011funu s\u00f6zlerine ekledi.\u00a0 Polat, hedeflerinin en gen\u00e7 m\u00fc\u015fteri profiline sahip olmak oldu\u011funu s\u00f6yledi.<\/h4>\n<h4><img src=\"http:\/\/www.otomobilgazetesi.com\/uploads\/files\/20170515221213_tilbepolat-aracin-solundakii.jpg\" alt=\"\" \/><\/h4>\n<h4><em><strong>Seat T\u00fcrkiye Pazarlama M\u00fcd\u00fcr\u00fc Tilbe Polat\u00a0<\/strong><\/em><\/h4>\n<h4><\/h4>\n<h4><strong>Yeni Birlik Gazetesi&#8217;nden al\u0131nm\u0131\u015ft\u0131r<\/strong><\/h4>\n<h4 class=\"temizle\"><\/h4>\n<div class=\"ekstra\">\n<h4 class=\"paylas\"><a class=\"sosyal facebook tip\" title=\"Facebook'ta Payla\u015f\" href=\"https:\/\/www.facebook.com\/sharer\/sharer.php?u=http%3A%2F%2Fwww.otomobilgazetesi.com%2Fhaber%2Fseat-ibiza-agustosta-geliyor_h3194.html\"><i class=\"icon-facebook-sign\"><\/i> Payla\u015f<\/a><a class=\"sosyal twitter tip\" title=\"Twitter'da Tweetle\" href=\"http:\/\/twitter.com\/share?text=SEAT+Ibiza+A%C4%9Fustos%E2%80%99ta+geliyor%21&amp;url=http%3A%2F%2Fwww.otomobilgazetesi.com%2Fhaber%2Fseat-ibiza-agustosta-geliyor_h3194.html\"><i class=\"icon-twitter-sign\"><\/i> Tweetle<\/a><a class=\"sosyal google tip\" title=\"Google+'da Payla\u015f\" href=\"https:\/\/plus.google.com\/share?url=http%3A%2F%2Fwww.otomobilgazetesi.com%2Fhaber%2Fseat-ibiza-agustosta-geliyor_h3194.html\"><i class=\"icon-google-plus-sign\"><\/i> Payla\u015f<\/a><\/h4>\n<h4 class=\"temizle\"><\/h4>\n<\/div>\n<\/div>\n","protected":false},"excerpt":{"rendered":"<p>SEAT\u2019\u0131n tasar\u0131m\u0131, kalitesi, teknolojik \u00f6zellikleri ve etkileyici dinamizmi ile \u015fimdiye kadar geli\u015ftirdi\u011fi ve \u201cen iyi Ibiza\u201d olarak tan\u0131mlad\u0131\u011f\u0131 Yeni Ibiza ferah i\u00e7 tasar\u0131m\u0131 ile daha konforlu bir s\u00fcr\u00fc\u015f sunuyor. \u0130lk kez Cenevre Otomobil Fuar\u0131\u2019nda g\u00f6r\u00fcc\u00fcye \u00e7\u0131kan Yeni Ibiza, T\u00fcrkiye\u2019de y\u0131l\u0131n \u00fc\u00e7\u00fcnc\u00fc \u00e7eyre\u011finden itibaren, 4 ayr\u0131 donan\u0131m paketi ve benzinli-dizel motor se\u00e7enekleri ile sat\u0131\u015fa sunulacak. D\u00f6rt [&hellip;]<\/p>\n","protected":false},"author":1,"featured_media":14300,"comment_status":"open","ping_status":"open","sticky":false,"template":"","format":"standard","meta":{"ngg_post_thumbnail":0},"categories":[5215],"tags":[11393,11440,11243,11098,8306,316],"_links":{"self":[{"href":"https:\/\/emlaktuel.com\/index.php?rest_route=\/wp\/v2\/posts\/14299"}],"collection":[{"href":"https:\/\/emlaktuel.com\/index.php?rest_route=\/wp\/v2\/posts"}],"about":[{"href":"https:\/\/emlaktuel.com\/index.php?rest_route=\/wp\/v2\/types\/post"}],"author":[{"embeddable":true,"href":"https:\/\/emlaktuel.com\/index.php?rest_route=\/wp\/v2\/users\/1"}],"replies":[{"embeddable":true,"href":"https:\/\/emlaktuel.com\/index.php?rest_route=%2Fwp%2Fv2%2Fcomments&post=14299"}],"version-history":[{"count":2,"href":"https:\/\/emlaktuel.com\/index.php?rest_route=\/wp\/v2\/posts\/14299\/revisions"}],"predecessor-version":[{"id":14302,"href":"https:\/\/emlaktuel.com\/index.php?rest_route=\/wp\/v2\/posts\/14299\/revisions\/14302"}],"wp:featuredmedia":[{"embeddable":true,"href":"https:\/\/emlaktuel.com\/index.php?rest_route=\/wp\/v2\/media\/14300"}],"wp:attachment":[{"href":"https:\/\/emlaktuel.com\/index.php?rest_route=%2Fwp%2Fv2%2Fmedia&parent=14299"}],"wp:term":[{"taxonomy":"category","embeddable":true,"href":"https:\/\/emlaktuel.com\/index.php?rest_route=%2Fwp%2Fv2%2Fcategories&post=14299"},{"taxonomy":"post_tag","embeddable":true,"href":"https:\/\/emlaktuel.com\/index.php?rest_route=%2Fwp%2Fv2%2Ftags&post=14299"}],"curies":[{"name":"wp","href":"https:\/\/api.w.org\/{rel}","templated":true}]}}