{"id":14279,"date":"2017-05-16T08:24:37","date_gmt":"2017-05-16T05:24:37","guid":{"rendered":"http:\/\/emlaktuel.com\/?p=14279"},"modified":"2018-07-05T16:37:08","modified_gmt":"2018-07-05T13:37:08","slug":"cinle-yeni-bir-sayfa-actik","status":"publish","type":"post","link":"https:\/\/emlaktuel.com\/?p=14279","title":{"rendered":"\u00c7inle yeni bir sayfa a\u00e7t\u0131k"},"content":{"rendered":"<div class=\"col-sm-12 view20\">\n<h4 class=\"pageTitle\"><img src=\"http:\/\/ia.sabah.com.tr\/d5bb72\/752\/395\/0\/0\/1138\/596?u=http:\/\/i.sabah.com.tr\/sbh\/2017\/05\/15\/dunya-ticaretinin-orta-koridoru-1494833703085.jpg\" alt=\"D\u00fcnya ticaretinin orta koridoru\" data-original=\"http:\/\/ia.sabah.com.tr\/d5bb72\/752\/395\/0\/0\/1138\/596?u=http:\/\/i.sabah.com.tr\/sbh\/2017\/05\/15\/dunya-ticaretinin-orta-koridoru-1494833703085.jpg\" \/><\/h4>\n<\/div>\n<div class=\"col-sm-12 view20\">\n<h4 class=\"spot selectionShareable\">Cumhurba\u015fkan\u0131 Erdo\u011fan, \u201cYeni \u0130pekyolu giri\u015fimiyle d\u00fcnya ticaretinin orta koridoru diye adland\u0131r\u0131lan yolda h\u0131zla ilerliyoruz. Yat\u0131r\u0131mlar\u0131m\u0131z bu projeyle daha da g\u00fc\u00e7lenecek\u201d dedi<\/h4>\n<div class=\"newsDetailText\">\n<p>Cumhurba\u015fkan\u0131 Recep Tayyip Erdo\u011fan, <a class=\"tkktLnk\" href=\"http:\/\/www.sabah.com.tr\/haberleri\/pekin\" target=\"_blank\" rel=\"tag\">Pekin<\/a> Olimpiyat Merkezi&#8217;ndeki \u00c7in Ulusal Kongre Merkezi&#8217;nde d\u00fczenlenen, &#8220;Ku\u015fak ve Yol Forumu&#8221;nun a\u00e7\u0131l\u0131\u015f t\u00f6reni ve yapt\u0131\u011f\u0131 ikili g\u00f6r\u00fc\u015fmelerden sonra gazetelerin genel yay\u0131n y\u00f6netmenleriyle u\u00e7akta bir araya geldi. Toplant\u0131da Yeni \u0130pek Yolu giri\u015fimi ile ilgili bilgi veren Erdo\u011fan, \u015funlar\u0131 s\u00f6yledi: &#8220;28 \u00fclkenin devlet ve h\u00fck\u00fcmet ba\u015fkanlar\u0131yla d\u00f6rt uluslararas\u0131 kurulu\u015f ve 200 bakan buradaki toplant\u0131ya kat\u0131lm\u0131\u015f bulunuyor. <a class=\"tkktLnk\" href=\"http:\/\/www.sabah.com.tr\/haberleri\/yeni-ipekyolu\" target=\"_blank\" rel=\"tag\">Yeni \u0130pekyolu<\/a> olarak da adland\u0131r\u0131lan bu &#8216;Ku\u015fak ve Yol Giri\u015fimi&#8217;, Asya&#8217;y\u0131 Anadolu \u00fczerinden Avrupa&#8217;ya ba\u011fl\u0131yor. Biz kara, deniz ve havayolu projeleriyle d\u00fcnya ticaretinin orta koridoru diye adland\u0131r\u0131lan bu yolda h\u0131zla ilerliyoruz. Yat\u0131r\u0131mlar\u0131m\u0131z bu projeyle daha da g\u00fc\u00e7lenecek.&#8221;<\/p>\n<div class=\"singleManset\"><\/div>\n<h4 class=\"newsBox selectionShareable\">D\u00fcnya ekonomisinin merkezinin do\u011fuya kayd\u0131\u011f\u0131n\u0131 vurgulayan Erdo\u011fan, sadece Avrupa ile \u00c7in aras\u0131ndaki ticaret hacminin 600 milyar dolara ula\u015fmas\u0131n\u0131n bu de\u011ferlendirmeyi teyit etti\u011fini kaydetti. Asya ve Avrupa&#8217;n\u0131n kesi\u015fme noktas\u0131nda bulunan T\u00fcrkiye&#8217;nin, \u00f6zel co\u011frafi konumuyla \u0130pek Yolu co\u011frafyas\u0131n\u0131n \u00f6nde gelen \u00fclkelerinden birisi oldu\u011funu s\u00f6yleyen Erdo\u011fan, \u015f\u00f6yle devam etti: &#8220;\u00c7in&#8217;in, \u0130pek Yolu ekonomik koridoru giri\u015fimi, \u00fclkemizin Avrupa&#8217;n\u0131n Anadolu \u00fczerinden Orta Asya&#8217;ya ve oradan da \u00c7in&#8217;e ba\u011flanmas\u0131n\u0131 hedefleyen Orta Koridor Projesiyle b\u00fct\u00fcnle\u015fiyor. Bilindi\u011fi gibi Orta Koridor, T\u00fcrkiye&#8217;den G\u00fcrcistan ve Azerbaycan&#8217;a y\u00f6nelen oradan Hazar denizini a\u015farak, T\u00fcrkmenistan, Kazakistan, \u00d6zbekistan&#8217;\u0131 ge\u00e7en, Afganistan ve Pakistan&#8217;\u0131 da kapsayacak \u015fekilde \u00c7in&#8217;de nihayet bulan bir ticaret yolu projesidir. Bu \u00e7er\u00e7evede \u00c7in&#8217;le ve di\u011fer g\u00fczerg\u00e2h \u00fclkeleriyle birlikte hareket etmek istiyoruz.&#8221;<br \/>\n<img src=\"http:\/\/ia.sabah.com.tr\/6dbc01\/0\/0\/0\/0\/1034\/357?u=http:\/\/i.sabah.com.tr\/sbh\/2017\/05\/15\/dunya-ticaretinin-orta-koridoru-1494799147514.jpeg&amp;mw=650\" alt=\"\" \/><br \/>\nCumhurba\u015fkan\u0131 Erdo\u011fan liderlerle aile foto\u011fraf\u0131 \u00e7ektirdi. Foto\u011fraf \u00e7ekimi s\u0131ras\u0131nda ev sahibi olan \u00c7in Devlet Ba\u015fkan\u0131 \u015ei&#8217;nin bir taraf\u0131nda Cumhurba\u015fkan\u0131 Erdo\u011fan yer al\u0131rken, di\u011fer taraf\u0131nda Rusya Devlet Ba\u015fkan\u0131 Putin haz\u0131r bulundu.<\/p>\n<p><b>Bir y\u0131lda d\u00f6rt g\u00f6r\u00fc\u015fme<\/b><br \/>\n\u00c7in Devlet Ba\u015fkan\u0131 \u015ei Jingping, ile d\u00f6rd\u00fcnc\u00fc kez bir araya geldiklerini, ticaret ve kar\u015f\u0131l\u0131kl\u0131 yat\u0131r\u0131mlar konusunda g\u00f6r\u00fc\u015fmeler yapt\u0131klar\u0131n\u0131 ifade eden Erdo\u011fan, &#8220;3. n\u00fckleer santral m\u00fczakerelerini Enerji ve Tabii Kaynaklar Bakanl\u0131\u011f\u0131m\u0131z \u00c7in&#8217;le g\u00f6t\u00fcr\u00fcyor. Bir de T\u00fcrkiye&#8217;ye gelen \u00c7inli turistlerin artmas\u0131 konusunda \u00e7al\u0131\u015fmalar var. FET\u00d6&#8217;ye kar\u015f\u0131 tedbirler, zaten buraya pek yeterince giremediler ya da herhalde tutunamad\u0131lar. Belki de arad\u0131klar\u0131 zemini bulamad\u0131lar. Ter\u00f6rle m\u00fccadeleye g\u00fcvenlik konusunda m\u00fc\u015fterek i\u015fbirli\u011fi ortak karar\u0131m\u0131z&#8221; diye konu\u015ftu. Erdo\u011fan ve e\u015fi Emine Erdo\u011fan, daha sonra 29 \u00fclke liderinin kat\u0131ld\u0131\u011f\u0131 organizasyon i\u00e7in verilen yeme\u011fe i\u015ftirak etti. Erdo\u011fan, Rusya Devlet Ba\u015fkan\u0131 Vladimir Putin&#8217;le de bir g\u00f6r\u00fc\u015fme ger\u00e7ekle\u015ftirdi.<\/p>\n<p><b>\u00c7in&#8217;le yeni bir sayfa a\u00e7t\u0131k<\/b><br \/>\nT\u00fcrkiye ile \u00c7in aras\u0131ndaki \u00f6zellikle ekonomik ili\u015fkiler alan\u0131nda yeni bir sayfa a\u00e7t\u0131klar\u0131n\u0131n alt\u0131n\u0131 \u00e7izen Erdo\u011fan, 3 anla\u015fma imzalad\u0131klar\u0131n\u0131 s\u00f6yledi. Kars-Edirne ba\u015fta olmak \u00fczere bir\u00e7ok demiryolu a\u011f\u0131n\u0131n bunun i\u00e7inde oldu\u011funu ifade eden Erdo\u011fan, &#8220;Onlar\u0131n da \u0131srar etti\u011fi en \u00f6nemli proje Ankara-\u0130stanbul aras\u0131nda 350 km h\u0131zla tren projesi. Bunun i\u00e7in de Ula\u015ft\u0131rma Haberle\u015fme Bakanl\u0131\u011f\u0131m\u0131z muhataplar\u0131yla g\u00f6r\u00fc\u015fmelerine devam ediyor. Hedefimiz 13 detay projeyi birlikte yapabilmek&#8221; diye konu\u015ftu. Erdo\u011fan, Bak\u00fc-Tiflis-Kars Demiryolu Projesi&#8217;nin faaliyete ge\u00e7mesiyle Orta Koridor&#8217;un \u00f6nemli bir aya\u011f\u0131n\u0131n tamamlanm\u0131\u015f olaca\u011f\u0131na dikkati \u00e7ekti. G\u00fcmr\u00fckler aras\u0131 i\u015fbirli\u011fine y\u00f6nelik geli\u015ftirdikleri Kervansaray Projesi&#8217;nin, ticaretin ve hizmetlerin h\u0131zl\u0131 akmas\u0131n\u0131 temin etmeyi ama\u00e7lad\u0131\u011f\u0131n\u0131 anlatan Erdo\u011fan, &#8220;Marmaray, Yavuz Sultan Selim K\u00f6pr\u00fcs\u00fc, Avrasya T\u00fcneli ile in\u015fas\u0131 s\u00fcren \u00c7anakkale K\u00f6pr\u00fcs\u00fc, projesinin ula\u015f\u0131m altyap\u0131s\u0131 bak\u0131m\u0131ndan \u00e7ok \u00f6nemli di\u011fer ad\u0131mlar\u0131d\u0131r&#8221; diye konu\u015ftu.<\/p>\n<p><b>Ter\u00f6r\u00fc yerle yeksan edecek<\/b><br \/>\nCumhurba\u015fkan\u0131 Erdo\u011fan, &#8220;\u00d6zellikle d\u00fcnyada geli\u015fmekte olan ter\u00f6re kar\u015f\u0131 bu giri\u015fim, ter\u00f6r\u00fc adeta yerle yeksan edecek bir giri\u015fim olacakt\u0131r&#8221; dedi. Herkes i\u00e7in fayda sa\u011flayacak bu i\u015fbirli\u011finin bir model olarak ba\u015far\u0131l\u0131 olaca\u011f\u0131n\u0131 s\u00f6yleyen Erdo\u011fan, &#8220;T\u00fcrkiye olarak bunun i\u00e7in her t\u00fcr\u00fc deste\u011fi vermeye haz\u0131r\u0131z. \u00d6n\u00fcm\u00fczde bar\u0131\u015fa ve istikrara hizmet edecek bir kazan-kazan projesinin bulundu\u011funa inan\u0131yorum. Dolay\u0131s\u0131yla \u00c7in&#8217;nin bu giri\u015fimi, her t\u00fcrl\u00fc takdirin \u00fcst\u00fcndedir&#8221; \u015feklinde konu\u015ftu.<\/p>\n<p><b>Milli fonlar<\/b><b> <\/b><b>devreye al\u0131ns\u0131n<\/b><br \/>\nProjenin<b> <\/b>ba\u015far\u0131s\u0131n\u0131n, g\u00fczerg\u00e2h<b> <\/b>\u00fclkelerinin ticareti<b> <\/b>kolayla\u015ft\u0131rmalar\u0131na,<b> <\/b>g\u00fcmr\u00fck alan\u0131nda<b> <\/b>i\u015fbirli\u011fine gitmelerine,<b> <\/b>tarife d\u0131\u015f\u0131 engelleri<b> <\/b>kald\u0131rmalar\u0131na ve<b> <\/b>yat\u0131r\u0131mlar\u0131 te\u015fvik<b> <\/b>etmelerine ba\u011fl\u0131<b> <\/b>oldu\u011funa dikkat<b> <\/b>\u00e7eken Erdo\u011fan, \u0130pek<b> <\/b>Yolu fonu yan\u0131nda<b><\/b>g\u00fczerg\u00e2h \u00fclkelerinin<b> <\/b>milli fonlar\u0131n\u0131n devreye<b> <\/b>al\u0131nmas\u0131n\u0131n, projenin<b> <\/b>finansal entegrasyonunu<b> <\/b>derinle\u015ftirece\u011fini<b> <\/b>s\u00f6yledi. Erdo\u011fan, \u015f\u00f6yle<b> <\/b>devam etti: &#8220;D\u00fcnya<b><\/b>genelinde 60&#8217;tan fazla<b> <\/b>\u00fclkeyi kapsayan Yeni<b> <\/b>\u0130pek Yolu giri\u015fimi d\u00fcnya<b> <\/b>n\u00fcfusunun 4.5 milyar\u0131n\u0131<b> <\/b>ifade eden \u00e7ok \u00f6nemli<b> <\/b>bir proje. Bu giri\u015fimin,<b> <\/b>kazan-kazan anlay\u0131\u015f\u0131yla<b> <\/b>hayata ge\u00e7irilmesi<b> <\/b>b\u00fcy\u00fck \u00f6nem arz ediyor.<b> <\/b>Asya&#8217;n\u0131n 2030&#8217;a kadar<b> <\/b>y\u0131lda ortalama 1.7 trilyon<b><\/b>dolar yat\u0131r\u0131ma ihtiya\u00e7<b> <\/b>duydu\u011fu hesaplan\u0131yor.<b> <\/b>Bu boyutta bir \u00e7al\u0131\u015fma,<b> <\/b>i\u015fbirli\u011fi gerektiriyor.&#8221;<b> <\/b>Erdo\u011fan, T\u00fcrkiye&#8217;nin<b> <\/b>Asya Altyap\u0131 Yat\u0131r\u0131m<b> <\/b>Bankas\u0131&#8217;nda 2.6 milyar<b> <\/b>dolar sermayeye katk\u0131<b> <\/b>pay\u0131 ve y\u00fczde 2.48 oy<b> <\/b>hakk\u0131 ile yer ald\u0131\u011f\u0131n\u0131<b> <\/b>belirterek, &#8220;Amac\u0131m\u0131z<b><\/b>ihtiya\u00e7 duyulan kalk\u0131nma<b> <\/b>hamlelerini yapabilmek<b> <\/b>i\u00e7in ortak finansman<b><\/b>mekanizmalar\u0131n\u0131n<b> <\/b>hayata ge\u00e7irilmesi&#8221; dedi.<\/h4>\n<p>SABAH<\/p>\n<\/div>\n<\/div>\n","protected":false},"excerpt":{"rendered":"<p>Cumhurba\u015fkan\u0131 Erdo\u011fan, \u201cYeni \u0130pekyolu giri\u015fimiyle d\u00fcnya ticaretinin orta koridoru diye adland\u0131r\u0131lan yolda h\u0131zla ilerliyoruz. Yat\u0131r\u0131mlar\u0131m\u0131z bu projeyle daha da g\u00fc\u00e7lenecek\u201d dedi Cumhurba\u015fkan\u0131 Recep Tayyip Erdo\u011fan, Pekin Olimpiyat Merkezi&#8217;ndeki \u00c7in Ulusal Kongre Merkezi&#8217;nde d\u00fczenlenen, &#8220;Ku\u015fak ve Yol Forumu&#8221;nun a\u00e7\u0131l\u0131\u015f t\u00f6reni ve yapt\u0131\u011f\u0131 ikili g\u00f6r\u00fc\u015fmelerden sonra gazetelerin genel yay\u0131n y\u00f6netmenleriyle u\u00e7akta bir araya geldi. Toplant\u0131da Yeni \u0130pek [&hellip;]<\/p>\n","protected":false},"author":1,"featured_media":14280,"comment_status":"open","ping_status":"open","sticky":false,"template":"","format":"standard","meta":{"ngg_post_thumbnail":0},"categories":[5213],"tags":[477,1476,11304,11137,106,89,316,96,503],"_links":{"self":[{"href":"https:\/\/emlaktuel.com\/index.php?rest_route=\/wp\/v2\/posts\/14279"}],"collection":[{"href":"https:\/\/emlaktuel.com\/index.php?rest_route=\/wp\/v2\/posts"}],"about":[{"href":"https:\/\/emlaktuel.com\/index.php?rest_route=\/wp\/v2\/types\/post"}],"author":[{"embeddable":true,"href":"https:\/\/emlaktuel.com\/index.php?rest_route=\/wp\/v2\/users\/1"}],"replies":[{"embeddable":true,"href":"https:\/\/emlaktuel.com\/index.php?rest_route=%2Fwp%2Fv2%2Fcomments&post=14279"}],"version-history":[{"count":1,"href":"https:\/\/emlaktuel.com\/index.php?rest_route=\/wp\/v2\/posts\/14279\/revisions"}],"predecessor-version":[{"id":14281,"href":"https:\/\/emlaktuel.com\/index.php?rest_route=\/wp\/v2\/posts\/14279\/revisions\/14281"}],"wp:featuredmedia":[{"embeddable":true,"href":"https:\/\/emlaktuel.com\/index.php?rest_route=\/wp\/v2\/media\/14280"}],"wp:attachment":[{"href":"https:\/\/emlaktuel.com\/index.php?rest_route=%2Fwp%2Fv2%2Fmedia&parent=14279"}],"wp:term":[{"taxonomy":"category","embeddable":true,"href":"https:\/\/emlaktuel.com\/index.php?rest_route=%2Fwp%2Fv2%2Fcategories&post=14279"},{"taxonomy":"post_tag","embeddable":true,"href":"https:\/\/emlaktuel.com\/index.php?rest_route=%2Fwp%2Fv2%2Ftags&post=14279"}],"curies":[{"name":"wp","href":"https:\/\/api.w.org\/{rel}","templated":true}]}}