{"id":14273,"date":"2017-05-16T08:13:21","date_gmt":"2017-05-16T05:13:21","guid":{"rendered":"http:\/\/emlaktuel.com\/?p=14273"},"modified":"2018-07-05T16:37:02","modified_gmt":"2018-07-05T13:37:02","slug":"konut-satislarinda-bursa-birinci-oldu","status":"publish","type":"post","link":"https:\/\/emlaktuel.com\/?p=14273","title":{"rendered":"Konut sat\u0131\u015flar\u0131nda Bursa birinci oldu"},"content":{"rendered":"<h4 class=\"news-detail-title selectionShareable\"><img loading=\"lazy\" class=\"size-full wp-image-14274 aligncenter\" src=\"http:\/\/emlaktuel.com\/wp-content\/uploads\/2017\/05\/konut-fiyatlar\u0131-nisan.jpg\" alt=\"konut fiyatlar\u0131 nisan\" width=\"1181\" height=\"591\" \/><\/h4>\n<h4 class=\"topP\">T\u00fcrkiye Sat\u0131l\u0131k Konut Fiyat Endeksi&#8217;nde Nisan ay\u0131nda bir \u00f6nceki aya g\u00f6re y\u00fczde 1.22 oran\u0131nda; ge\u00e7en y\u0131l\u0131n ayn\u0131 d\u00f6nemine g\u00f6re ise y\u00fczde 9.50 oran\u0131nda art\u0131\u015f ger\u00e7ekle\u015fmi\u015ftir.<\/h4>\n<div>\n<h4>\u0130\u015f Bankas\u0131 Bireysel Krediler M\u00fcd\u00fcr\u00fc Sn.Recep Haki, \u0130\u015f Bankas\u0131\u2019n\u0131n deste\u011fiyle REIDIN taraf\u0131ndan haz\u0131rlanan emlak endeksleri ile ilgili a\u00e7\u0131klama yapt\u0131.<\/h4>\n<h4>Recep Haki, \u201c\u0130\u015f Bankas\u0131 2017 Mart sonu itibar\u0131yla ula\u015ft\u0131\u011f\u0131 18.8 milyar TL tutar\u0131ndaki konut kredisi hacmi ile y\u0131l sonuna k\u0131yasla %6,08 oran\u0131nda geli\u015fme g\u00f6stermi\u015f ve elde etti\u011fi %11.7\u2019lik(*)pazar pay\u0131 ile sekt\u00f6r\u00fcn \u00f6nemli bir oyuncusu olma \u00f6zelli\u011fini s\u00fcrd\u00fcrm\u00fc\u015ft\u00fcr. \u00d6zellikle son d\u00f6nemlerde kredilendirme oran\u0131n\u0131n artmas\u0131 ile KDV\u2019nin ve tapu har\u00e7 masraflar\u0131n\u0131n d\u00fc\u015fmesi gibi d\u00fczenlemeler, gelece\u011fe y\u00f6nelik beklentileri g\u00fc\u00e7lendirdi ve piyasay\u0131 hareketlendirdi. Son 3 y\u0131ll\u0131k zaman diliminde artan konut sat\u0131\u015flar\u0131, 2017 y\u0131l\u0131n\u0131n ilk aylar\u0131nda da bu y\u0131lki sat\u0131\u015f hacminin ge\u00e7mi\u015f y\u0131llar seviyesinde olaca\u011f\u0131n\u0131n sinyallerini vermi\u015f oldu. D\u00fczenlemeler sonras\u0131nda sekt\u00f6rde ya\u015fanan hareketlilik, bankalar\u0131n kredi hacimlerine de olumlu yans\u0131d\u0131. Emlak Konut GYO A.\u015e ve GYODER ile mart sonuna kadar s\u00fcrd\u00fcr\u00fclen kampanya kapsam\u0131nda uygun faiz ve 240 aya kadar vadelendirme se\u00e7eneklerimiz ile bankam\u0131z ilk \u00e7eyrek verilerine olumlu katk\u0131 sa\u011flayan sonu\u00e7lar elde edildi. Konut sekt\u00f6r\u00fcn\u00fcn gelece\u011fine g\u00fcvenen \u0130\u015f Bankas\u0131, bu alandaki yat\u0131r\u0131mlar\u0131na devam ederek bankam\u0131z m\u00fc\u015fterisi olsun ya da olmas\u0131n t\u00fcm kullan\u0131c\u0131lar\u0131n ev kredisi ba\u015fvurular\u0131n\u0131n al\u0131nmas\u0131ndan, taleplerin krediye d\u00f6n\u00fc\u015fmesine kadar ge\u00e7en t\u00fcm s\u00fcre\u00e7leri i\u00e7eren bir uygulamay\u0131 dijital ortamda hizmete sunmu\u015ftur. Kullan\u0131c\u0131lar\u0131n hayatlar\u0131n\u0131 kolayla\u015ft\u0131rmak amac\u0131yla isbank.com.tr ana sayfada hayata ge\u00e7irilen \u201cAn\u0131nda \u0130\u015flem Ev Kredisi\u201d hizmeti ile kullan\u0131c\u0131lara u\u00e7tan uca dijital bir ev kredisi deneyimi ya\u015fat\u0131lmaktad\u0131r.\u201d dedi.<\/h4>\n<h4>T\u00fcrkiye \u0130\u015f Bankas\u0131 A.\u015e.\u2019nin deste\u011fiyle gayrimenkul bilgi servisi REIDIN taraf\u0131ndan haz\u0131rlanan, T\u00fcrkiye genelinde 68 \u015fehrin tamam\u0131n\u0131 kapsayacak nitelikteki T\u00fcrkiye Sat\u0131l\u0131k Konut Fiyat Endeksi\u2019nde (TR-68) Nisan ay\u0131nda bir \u00f6nceki aya g\u00f6re %1.22 oran\u0131nda ve ge\u00e7en y\u0131l\u0131n ayn\u0131 d\u00f6nemine g\u00f6re ise %9.50 oran\u0131nda art\u0131\u015f ger\u00e7ekle\u015fmi\u015ftir.<\/h4>\n<h4><img class=\"lazy\" src=\"http:\/\/emlakkulisi.com\/resim\/tamboyut\/MjY2NDMxMD-konut-fiyatlari-nisanda-yuzde-122-artti.jpg\" width=\"100%\" data-original=\"\/resim\/tamboyut\/MjY2NDMxMD-konut-fiyatlari-nisanda-yuzde-122-artti.jpg\" \/><\/h4>\n<h4>Nisan ay\u0131nda Bursa\u2019da metrekare ba\u015f\u0131na konut sat\u0131\u015f fiyatlar\u0131 %2.27 oran\u0131nda artm\u0131\u015f ve Bursa fiyatlar\u0131n en \u00e7ok y\u00fckseldi\u011fi \u015fehir olmu\u015ftur. Ayn\u0131 d\u00f6nem i\u00e7erisinde konut sat\u0131\u015f fiyatlar\u0131n\u0131n en \u00e7ok azald\u0131\u011f\u0131 \u015fehir ise %2.00 oran\u0131 ile Erzincan\u2019d\u0131r.<\/h4>\n<h4>T\u00fcrkiye genelinde 68 \u015fehrin tamam\u0131n\u0131 kapsayacak nitelikteki T\u00fcrkiye Kiral\u0131k Konut Fiyat Endeksi\u2019nde (TR-68) Nisan ay\u0131nda bir \u00f6nceki aya g\u00f6re %0.63 oran\u0131nda ve ge\u00e7en y\u0131l\u0131n ayn\u0131 d\u00f6nemine g\u00f6re ise %4.00 oran\u0131nda art\u0131\u015f ger\u00e7ekle\u015fmi\u015ftir.<\/h4>\n<h4><img class=\"lazy\" src=\"http:\/\/emlakkulisi.com\/resim\/tamboyut\/MjAwNTYzNz-konut-fiyatlari-nisanda-yuzde-122-artti.jpg\" width=\"100%\" data-original=\"\/resim\/tamboyut\/MjAwNTYzNz-konut-fiyatlari-nisanda-yuzde-122-artti.jpg\" data-pin-nopin=\"true\" \/><\/h4>\n<h4>Nisan ay\u0131nda Edirne\u2019de metrekare ba\u015f\u0131na konut kira de\u011ferleri %2.02 oran\u0131nda artm\u0131\u015f ve Edirne kiralar\u0131n en \u00e7ok y\u00fckseldi\u011fi \u015fehir olmu\u015ftur. Ayn\u0131 d\u00f6nem i\u00e7erisinde konut kira de\u011ferlerinin en \u00e7ok azald\u0131\u011f\u0131 \u015fehir ise %2.00 oran\u0131 ile Isparta\u2019d\u0131r.<\/h4>\n<h4>REIDIN Y\u0131ll\u0131k Br\u00fct Kira Getiri Oranlar\u0131 y\u0131ll\u0131k konut T\u00fcrk Liras\u0131 cinsinden kira de\u011ferinin konutun sat\u0131\u015f fiyat\u0131na b\u00f6l\u00fcnmesiyle hesaplanmaktad\u0131r. Nisan ay\u0131 itibariyle en y\u00fcksek y\u0131ll\u0131k br\u00fct kira getiri oranlar\u0131 Ayd\u0131n, Van ve Bilecik \u015fehirlerinde \u00f6l\u00e7\u00fclm\u00fc\u015ft\u00fcr.<\/h4>\n<h4>REIDIN Amortisman S\u00fcresi (Yat\u0131r\u0131m Geri D\u00f6n\u00fc\u015f S\u00fcresi), ilgili b\u00f6lgede sat\u0131n al\u0131nan ya da al\u0131nacak olan konutlar\u0131n kiraya verilmesi durumunda sat\u0131\u015f fiyat\u0131n\u0131n ka\u00e7 y\u0131l i\u00e7erisinde y\u0131ll\u0131k kira de\u011feri ile kar\u015f\u0131lanabilece\u011fini g\u00f6stermektedir. Nisan ay\u0131 itibariyle en d\u00fc\u015f\u00fck amortisman s\u00fcreleri Ayd\u0131n, Van ve Bilecik \u015fehirlerinde \u00f6l\u00e7\u00fclm\u00fc\u015ft\u00fcr.<\/h4>\n<\/div>\n","protected":false},"excerpt":{"rendered":"<p>T\u00fcrkiye Sat\u0131l\u0131k Konut Fiyat Endeksi&#8217;nde Nisan ay\u0131nda bir \u00f6nceki aya g\u00f6re y\u00fczde 1.22 oran\u0131nda; ge\u00e7en y\u0131l\u0131n ayn\u0131 d\u00f6nemine g\u00f6re ise y\u00fczde 9.50 oran\u0131nda art\u0131\u015f ger\u00e7ekle\u015fmi\u015ftir. \u0130\u015f Bankas\u0131 Bireysel Krediler M\u00fcd\u00fcr\u00fc Sn.Recep Haki, \u0130\u015f Bankas\u0131\u2019n\u0131n deste\u011fiyle REIDIN taraf\u0131ndan haz\u0131rlanan emlak endeksleri ile ilgili a\u00e7\u0131klama yapt\u0131. Recep Haki, \u201c\u0130\u015f Bankas\u0131 2017 Mart sonu itibar\u0131yla ula\u015ft\u0131\u011f\u0131 18.8 milyar [&hellip;]<\/p>\n","protected":false},"author":1,"featured_media":14274,"comment_status":"open","ping_status":"open","sticky":false,"template":"","format":"standard","meta":{"ngg_post_thumbnail":0},"categories":[221,5217,97,5388],"tags":[11479,671,11443,11203,80,11560,11335,1070,8289,11098],"_links":{"self":[{"href":"https:\/\/emlaktuel.com\/index.php?rest_route=\/wp\/v2\/posts\/14273"}],"collection":[{"href":"https:\/\/emlaktuel.com\/index.php?rest_route=\/wp\/v2\/posts"}],"about":[{"href":"https:\/\/emlaktuel.com\/index.php?rest_route=\/wp\/v2\/types\/post"}],"author":[{"embeddable":true,"href":"https:\/\/emlaktuel.com\/index.php?rest_route=\/wp\/v2\/users\/1"}],"replies":[{"embeddable":true,"href":"https:\/\/emlaktuel.com\/index.php?rest_route=%2Fwp%2Fv2%2Fcomments&post=14273"}],"version-history":[{"count":1,"href":"https:\/\/emlaktuel.com\/index.php?rest_route=\/wp\/v2\/posts\/14273\/revisions"}],"predecessor-version":[{"id":14275,"href":"https:\/\/emlaktuel.com\/index.php?rest_route=\/wp\/v2\/posts\/14273\/revisions\/14275"}],"wp:featuredmedia":[{"embeddable":true,"href":"https:\/\/emlaktuel.com\/index.php?rest_route=\/wp\/v2\/media\/14274"}],"wp:attachment":[{"href":"https:\/\/emlaktuel.com\/index.php?rest_route=%2Fwp%2Fv2%2Fmedia&parent=14273"}],"wp:term":[{"taxonomy":"category","embeddable":true,"href":"https:\/\/emlaktuel.com\/index.php?rest_route=%2Fwp%2Fv2%2Fcategories&post=14273"},{"taxonomy":"post_tag","embeddable":true,"href":"https:\/\/emlaktuel.com\/index.php?rest_route=%2Fwp%2Fv2%2Ftags&post=14273"}],"curies":[{"name":"wp","href":"https:\/\/api.w.org\/{rel}","templated":true}]}}