{"id":14166,"date":"2017-05-10T22:31:53","date_gmt":"2017-05-10T19:31:53","guid":{"rendered":"http:\/\/emlaktuel.com\/?p=14166"},"modified":"2018-07-05T16:35:44","modified_gmt":"2018-07-05T13:35:44","slug":"meydan-ardicli-fiyatlari-175-bin-tlden-baslayacak","status":"publish","type":"post","link":"https:\/\/emlaktuel.com\/?p=14166","title":{"rendered":"Meydan Ard\u0131\u00e7l\u0131 fiyatlar\u0131 175 Bin TL&#8217;den ba\u015flayacak"},"content":{"rendered":"<h3><img loading=\"lazy\" class=\"size-full wp-image-14174 aligncenter\" src=\"http:\/\/emlaktuel.com\/wp-content\/uploads\/2017\/05\/meydan-ard\u0131c\u0327l\u0131.jpg\" alt=\"meydan ard\u0131c\u0327l\u0131\" width=\"1299\" height=\"591\" \/><\/h3>\n<h3>\u0130stanbul&#8217;un en parlayan semtlerinden olan Esenyurt&#8217;ta hayata ge\u00e7ecek <a href=\"http:\/\/emlaktuel.com\/2017\/05\/10\/meydan-ardicli-fiyatlari-175-bin-tlden-baslayacak\/\">Meydan Ard\u0131\u00e7l\u0131 <\/a>projesi 15 May\u0131s 2017 tarihinde yap\u0131lacak Lansman sonras\u0131 sat\u0131\u015flara ba\u015flayacak.<\/h3>\n<h4><a href=\"http:\/\/emlaktuel.com\/2017\/05\/10\/meydan-ardicli-fiyatlari-175-bin-tlden-baslayacak\/\">Meydan Ard\u0131\u00e7l\u0131 Projesi<\/a> 7 katl\u0131 27 bloktan olu\u015facak. <a href=\"http:\/\/emlaktuel.com\/2017\/05\/10\/meydan-ardicli-fiyatlari-175-bin-tlden-baslayacak\/\">\u00d6zyurtlar Meydan Ard\u0131\u00e7l\u0131<\/a> projesi \u0130stanbul Esenyurt&#8217;ta y\u00fckselecek.<\/h4>\n<p><img loading=\"lazy\" class=\"size-full wp-image-14167 aligncenter\" src=\"http:\/\/emlaktuel.com\/wp-content\/uploads\/2017\/05\/ozyurtlar-meydan-ardicli-projesi-esenyurt-ta-yukselecek_ebe10.jpg\" alt=\"ozyurtlar-meydan-ardicli-projesi-esenyurt-ta-yukselecek_ebe10\" width=\"625\" height=\"325\" \/><\/p>\n<h4>\u00d6zyurtlar holding\u00a0ve Baha\u015f Holding ortakl\u0131\u011f\u0131 ile hayata ge\u00e7irilecek olan\u00a0<a href=\"http:\/\/emlaktuel.com\/2017\/05\/10\/meydan-ardicli-fiyatlari-175-bin-tlden-baslayacak\/\">\u00d6zyurtlar Meydan Ard\u0131\u00e7l\u0131 <\/a>projesi \u0130stanbul Esenyurt&#8217;ta y\u00fckselecek.<\/h4>\n<h4>Projede st\u00fcdyo, 1+1, 2+1, 3,5+1 ve 4,5+1 konut se\u00e7enekleri bulunacak. 1681 konutun\u00a0yer alaca\u011f\u0131 proje\u00a07 katl\u0131 27 blok \u015feklinde tasarland\u0131.\u00a067 d\u00f6n\u00fcm arsa\u00a0\u00fczerinde in\u015fa edilecek \u00d6zyurtlar Meydan Ard\u0131\u00e7l\u0131 projesinde 125 adet ticari birim bulunuyor. Proje lokasyonu ile dikkat \u00e7ekiyor.<\/h4>\n<p><img loading=\"lazy\" class=\"alignleft size-full wp-image-14169\" src=\"http:\/\/emlaktuel.com\/wp-content\/uploads\/2017\/05\/ozyurtlar-meydan-ardicli_126379_3a0e4-1.jpg\" alt=\"ozyurtlar-meydan-ardicli\" width=\"760\" height=\"430\" \/><\/p>\n<h4><a href=\"http:\/\/emlaktuel.com\/2017\/05\/10\/meydan-ardicli-fiyatlari-175-bin-tlden-baslayacak\/\">Meydan Ard\u0131\u00e7l\u0131<\/a> projesinde 12 bin metrekare ye\u015fil alan bulunacak \u00d6zyurtlar Meydan Ard\u0131\u00e7l\u0131 projesinde\u00a0fitness salonu, 1000 metrekare \u00e7ocuk oyun alan\u0131, cafe ve restaurant, hobi bah\u00e7esi ve sanat galerisi bulunuyor.<\/h4>\n<h4><a href=\"http:\/\/emlaktuel.com\/2017\/05\/10\/meydan-ardicli-fiyatlari-175-bin-tlden-baslayacak\/\">Meydan Ard\u0131\u00e7l\u0131<\/a> projesinde bulunan dairelerin fiyatlar\u0131 175 bin liradan ba\u015flayacak. Proje i\u00e7erisinde bulunan daireler lansman \u00f6ncesi sat\u0131\u015fa girdi. Projede ki\u015fiye \u00f6zel \u00f6deme se\u00e7enekleri sunuluyor.<\/h4>\n<h3>Meydan Ard\u0131\u00e7l\u0131 projesi konumu<\/h3>\n<h4>Projenin yak\u0131n\u0131nda 2020 gibi bitmesi planlanan metro istasyonu olacak. Proje Esencan Hastanesi, yeni biten \u0130stinye Liv Hastanesine, \u0130stanbul Eseyurt \u00dcniversitesi, Esenyurt \u015eehitler Park\u0131, Esenyurt \u0130l\u00e7e Emniyet M\u00fcd\u00fcrl\u00fc\u011f\u00fc, T\u00dcYAP Kongre ve Fuar Merkezi, Atat\u00fcrk Olimpiyat Stad\u0131, Avc\u0131lar, Ali Kul \u00c7ok Programl\u0131 Anadolu Lisesi gibi yerlere de yak\u0131n konumda bulunuyor. Ayr\u0131ca Akbat\u0131 AVM&#8217;ye 1,2 kilometre mesafede bulunan Meydan Ard\u0131\u00e7l\u0131, TEM Otoyolu&#8217;na 850 metre ve Eseyurt \u0130lk\u00f6\u011fretim Okulu&#8217;na 320 metre meafede bulunuyor.May\u0131s 2020&#8217;de teslim edilmesi planlanan projede cumbal\u0131 evler (eski tip evler) bulunuyor. Bu ev tasar\u0131m\u0131yla proje, konut al\u0131c\u0131lar\u0131na ge\u00e7mi\u015fin izlerini yans\u0131t\u0131yor.<\/h4>\n<h4>Sat\u0131\u015f Ofisi\u00a0haz\u0131r olan <a href=\"http:\/\/emlaktuel.com\/2017\/05\/10\/meydan-ardicli-fiyatlari-175-bin-tlden-baslayacak\/\">Meydan Ard\u0131\u00e7l\u0131 <\/a>projesinde \u00f6rnek dairelerde yerini alm\u0131\u015f durumdad\u0131r.<\/h4>\n<p><img loading=\"lazy\" class=\"size-full wp-image-14170 aligncenter\" src=\"http:\/\/emlaktuel.com\/wp-content\/uploads\/2017\/05\/20170510_140950.jpg\" alt=\"meydan ard\u0131\u00e7l\u0131\" width=\"5312\" height=\"2988\" \/> <img loading=\"lazy\" class=\"alignleft size-full wp-image-14171\" src=\"http:\/\/emlaktuel.com\/wp-content\/uploads\/2017\/05\/20170510_144221.jpg\" alt=\"20170510_144221\" width=\"5312\" height=\"2988\" \/> <img loading=\"lazy\" class=\"size-full wp-image-14172 aligncenter\" src=\"http:\/\/emlaktuel.com\/wp-content\/uploads\/2017\/05\/20170510_151927.jpg\" alt=\"20170510_151927\" width=\"5312\" height=\"2988\" \/><\/p>\n<p><img loading=\"lazy\" class=\"size-full wp-image-14173 aligncenter\" src=\"http:\/\/emlaktuel.com\/wp-content\/uploads\/2017\/05\/20170510_144251.jpg\" alt=\"20170510_144251\" width=\"5312\" height=\"2988\" \/><\/p>\n<p>&nbsp;<\/p>\n<h4>\u00d6zyurtlar Meydan Ard\u0131\u00e7l\u0131 projesi adresi:\u00a0Ard\u0131\u00e7l\u0131 Mah. Do\u011fan Arasl\u0131 Bulvar\u0131 No:230 Esenyurt Telefon:\u00a00850 460 90 70<\/h4>\n<h4>Web: <a href=\"http:\/\/emlaktuel.com\/2017\/05\/10\/meydan-ardicli-fiyatlari-175-bin-tlden-baslayacak\/\">www.meydanardicli.com.tr<\/a><\/h4>\n","protected":false},"excerpt":{"rendered":"<p>\u0130stanbul&#8217;un en parlayan semtlerinden olan Esenyurt&#8217;ta hayata ge\u00e7ecek Meydan Ard\u0131\u00e7l\u0131 projesi 15 May\u0131s 2017 tarihinde yap\u0131lacak Lansman sonras\u0131 sat\u0131\u015flara ba\u015flayacak. Meydan Ard\u0131\u00e7l\u0131 Projesi 7 katl\u0131 27 bloktan olu\u015facak. \u00d6zyurtlar Meydan Ard\u0131\u00e7l\u0131 projesi \u0130stanbul Esenyurt&#8217;ta y\u00fckselecek. \u00d6zyurtlar holding\u00a0ve Baha\u015f Holding ortakl\u0131\u011f\u0131 ile hayata ge\u00e7irilecek olan\u00a0\u00d6zyurtlar Meydan Ard\u0131\u00e7l\u0131 projesi \u0130stanbul Esenyurt&#8217;ta y\u00fckselecek. Projede st\u00fcdyo, 1+1, 2+1, 3,5+1 [&hellip;]<\/p>\n","protected":false},"author":1,"featured_media":14174,"comment_status":"open","ping_status":"open","sticky":false,"template":"","format":"standard","meta":{"ngg_post_thumbnail":0},"categories":[221,5218,219,97,5388],"tags":[11652,11165,11166,8246,8250,8251,8252,8247,11150,11137,8268,8254,8253,8248,8249,106,11493],"_links":{"self":[{"href":"https:\/\/emlaktuel.com\/index.php?rest_route=\/wp\/v2\/posts\/14166"}],"collection":[{"href":"https:\/\/emlaktuel.com\/index.php?rest_route=\/wp\/v2\/posts"}],"about":[{"href":"https:\/\/emlaktuel.com\/index.php?rest_route=\/wp\/v2\/types\/post"}],"author":[{"embeddable":true,"href":"https:\/\/emlaktuel.com\/index.php?rest_route=\/wp\/v2\/users\/1"}],"replies":[{"embeddable":true,"href":"https:\/\/emlaktuel.com\/index.php?rest_route=%2Fwp%2Fv2%2Fcomments&post=14166"}],"version-history":[{"count":3,"href":"https:\/\/emlaktuel.com\/index.php?rest_route=\/wp\/v2\/posts\/14166\/revisions"}],"predecessor-version":[{"id":14177,"href":"https:\/\/emlaktuel.com\/index.php?rest_route=\/wp\/v2\/posts\/14166\/revisions\/14177"}],"wp:featuredmedia":[{"embeddable":true,"href":"https:\/\/emlaktuel.com\/index.php?rest_route=\/wp\/v2\/media\/14174"}],"wp:attachment":[{"href":"https:\/\/emlaktuel.com\/index.php?rest_route=%2Fwp%2Fv2%2Fmedia&parent=14166"}],"wp:term":[{"taxonomy":"category","embeddable":true,"href":"https:\/\/emlaktuel.com\/index.php?rest_route=%2Fwp%2Fv2%2Fcategories&post=14166"},{"taxonomy":"post_tag","embeddable":true,"href":"https:\/\/emlaktuel.com\/index.php?rest_route=%2Fwp%2Fv2%2Ftags&post=14166"}],"curies":[{"name":"wp","href":"https:\/\/api.w.org\/{rel}","templated":true}]}}