{"id":14092,"date":"2017-05-06T12:09:45","date_gmt":"2017-05-06T09:09:45","guid":{"rendered":"http:\/\/emlaktuel.com\/?p=14092"},"modified":"2018-07-05T16:34:49","modified_gmt":"2018-07-05T13:34:49","slug":"kendi-kendini-odeyen-ofisler-skyland-istanbulda-hazir","status":"publish","type":"post","link":"https:\/\/emlaktuel.com\/?p=14092","title":{"rendered":"Kendi kendini \u00f6deyen ofisler Skyland \u0130stanbul\u2019da haz\u0131r"},"content":{"rendered":"<h4><img loading=\"lazy\" class=\"size-full wp-image-14094 aligncenter\" src=\"http:\/\/emlaktuel.com\/wp-content\/uploads\/2017\/05\/skyland-istanbul-1.jpg\" alt=\"skyland istanbul\" width=\"2300\" height=\"1100\" \/><\/h4>\n<h4><strong>Ero\u011flu Gayrimenkul, ula\u015f\u0131m kolayl\u0131\u011f\u0131, konfor ve sosyalle\u015fmeye imkan veren benzersiz \u00f6zelliklere sahip Skyland \u0130stanbul\u2019daki ofisleri i\u00e7in \u201c0 pe\u015finat 0 faiz 8920 TL taksitle\u201d ya da \u201c%5 pe\u015finatla 50 ay \u015firket b\u00fcnyesinde\u201d \u00f6deme avantajlar\u0131yla ka\u00e7\u0131r\u0131lmayacak f\u0131rsatlar sunuyor.<\/strong><\/h4>\n<h4><strong>Ero\u011flu Gayrimenkul<\/strong> \u0130stanbul\u2019un benzersiz mimari yap\u0131lar\u0131 aras\u0131nda yerini almaya haz\u0131rlanan son projesi <strong>Skyland \u0130stanbul\u2019da <\/strong>t\u00fcm beklentileri kar\u015f\u0131layan <strong>Tower, Loft<\/strong> ve <strong>Flat<\/strong> ofisler i\u00e7in k\u0131sa bir s\u00fcre devam edecek kampanyas\u0131 ile m\u00fc\u015fterilerine \u0130stanbul\u2019un merkezinde ak\u0131lc\u0131 bir yat\u0131r\u0131m f\u0131rsat\u0131 sunuyor. Kampanya dahilinde ofisler \u201c0 pe\u015finat 60 ay vade farks\u0131z 8920 TL taksitle\u201d ya da \u201c%5 pe\u015finatla 50 ay \u015firket b\u00fcnyesinde\u201d benzersiz \u00f6deme f\u0131rsatlar\u0131yla sat\u0131\u015fa sunuluyor.<\/h4>\n<h4>TEM otoyoluna direkt ba\u011flant\u0131s\u0131n\u0131n, Cendere caddesi \u00fczerinden Ayaza\u011fa ve Maslak\u2019a \u00e7\u0131k\u0131\u015f imkan\u0131n\u0131n ve metro istasyonunun hemen yan\u0131nda yer almas\u0131n\u0131n yan\u0131 s\u0131ra havaalan\u0131, k\u00f6pr\u00fcler ve ana arterlere ula\u015f\u0131m kolayl\u0131\u011f\u0131yla <strong>Skyland \u0130stanbul<\/strong>; yakla\u015f\u0131k 15 bin ki\u015fiyi benzersiz bir ya\u015famla tan\u0131\u015ft\u0131rma konusunda son derece iddial\u0131.<\/h4>\n<h4><strong>Skyland \u0130stanbul farkl\u0131 ofis se\u00e7enekleriyle \u00f6ne \u00e7\u0131k\u0131yor<\/strong><\/h4>\n<h4><strong>Skyland \u0130stanbul<\/strong>\u2019un <strong>Tower, Loft <\/strong>ve <strong>Flat <\/strong>ofislerinde, modern i\u015f d\u00fcnyas\u0131n\u0131n g\u00fcnl\u00fck ihtiya\u00e7lar\u0131n\u0131 en iyi \u015fekilde kar\u015f\u0131layacak b\u00f6l\u00fcmler ve ince detaylar yer al\u0131yor.<\/h4>\n<h4><strong>\u015eehir ve orman manzaral\u0131 Tower Ofisler<\/strong><\/h4>\n<h4>Skyland \u0130stanbul\u2019un<strong> Tower Ofisleri,<\/strong> yat\u0131r\u0131mc\u0131s\u0131na 360 derece manzaras\u0131yla Belgrad Orman\u0131 ve \u0130stanbul\u2019a bakarak \u00e7al\u0131\u015fma imkan\u0131 sa\u011fl\u0131yor. Geni\u015f ve istenildi\u011fi gibi tasarlanan yap\u0131s\u0131, teknolojik altyap\u0131s\u0131 ve benzersiz sosyal olanaklar\u0131yla, \u00e7al\u0131\u015fmaktan keyif al\u0131nacak bir ortam sunuyor. 628 ofisin bulundu\u011fu <strong>Skyland \u0130stanbul<\/strong>\u2018un ofis kulesi toplam 120.000 m2\u2019 ofis alan\u0131ndan olu\u015fuyor. Tower ofisler y\u00fcksek yat\u0131r\u0131m de\u011feri ve 83m<sup>2\u2019<\/sup>den birle\u015ftirilerek her katta 2 bin m<sup>2<\/sup>\u2019ye kadar istenilen b\u00fcy\u00fckl\u00fckte tasarlanabilen yap\u0131s\u0131yla benzersiz f\u0131rsatlar sunuyor.<\/h4>\n<h4><strong>Y\u00fcksek tavanl\u0131 Loft Ofisler<\/strong><\/h4>\n<h4>Skyland \u0130stanbul\u2019da yakla\u015f\u0131k 90.000 m2. kiralanabilir alana sahip ve tek katta 190 m\u00b2\u2019den 1200 m\u00b2\u2019ye kadar genislik sunan <strong>Loft Ofisler<\/strong> ise 7 metre tavan y\u00fcksekli\u011fi ile ferah bir \u00e7al\u0131\u015fma alan\u0131 yarat\u0131yor. Eklenebilen asma katlarla modern loft ofis \u00f6zelliklerinin \u00e7al\u0131\u015fanlarca ya\u015fanmas\u0131na olanak tan\u0131yor. Skyland \u0130stanbul\u2019un \u00fc\u00e7 kulesini birle\u015ftiren meydana bakan <strong>Loft Ofisler<\/strong>, \u00e7al\u0131\u015fanlar\u0131n\u0131n g\u00fcn \u0131\u015f\u0131\u011f\u0131ndan da yararlanmas\u0131na olanak sa\u011fl\u0131yor.<\/h4>\n<h4><strong>Ferah \u00e7al\u0131\u015fma ortam\u0131 sa\u011flayan Flat Ofisler<\/strong><\/h4>\n<h4>E\u015fsiz mimarisi, teknolojik \u00fcst\u00fcnl\u00fckleri, l\u00fcks donat\u0131lar\u0131 ve i\u015f d\u00fcnyas\u0131n\u0131n merkezindeki lokasyonuyla <strong>Skyland \u0130stanbul<\/strong>\u2019un bir ba\u015fka ofis se\u00e7ene\u011fi olan <strong>Flat Ofisler<\/strong> toplamda 17.500 metrekarelik kiralanabilir alan\u0131yla Cendere caddesi \u00fczerinden direk giri\u015f olana\u011f\u0131 sunuyor. Y\u00fcksek tavanlar\u0131 ile ferah \u00e7al\u0131\u015fma ortam\u0131 sa\u011flayan mimarisine ek olarak orman manzaras\u0131na bakmas\u0131 flat ofisleri cazip k\u0131lan ve i\u015f yerinize prestij katacak \u00f6nemli \u00f6zellikleri aras\u0131nda yer al\u0131yor. 6 ba\u011f\u0131ms\u0131z b\u00f6l\u00fcmden olu\u015fan <strong>Loft <\/strong>ve<strong> Flat<\/strong> ofislerin her bir b\u00f6l\u00fcm\u00fcnde farkl\u0131 giri\u015f, lobi, g\u00fcvenlik ve do\u011frudan Gastro Court alan\u0131na \u00e7\u0131kan asans\u00f6rler gibi detaylar da yer al\u0131yor.<\/h4>\n<h4><strong>\u0130stanbul\u2019un tasar\u0131m merkezi HOM Design Center<\/strong><\/h4>\n<h4>Sky Rezidans ve ofislerin yan\u0131 s\u0131ra 100\u2019\u00fcn \u00fczerinde ma\u011fazas\u0131yla ev ve ofis tasar\u0131m\u0131na y\u00f6nelik, \u00f6zel konseptli yeni al\u0131\u015fveri\u015f merkezi <strong>HOM Design Center<\/strong>\u2019\u0131n bulundu\u011fu <strong>Skyland \u0130stanbul<\/strong>, sakinlerine \u00e7ok canl\u0131 bir ya\u015fam vaad ediyor.<\/h4>\n<h4>Her ge\u00e7en g\u00fcn \u00e7ehresi de\u011fi\u015fen ve prestij kazanan Seyrantepe b\u00f6lgesinde, T.T. Arena\u2019ya kom\u015fu bir lokasyonda hayata ge\u00e7irilen proje, konumuyla cezbediyor. TEM otoyoluna direkt ba\u011flant\u0131s\u0131n\u0131n, Cendere caddesi \u00fczerinden Ayaza\u011fa ve Maslak\u2019a \u00e7\u0131k\u0131\u015f imkan\u0131n\u0131n ve metro istasyonunun hemen yan\u0131nda yer almas\u0131n\u0131n yan\u0131 s\u0131ra havaalan\u0131, k\u00f6pr\u00fcler ve ana arterlere ula\u015f\u0131m kolayl\u0131\u011f\u0131yla Skyland \u0130stanbul; yakla\u015f\u0131k 15 bin ki\u015fiyi benzersiz bir ya\u015famla tan\u0131\u015ft\u0131rma konusunda son derece iddial\u0131.<\/h4>\n<h4>Yat\u0131r\u0131m de\u011feri her ge\u00e7en g\u00fcn artan rezidanslar\u0131, <strong>Tower, Loft <\/strong>ve <strong>Flat<\/strong> ofislerinin yan\u0131nda 40 bin m<sup>2<\/sup>\u2019lik kiralanabilir alana sahip <strong>HOM Design Center, <\/strong>T\u00fcrkiye&#8217;nin \u00f6nde gelen ev ve ofis dekorasyonu markalar\u0131n\u0131 tek \u00e7at\u0131 alt\u0131nda toplayacak.<\/h4>\n<h4>2017\u2019de kap\u0131lar\u0131n\u0131 a\u00e7acak olan <strong>HOM Design Center<\/strong>, hem \u0130stanbul i\u00e7in hareketli bir merkez olacak, hem de yat\u0131r\u0131mc\u0131s\u0131na kazan\u00e7 sa\u011flayacak.<\/h4>\n","protected":false},"excerpt":{"rendered":"<p>Ero\u011flu Gayrimenkul, ula\u015f\u0131m kolayl\u0131\u011f\u0131, konfor ve sosyalle\u015fmeye imkan veren benzersiz \u00f6zelliklere sahip Skyland \u0130stanbul\u2019daki ofisleri i\u00e7in \u201c0 pe\u015finat 0 faiz 8920 TL taksitle\u201d ya da \u201c%5 pe\u015finatla 50 ay \u015firket b\u00fcnyesinde\u201d \u00f6deme avantajlar\u0131yla ka\u00e7\u0131r\u0131lmayacak f\u0131rsatlar sunuyor. Ero\u011flu Gayrimenkul \u0130stanbul\u2019un benzersiz mimari yap\u0131lar\u0131 aras\u0131nda yerini almaya haz\u0131rlanan son projesi Skyland \u0130stanbul\u2019da t\u00fcm beklentileri kar\u015f\u0131layan Tower, Loft [&hellip;]<\/p>\n","protected":false},"author":1,"featured_media":14094,"comment_status":"open","ping_status":"open","sticky":false,"template":"","format":"standard","meta":{"ngg_post_thumbnail":0},"categories":[221,5217,219,97,5388],"tags":[11171,73,11600,11299,269,10380,5422,5062,96],"_links":{"self":[{"href":"https:\/\/emlaktuel.com\/index.php?rest_route=\/wp\/v2\/posts\/14092"}],"collection":[{"href":"https:\/\/emlaktuel.com\/index.php?rest_route=\/wp\/v2\/posts"}],"about":[{"href":"https:\/\/emlaktuel.com\/index.php?rest_route=\/wp\/v2\/types\/post"}],"author":[{"embeddable":true,"href":"https:\/\/emlaktuel.com\/index.php?rest_route=\/wp\/v2\/users\/1"}],"replies":[{"embeddable":true,"href":"https:\/\/emlaktuel.com\/index.php?rest_route=%2Fwp%2Fv2%2Fcomments&post=14092"}],"version-history":[{"count":1,"href":"https:\/\/emlaktuel.com\/index.php?rest_route=\/wp\/v2\/posts\/14092\/revisions"}],"predecessor-version":[{"id":14095,"href":"https:\/\/emlaktuel.com\/index.php?rest_route=\/wp\/v2\/posts\/14092\/revisions\/14095"}],"wp:featuredmedia":[{"embeddable":true,"href":"https:\/\/emlaktuel.com\/index.php?rest_route=\/wp\/v2\/media\/14094"}],"wp:attachment":[{"href":"https:\/\/emlaktuel.com\/index.php?rest_route=%2Fwp%2Fv2%2Fmedia&parent=14092"}],"wp:term":[{"taxonomy":"category","embeddable":true,"href":"https:\/\/emlaktuel.com\/index.php?rest_route=%2Fwp%2Fv2%2Fcategories&post=14092"},{"taxonomy":"post_tag","embeddable":true,"href":"https:\/\/emlaktuel.com\/index.php?rest_route=%2Fwp%2Fv2%2Ftags&post=14092"}],"curies":[{"name":"wp","href":"https:\/\/api.w.org\/{rel}","templated":true}]}}