{"id":13973,"date":"2017-05-03T19:35:42","date_gmt":"2017-05-03T16:35:42","guid":{"rendered":"http:\/\/emlaktuel.com\/?p=13973"},"modified":"2018-07-05T16:33:33","modified_gmt":"2018-07-05T13:33:33","slug":"tokiden-emeklilere-120-bin-tlden-baslayan-konutlar","status":"publish","type":"post","link":"https:\/\/emlaktuel.com\/?p=13973","title":{"rendered":"Toki&#8217;den emeklilere 120 bin TL&#8217;den ba\u015flayan konutlar"},"content":{"rendered":"<h4 class=\"news-detail-title selectionShareable\">\u00a0<img loading=\"lazy\" class=\"size-full wp-image-13974 aligncenter\" src=\"http:\/\/emlaktuel.com\/wp-content\/uploads\/2017\/05\/toki-emekli.jpg\" alt=\"toki emekli\" width=\"2300\" height=\"1100\" \/><\/h4>\n<h4 class=\"topP\">Toplu Konut \u0130daresi Ba\u015fkanl\u0131\u011f\u0131 (TOK\u0130), bu y\u0131l 65 bin yeni konut hayata ge\u00e7irecek ve bu konutlar\u0131n 15 bini emekliler i\u00e7in in\u015fa edilecek.<\/h4>\n<h4><\/h4>\n<h4 class=\"clear\"><\/h4>\n<div>\n<h4>TOK\u0130, bu sene 65 bin konut hayata ge\u00e7irecek. Bu rakam\u0131n 15 bini, \u2018\u0130kinci Bahar\u2019 Projesi kapsam\u0131nda emeklilere ayr\u0131lacak. Konutlar\u0131n fiyatlar\u0131 120 ila 170 bin lira aras\u0131nda de\u011fi\u015fiklik g\u00f6sterecek. Konut sekt\u00f6r\u00fcndeki balon fiyatlar, vatanda\u015f\u0131n ev sahibi olma hayalini suya d\u00fc\u015f\u00fcr\u00fcyor. Emekli ve dar gelirlilerin emlak dostu TOK\u0130, 2017&#8217;de \u00fcretim rekoru k\u0131rarak, yine dar gelirlilerin imdad\u0131na yeti\u015fecek. \u00a0TOK\u0130\u00a0 65 bin sosyal konut hayata ge\u00e7iriyor. Bu rakam\u0131n 15 bini, yani y\u00fczde 25&#8217;i &#8216;\u0130kinci Bahar&#8217; projesi kapsam\u0131nda emeklilere ayr\u0131l\u0131yor.<\/h4>\n<h4>AYDA 300 L\u0130RA TAKS\u0130TLE<\/h4>\n<h4>Projelerden ev sahibi olmak i\u00e7in herhangi bir emekli derne\u011fine \u00fcye olma \u015fart\u0131 bulunmuyor. \u00a0Bankaya emekli kimlik kart\u0131 ibraz etmek yeterli. \u00a0Ba\u015fbakanl\u0131k Toplu Konut \u0130daresi&#8217;nin (TOK\u0130) 2017&#8217;de in\u015fa edece\u011fi 65 bin sosyal konutun d\u00f6rtte birini emeklilere ay\u0131r\u0131yor. \u00a0&#8216;Herkes ev sahibi olsun&#8217; hedefiyle T\u00fcrkiye&#8217;de dev projelere imza atan TOK\u0130, 2017 y\u0131l\u0131nda emeklilere 15 bin konut in\u015fa edecek. Dar gelirliler ve emekliler d\u00fc\u015f\u00fck fiyatl\u0131 kampanyalardan faydalanarak, ayda ortalama 300 lira taksitle ev sahibi olabilecek.<\/h4>\n<h4>20 YIL VADE SE\u00c7ENE\u011e\u0130<\/h4>\n<h4>Kurada daire sahibi olmaya hak kazanan emekli ve dar gelirlilere 2+1 konutlardan \u00f6deme plan\u0131 \u00e7\u0131kart\u0131lacak. Maliyeti, 120 ila 170 bin lira aras\u0131nda de\u011fi\u015fen TOK\u0130 konutlar\u0131n\u0131n sunulan \u00f6deme plan\u0131na uygun olaca\u011f\u0131 belirtildi. Emeklilere konut say\u0131s\u0131n\u0131n y\u00fczde 25&#8217;i kadar kontenjan ayr\u0131lacak ve hak sahipleri kura ile belirlenecek. Kura sonucu bu kategoriden hak sahibi olamayan ba\u015fvuru sahipleri di\u011fer al\u0131c\u0131lar kategorisindeki ba\u015fvuru sahipleri ile birlikte tekrar kuraya tabi tutulacak. \u00d6deme alternatifi olarak y\u00fczde 12 pe\u015fin 180 ay veya y\u00fczde 20 pe\u015fin 240 ay vade se\u00e7ene\u011fi sunuluyor.<\/h4>\n<h4>MAL\u0130YET\u0130 KA\u00c7 L\u0130RAYSA O F\u0130YATA SATILIYOR<\/h4>\n<h4>\u201c\u00dcretti\u011fimiz konutlar\u0131n hemen hemen tamam\u0131na yak\u0131n\u0131 alt ve orta gelir grubuna hitap eden sosyal konutlar. Yapt\u0131\u011f\u0131m\u0131z konutlar\u0131n yakla\u015f\u0131k y\u00fczde 92-95&#8217;i, sosyal konut. Y\u00fczde 5&#8217;lik dilime y\u00f6nelik yapt\u0131\u011f\u0131m\u0131z konutlar ise y\u00fcksek gelir grubuna hitap ediyor\u201d diyen TOK\u0130 Ba\u015fkan\u0131 Erg\u00fcn Turan daha \u00f6nceki a\u00e7\u0131klamas\u0131nda, \u201cPayla\u015f\u0131ml\u0131 projelerden elde edilen gelir ile projelerimizi finanse ediyoruz. \u0130\u015ftirak \u015firketlerimiz var, onlardan elde etti\u011fimiz gelirler var. Biz k\u00e2r ama\u00e7l\u0131 bir kurulu\u015f de\u011filiz. &#8216;S\u0131f\u0131r k\u00e2rla sat\u0131\u015f&#8217; modeliyle, bina maliyetine, vatanda\u015f\u0131 bankaya mahkum etmeden konut sahibi yap\u0131yoruz. Konutlar\u0131 100 bin TL&#8217;ye mal ediyorsak, o fiyata sat\u0131yoruz\u201d a\u00e7\u0131klamas\u0131nda bulundu.<\/h4>\n<h4>EMEKL\u0130 K\u0130ML\u0130K KARTI YETERL\u0130<\/h4>\n<h4>Bu \u00e7al\u0131\u015fmalar\u0131n d\u0131\u015f\u0131nda TOK\u0130, emekli vatanda\u015flara konut yap\u0131lmas\u0131 ile ilgili valiliklerden gelen talepler do\u011frultusunda da projelerini ger\u00e7ekle\u015ftirecek. Emekliler i\u00e7in yap\u0131lan projelerin ba\u015fvuru ve sat\u0131\u015f i\u015flemleri sadece Ziraat Bankas\u0131 ve Halkbank arac\u0131l\u0131\u011f\u0131 ile y\u00fcr\u00fct\u00fcld\u00fc\u011f\u00fcn\u00fc s\u00f6yleyen TOK\u0130 Ba\u015fkan\u0131 Erg\u00fcn Turan, \u201cBunun i\u00e7in tek \u015fart emekli vatanda\u015flar\u0131m\u0131z\u0131n ba\u015fvuru esnas\u0131nda emekli kimlik kart\u0131 veya emekli oldu\u011funa ili\u015fkin belgeyi bankaya ibraz etmesi yeterli olacak. TOK\u0130&#8217;nin ba\u015fvurular\u0131nda dernek \u00fcyeli\u011fi \u015fart\u0131 bulunmuyor. Ba\u015fvuru ve sat\u0131\u015f i\u015flemleri de dernekler arac\u0131l\u0131\u011f\u0131 ile yap\u0131lm\u0131yor\u201d a\u00e7\u0131klamas\u0131n\u0131 yapm\u0131\u015ft\u0131.<\/h4>\n<h4>HEDEF 1 M\u0130LYON KONUT<\/h4>\n<h4>TOK\u0130 2016 y\u0131l\u0131nda rekor k\u0131rarak 64 bin 822 konut \u00fcretti. T\u00fcrkiye&#8217;deki toplam konut \u00fcretiminin y\u00fczde 10&#8217;unu kar\u015f\u0131layan TOK\u0130, 2023 hedefleri do\u011frultusunda 2017 y\u0131l\u0131nda da 65 bin nitelikli sosyal konut in\u015fa etmeyi hedefliyor. \u0130n\u015faat sekt\u00f6r\u00fcnde \u00f6nc\u00fc kurulu\u015f, 2023&#8217;e kadar ise 500 bin konut \u00fcretecek. B\u00f6ylece 2002-2023 hedefleri do\u011frultusunda 1 milyon 200 bin konut \u00fcretilmi\u015f olacak.<\/h4>\n<h4>G\u00fcne\u015f<\/h4>\n<\/div>\n","protected":false},"excerpt":{"rendered":"<p>\u00a0 Toplu Konut \u0130daresi Ba\u015fkanl\u0131\u011f\u0131 (TOK\u0130), bu y\u0131l 65 bin yeni konut hayata ge\u00e7irecek ve bu konutlar\u0131n 15 bini emekliler i\u00e7in in\u015fa edilecek. TOK\u0130, bu sene 65 bin konut hayata ge\u00e7irecek. Bu rakam\u0131n 15 bini, \u2018\u0130kinci Bahar\u2019 Projesi kapsam\u0131nda emeklilere ayr\u0131lacak. Konutlar\u0131n fiyatlar\u0131 120 ila 170 bin lira aras\u0131nda de\u011fi\u015fiklik g\u00f6sterecek. Konut sekt\u00f6r\u00fcndeki balon fiyatlar, [&hellip;]<\/p>\n","protected":false},"author":1,"featured_media":13974,"comment_status":"open","ping_status":"open","sticky":false,"template":"","format":"standard","meta":{"ngg_post_thumbnail":0},"categories":[221,5217,97,5388],"tags":[11384,7006,80,11167,11120,10888,450,8164,11178,11181,4450],"_links":{"self":[{"href":"https:\/\/emlaktuel.com\/index.php?rest_route=\/wp\/v2\/posts\/13973"}],"collection":[{"href":"https:\/\/emlaktuel.com\/index.php?rest_route=\/wp\/v2\/posts"}],"about":[{"href":"https:\/\/emlaktuel.com\/index.php?rest_route=\/wp\/v2\/types\/post"}],"author":[{"embeddable":true,"href":"https:\/\/emlaktuel.com\/index.php?rest_route=\/wp\/v2\/users\/1"}],"replies":[{"embeddable":true,"href":"https:\/\/emlaktuel.com\/index.php?rest_route=%2Fwp%2Fv2%2Fcomments&post=13973"}],"version-history":[{"count":1,"href":"https:\/\/emlaktuel.com\/index.php?rest_route=\/wp\/v2\/posts\/13973\/revisions"}],"predecessor-version":[{"id":13975,"href":"https:\/\/emlaktuel.com\/index.php?rest_route=\/wp\/v2\/posts\/13973\/revisions\/13975"}],"wp:featuredmedia":[{"embeddable":true,"href":"https:\/\/emlaktuel.com\/index.php?rest_route=\/wp\/v2\/media\/13974"}],"wp:attachment":[{"href":"https:\/\/emlaktuel.com\/index.php?rest_route=%2Fwp%2Fv2%2Fmedia&parent=13973"}],"wp:term":[{"taxonomy":"category","embeddable":true,"href":"https:\/\/emlaktuel.com\/index.php?rest_route=%2Fwp%2Fv2%2Fcategories&post=13973"},{"taxonomy":"post_tag","embeddable":true,"href":"https:\/\/emlaktuel.com\/index.php?rest_route=%2Fwp%2Fv2%2Ftags&post=13973"}],"curies":[{"name":"wp","href":"https:\/\/api.w.org\/{rel}","templated":true}]}}