{"id":13970,"date":"2017-05-03T19:29:30","date_gmt":"2017-05-03T16:29:30","guid":{"rendered":"http:\/\/emlaktuel.com\/?p=13970"},"modified":"2018-07-05T16:33:29","modified_gmt":"2018-07-05T13:33:29","slug":"bahcehir-goleti-icin-2-yurutmeyi-durdurma-karari","status":"publish","type":"post","link":"https:\/\/emlaktuel.com\/?p=13970","title":{"rendered":"Bah\u00e7ehir G\u00f6leti i\u00e7in 2. y\u00fcr\u00fctmeyi durdurma karar\u0131!"},"content":{"rendered":"<h4 class=\"news-detail-title selectionShareable\"><img loading=\"lazy\" class=\"size-full wp-image-13971 aligncenter\" src=\"http:\/\/emlaktuel.com\/wp-content\/uploads\/2017\/05\/bahc\u0327es\u0327ehir-go\u0308let.jpg\" alt=\"bahc\u0327es\u0327ehir go\u0308let\" width=\"2300\" height=\"1100\" \/><\/h4>\n<h4 class=\"topP\">Bah\u00e7e\u015fehir G\u00f6leti&#8217;nde sular durulmuyor. G\u00f6let&#8217;teki yap\u0131la\u015fman\u0131n \u00f6n\u00fcn\u00fc a\u00e7an imar plan\u0131 mahkeme taraf\u0131ndan iptal edilmi\u015fti, g\u00f6lette ba\u015flayan in\u015faat durmad\u0131. CHP&#8217;li Meclis \u00fcyeleri, BADER ve G\u00f6let G\u00f6n\u00fcll\u00fcleri&#8217;nin a\u00e7t\u0131\u011f\u0131 davayla g\u00f6let i\u00e7in 2. y\u00fcr\u00fctmeyi durdurma karar\u0131 geldi.<\/h4>\n<div>\n<h4>Bah\u00e7e\u015fehir G\u00f6let&#8217;teki yap\u0131la\u015fman\u0131n \u00f6n\u00fcn\u00fc a\u00e7an imar plan\u0131 mahkeme taraf\u0131ndan iptal edildi ancak, plana g\u00f6re yap\u0131lan in\u015faat durmad\u0131. CHP&#8217;li Meclis \u00fcyeleri, BADER ve G\u00f6let G\u00f6n\u00fcll\u00fcleri&#8217;nin a\u00e7t\u0131\u011f\u0131 davayla g\u00f6let i\u00e7in 2. y\u00fcr\u00fctmeyi durdurma karar\u0131 geldi.<\/h4>\n<h4>A\u00e7\u0131lan dava ile Dan\u0131\u015ftay 13. Dairesi taraf\u0131ndan, Ba\u015fak\u015fehir Belediye Ba\u015fkan\u0131 Mevl\u00fct Uysal\u2019\u0131n Bah\u00e7e\u015fehir G\u00f6leti satma yetkisi olmad\u0131\u011f\u0131na ve Dan\u0131\u015ftay 8. Dairesince Bah\u00e7e\u015fehir G\u00f6let&#8217;teki in\u015faat\u0131n durdurulmas\u0131na karar verildi.<\/h4>\n<h4>\nKARAR METN\u0130 NE D\u0130YOR?<\/h4>\n<h4>Dan\u0131\u015ftay 13. Dairesi\u2019nin 24.02.2017 karar\u0131na g\u00f6re,g\u00f6let ihale ve sat\u0131\u015f i\u015fleminin dayana\u011f\u0131 olan Belediye Ba\u015fkan\u0131&#8217;na verilen yetki hukuki dayanaktan yoksun oldu\u011fu gerek\u00e7esi ile bozuldu\u011fundan, ihale ve sat\u0131\u015f i\u015flemlerine ili\u015fkin davada Y\u00fcr\u00fctmenin Durdurulmas\u0131 karar\u0131 verilmi\u015ftir.<\/h4>\n<h4>Dan\u0131\u015ftay 8.Dairesi\u2019nin 01.11.2016 tarihli karar\u0131 ile, Ba\u015fak\u015fehir Belediye Meclisi\u2019nin G\u00f6let\u2019in sat\u0131lmas\u0131na yol a\u00e7an Belediye Ba\u015fkan\u0131na verilen G\u00f6leti\u2019i satma yetkisi ve akabinde Belediye Ba\u015fkan\u0131nca G\u00f6let\u2019in sat\u0131lmas\u0131 i\u015fleminin hukuka ayk\u0131r\u0131 oldu\u011funu tespit ve tescil etmi\u015ftir. Mahkeme karar\u0131nda, Belediye Meclisi\u2019nin bu y\u00f6nde bir karar verme yetkisinin bulunmad\u0131\u011f\u0131n\u0131, ta\u015f\u0131nmaz satma yetkisinin Belediye Ba\u015fkan\u0131\u2019na devredilemeyece\u011fini belirterek, aleyhte karar veren \u0130stanbul 6.\u0130dara Mahkemesi\u2019nin karar\u0131n\u0131 bozmu\u015ftur. Buna g\u00f6re G\u00f6leti\u2019in sat\u0131lmas\u0131na yol a\u00e7an t\u00fcm i\u015flemlerin hukuki dayanaktan yoksun oldu\u011funu ve G\u00f6let\u2019te halen devam eden hukuksuzluk Dan\u0131\u015ftay karar\u0131 ile tespit edilmi\u015ftir.<\/h4>\n<h4>\u0130dari Yarg\u0131lama Kanunu\u2019nun 28.maddesine g\u00f6re;\u201cDan\u0131\u015ftay, b\u00f6lge idare mahkemeleri, idare ve vergi mahkemelerinin esasa ve y\u00fcr\u00fctmenin durdurulmas\u0131na ili\u015fkin kararlar\u0131n\u0131n icaplar\u0131na g\u00f6re idare, gecikmeksizin i\u015flem tesis etmeye veya eylemde bulunmaya mecburdur. Bu s\u00fcre hi\u00e7bir \u015fekilde karar\u0131n idareye tebli\u011finden ba\u015flayarak otuz g\u00fcn\u00fc ge\u00e7emez.\u201d Yine ayn\u0131 maddenin 3. Ve 4. F\u0131kralar\u0131nda ise ; \u201cDan\u0131\u015ftay, b\u00f6lge idare mahkemeleri, idare ve vergi mahkemeleri kararlar\u0131na g\u00f6re i\u015flem tesis edilmeyen veya eylemde bulunulmayan hallerde idare aleyhine Dan\u0131\u015ftay ve ilgili idari mahkemede maddi ve manevi tazminat davas\u0131 a\u00e7\u0131labilir. Mahkeme kararlar\u0131n\u0131n s\u00fcresi i\u00e7inde kamu g\u00f6revlilerince yerine getirilmemesi h\u00e2linde tazminat davas\u0131 ancak ilgili idare aleyhine a\u00e7\u0131labilir.\u201d \u0130fadeleri ge\u00e7mektedir.<\/h4>\n<h4>Y\u00fcr\u00fctmenin Durdurulmas\u0131 karar\u0131 Belediye ve ihale al\u0131c\u0131s\u0131 firmaya Dan\u0131\u015ftay\u2019ca tebli\u011f edilecektir. Bu durumda muhatap idare olan Ba\u015fak\u015fehir Belediyesi\u2019nin halen G\u00f6let\u2019te devam eden in\u015faat i\u015flemlerini durdurmas\u0131 i\u00e7in ihale al\u0131c\u0131s\u0131 firmaya Dan\u0131\u015ftay\u2019ca tebli\u011f edilen Y\u00fcr\u00fctmenin Durdurulmas\u0131 karar\u0131n\u0131n gere\u011fini yerine getirmesi talimat\u0131n\u0131 vermelidir. Gerek Ba\u015fak\u015fehir Belediyesi gerekse ihale al\u0131c\u0131s\u0131 firma hukuksuzlu\u011fa asla devam etmemeli, mahkeme karar\u0131n\u0131 yerine getirmelidir, bu hususta t\u00fcm Bah\u00e7e\u015fehir halk\u0131n\u0131n \u0130dari Yarg\u0131lama Kanunu\u2019nun 28.maddesine g\u00f6re yasal yollara ba\u015fvurma hakk\u0131 vard\u0131r.<\/h4>\n<h4>Dan\u0131\u015ftay 13.Dairesi\u2019nin 24.02.2017 ve Dan\u0131\u015ftay 8.Dairesi\u2019nin 01.11.2016 tarihli kararlar\u0131 ile G\u00f6let in\u015faat\u0131n\u0131n hi\u00e7bir hukuki dayana\u011f\u0131 kalmad\u0131\u011f\u0131 tespit ve tescil edilmi\u015f olup bu hususta ayr\u0131ca ihale ve sat\u0131\u015f sonras\u0131 in\u015faat \u00e7al\u0131\u015fmalar\u0131na ili\u015fkin y\u00fcr\u00fctmenin durdurulmas\u0131 karar\u0131 verilmi\u015ftir.<\/h4>\n<h4>\u2018Bir I\u015f\u0131kta Sen Yak\u2019 n\u00f6beti<\/h4>\n<h4>Bah\u00e7e\u015fehirliler Derne\u011fi (BADER) Ba\u015fkan\u0131 U\u011fur Bar\u0131\u015f Karabulut \u00f6nc\u00fcl\u00fc\u011f\u00fcnde ba\u015flat\u0131lan \u2018Bir I\u015f\u0131kta Sen Yak\u2019 n\u00f6beti 59 g\u00fcnd\u00fcr devam ediyor. N\u00f6bete Bah\u00e7e\u015fehir Atat\u00fcrk\u00e7\u00fc D\u00fc\u015f\u00fcnce Derne\u011fi, \u00c7a\u011fda\u015f Ya\u015fam\u0131 Destekleme Derne\u011fi, G\u00f6let G\u00f6n\u00fcll\u00fcleri, Esenkent y\u00f6netimi, CHP il\u00e7e ba\u015fkanl\u0131\u011f\u0131 ve Bah\u00e7e\u015fehir halk\u0131ndan da destek geldi.<\/h4>\n<h4>2013&#8217;te ask\u0131ya \u00e7\u0131kt\u0131<\/h4>\n<h4>Bah\u00e7e\u015fehir G\u00f6let Alan\u0131 \u0130le Pazar Alan\u0131na Ait 1\/5000 \u00f6l\u00e7ekli Naz\u0131m \u0130mar Plan\u0131 ve 1\/1000 \u00f6l\u00e7ekli Uygulama \u0130mar Plan\u0131 De\u011fi\u015fikli\u011fi, 29.04.2013 tarihinde 30 g\u00fcn s\u00fcre ile \u00c7evre ve \u015eehircilik \u0130stanbul \u0130l M\u00fcd\u00fcrl\u00fc\u011f\u00fc\u2019nde ask\u0131ya \u00e7\u0131km\u0131\u015ft\u0131.<\/h4>\n<h4>Bah\u00e7e\u015fehir G\u00f6leti ihalesini 103 milyon TL teklifle kazanan Atmaca Grup Bah\u00e7e\u015fehir G\u00f6leti \u00e7evresinde hayata ge\u00e7irece\u011fi Bah\u00e7e\u015fehir Park projesini 24 Ekim 2015 tarihinde sat\u0131\u015fa \u00e7\u0131kard\u0131. \u00a0Bah\u00e7e\u015fehir Park projesi, Bah\u00e7e\u015fehir G\u00f6let&#8217;in b\u00fcy\u00fct\u00fclece\u011fi alanda 99 bin 858 metrekare y\u00fcz \u00f6l\u00e7\u00fcm\u00fcndeki 607 ada 10 parselde hayata ge\u00e7irilecekti. Projede 130 rezidans daire ve 130 cadde ma\u011fazas\u0131 yer alacakt\u0131.<\/h4>\n<h4>Neler olmu\u015ftu?<\/h4>\n<h4>Bah\u00e7e\u015fehir G\u00f6leti \u00e7evresini yap\u0131la\u015fmaya a\u00e7an arsa sat\u0131\u015f\u0131 ihalesi 9 Nisan 2015 tarihinde Resmi Gazete\u2019de yay\u0131mlanan ilanla duyuruldu. Ba\u015fak\u015fehir Belediyesi ilanda 607 ada 2, 5, 6, 7, 8, 9 ve 10 say\u0131l\u0131 parsellerin has\u0131lat payla\u015f\u0131m modeliyle sat\u0131\u015fa \u00e7\u0131kard\u0131. 24 Nisan\u2019da yap\u0131lan ihaleyi 103 milyon TL teklifle Atmaca Grup kazand\u0131.<\/h4>\n<h4><img class=\"lazy\" src=\"http:\/\/emlakkulisi.com\/resim\/tamboyut\/MzE3ODEyMj-bahcehir-goleti-icin-2-yurutmeyi-durdurma-karari.jpg\" width=\"100%\" data-original=\"\/resim\/tamboyut\/MzE3ODEyMj-bahcehir-goleti-icin-2-yurutmeyi-durdurma-karari.jpg\" \/><\/h4>\n<h4><img class=\"lazy\" src=\"http:\/\/emlakkulisi.com\/resim\/tamboyut\/Njg4OTkwNj-bahcehir-goleti-icin-2-yurutmeyi-durdurma-karari.jpg\" width=\"100%\" data-original=\"\/resim\/tamboyut\/Njg4OTkwNj-bahcehir-goleti-icin-2-yurutmeyi-durdurma-karari.jpg\" \/><\/h4>\n<h4><img class=\"lazy\" src=\"http:\/\/emlakkulisi.com\/resim\/tamboyut\/MTM4NDc0Mz-bahcehir-goleti-icin-2-yurutmeyi-durdurma-karari.jpg\" width=\"100%\" data-original=\"\/resim\/tamboyut\/MTM4NDc0Mz-bahcehir-goleti-icin-2-yurutmeyi-durdurma-karari.jpg\" \/><\/h4>\n<h4><img class=\"lazy\" src=\"http:\/\/emlakkulisi.com\/resim\/tamboyut\/NDI1MDMyNz-bahcehir-goleti-icin-2-yurutmeyi-durdurma-karari.jpg\" width=\"100%\" data-original=\"\/resim\/tamboyut\/NDI1MDMyNz-bahcehir-goleti-icin-2-yurutmeyi-durdurma-karari.jpg\" \/><\/h4>\n<h4><b>Ceren Y\u00d6R\u00dcK\/Emlakkulisi.com<\/b><\/h4>\n<\/div>\n","protected":false},"excerpt":{"rendered":"<p>Bah\u00e7e\u015fehir G\u00f6leti&#8217;nde sular durulmuyor. G\u00f6let&#8217;teki yap\u0131la\u015fman\u0131n \u00f6n\u00fcn\u00fc a\u00e7an imar plan\u0131 mahkeme taraf\u0131ndan iptal edilmi\u015fti, g\u00f6lette ba\u015flayan in\u015faat durmad\u0131. CHP&#8217;li Meclis \u00fcyeleri, BADER ve G\u00f6let G\u00f6n\u00fcll\u00fcleri&#8217;nin a\u00e7t\u0131\u011f\u0131 davayla g\u00f6let i\u00e7in 2. y\u00fcr\u00fctmeyi durdurma karar\u0131 geldi. Bah\u00e7e\u015fehir G\u00f6let&#8217;teki yap\u0131la\u015fman\u0131n \u00f6n\u00fcn\u00fc a\u00e7an imar plan\u0131 mahkeme taraf\u0131ndan iptal edildi ancak, plana g\u00f6re yap\u0131lan in\u015faat durmad\u0131. CHP&#8217;li Meclis \u00fcyeleri, BADER [&hellip;]<\/p>\n","protected":false},"author":1,"featured_media":13971,"comment_status":"open","ping_status":"open","sticky":false,"template":"","format":"standard","meta":{"ngg_post_thumbnail":0},"categories":[221,26,5217,97,5388],"tags":[564,8161,8163,8162,5248,11290,67,11326,11098,11441,11230],"_links":{"self":[{"href":"https:\/\/emlaktuel.com\/index.php?rest_route=\/wp\/v2\/posts\/13970"}],"collection":[{"href":"https:\/\/emlaktuel.com\/index.php?rest_route=\/wp\/v2\/posts"}],"about":[{"href":"https:\/\/emlaktuel.com\/index.php?rest_route=\/wp\/v2\/types\/post"}],"author":[{"embeddable":true,"href":"https:\/\/emlaktuel.com\/index.php?rest_route=\/wp\/v2\/users\/1"}],"replies":[{"embeddable":true,"href":"https:\/\/emlaktuel.com\/index.php?rest_route=%2Fwp%2Fv2%2Fcomments&post=13970"}],"version-history":[{"count":1,"href":"https:\/\/emlaktuel.com\/index.php?rest_route=\/wp\/v2\/posts\/13970\/revisions"}],"predecessor-version":[{"id":13972,"href":"https:\/\/emlaktuel.com\/index.php?rest_route=\/wp\/v2\/posts\/13970\/revisions\/13972"}],"wp:featuredmedia":[{"embeddable":true,"href":"https:\/\/emlaktuel.com\/index.php?rest_route=\/wp\/v2\/media\/13971"}],"wp:attachment":[{"href":"https:\/\/emlaktuel.com\/index.php?rest_route=%2Fwp%2Fv2%2Fmedia&parent=13970"}],"wp:term":[{"taxonomy":"category","embeddable":true,"href":"https:\/\/emlaktuel.com\/index.php?rest_route=%2Fwp%2Fv2%2Fcategories&post=13970"},{"taxonomy":"post_tag","embeddable":true,"href":"https:\/\/emlaktuel.com\/index.php?rest_route=%2Fwp%2Fv2%2Ftags&post=13970"}],"curies":[{"name":"wp","href":"https:\/\/api.w.org\/{rel}","templated":true}]}}