{"id":13898,"date":"2017-05-02T12:55:50","date_gmt":"2017-05-02T09:55:50","guid":{"rendered":"http:\/\/emlaktuel.com\/?p=13898"},"modified":"2018-07-05T16:32:39","modified_gmt":"2018-07-05T13:32:39","slug":"dolar-yilin-en-dusuk-seviyesini-gordu","status":"publish","type":"post","link":"https:\/\/emlaktuel.com\/?p=13898","title":{"rendered":"Dolar y\u0131l\u0131n en d\u00fc\u015f\u00fck seviyesini g\u00f6rd\u00fc"},"content":{"rendered":"<div class=\"row clearfix news-box news-detail-top\">\n<div class=\"col-md-12\">\n<h3 class=\"news-detail-title selectionShareable\"><img loading=\"lazy\" class=\"size-full wp-image-13899 aligncenter\" src=\"http:\/\/emlaktuel.com\/wp-content\/uploads\/2017\/05\/5908268b2269a231c0b8ae58.jpg\" alt=\"dolar\" width=\"590\" height=\"332\" \/><\/h3>\n<h3 class=\"news-detail-title selectionShareable\">Dolar fiyatlar\u0131 3,5310 ile y\u0131l\u0131n en d\u00fc\u015f\u00fck seviyesini g\u00f6rd\u00fc. Kur 3,53 civar\u0131nda hareket ediyor.<\/h3>\n<\/div>\n<\/div>\n<div class=\"news-detail-content\">\n<div class=\"row clearfix\">\n<div class=\"col-md-12\">\n<div class=\"news-detail-text\">\n<div class=\"news-box\">\n<h4 class=\"selectionShareable\">TCMB&#8217;nin ad\u0131mlar\u0131 ve k\u00fcresel piyasalardaki olumlu havan\u0131n etkisiyle ge\u00e7en hafta d\u00f6rt ay\u0131n en d\u00fc\u015f\u00fck seviyelerine gerileyen dolar\/TL yeni haftaya da fazla de\u011fi\u015fim g\u00f6stermeyerek 3.55&#8217;li seviyelerden ba\u015flarken, 3,5310 ile y\u0131l\u0131n en d\u00fc\u015f\u00fck seviyesini g\u00f6rd\u00fc. Dolar en son 3 Ocak&#8217;ta 3.5350&#8217;ye kadar gerilemi\u015fti. Kur \u015fu anda 3,53 civar\u0131nda hareket ediyor. Euro da 3,85&#8217;in \u00fczerinde seyrediyor.<\/h4>\n<h4 class=\"selectionShareable\">Cuma g\u00fcn\u00fc saat 16.42&#8217;de 3.5442\/3.5462 seviyesinde olan dolar\/TL, bu sabah saat 09.03&#8217;te 3.5503\/3.5515 seviyesinden i\u015flem g\u00f6r\u00fcyordu. Cuma g\u00fcn\u00fc 3.7087\/3.7099 seviyesinde olan sepet baz\u0131nda TL bu sabah 3.7130\/3.7155, 3.8707\/3.8725 seviyesindeki euro\/TL ise 3.8776\/3.8813 seviyesindeyken 3.8510 seviyesine kadar geriledi.<\/h4>\n<h3 class=\"selectionShareable\"><strong>DOLAR A\u00c7ISINDAN KR\u0130T\u0130K GEL\u0130\u015eMELER OLACAK<\/strong><\/h3>\n<div class=\"adv-main-container collapsed-adv-area inlineAd\"><\/div>\n<h4 class=\"selectionShareable\">Kapital FX Ara\u015ft\u0131rma M\u00fcd\u00fcr Yard\u0131mc\u0131s\u0131 Enver Erkan, TCMB&#8217;nin enflasyon raporu sunumunun kurda a\u015fa\u011f\u0131 hareketi destekledi\u011fini s\u00f6yleyerek, &#8220;ABD taraf\u0131nda a\u00e7\u0131klanan verilerin etkisiyle dolar k\u00fcresel piyasalarda de\u011fer kaybediyor. Yar\u0131n yurti\u00e7inde enflasyon verisi ABD&#8217;de Fed toplant\u0131s\u0131 \u00f6nemli olacak ayr\u0131ca Trump&#8217;\u0131n b\u00fct\u00e7esi oylanacak, Cuma g\u00fcn\u00fc ise tar\u0131md\u0131\u015f\u0131 istihdam verisi bekleniyor. Dolar a\u00e7\u0131s\u0131ndan kritik geli\u015fmeler olacak. Dolar\/TL&#8217;de a\u015fa\u011f\u0131 hareket 3.55-3.50 band\u0131na girme e\u011filimi g\u00f6steriyor, 3.55 alt\u0131na kal\u0131c\u0131 sarkma olursa kurda 3.50 seviyeleri g\u00f6r\u00fcl\u00fcr&#8221; dedi.Erkan, enflasyonun Nisan&#8217;da da y\u00fckselmeye devam etmesinin beklendi\u011fini s\u00f6yleyerek, &#8220;Enflasyonda yukar\u0131 hareket devam ettik\u00e7e i\u00e7eride para politikas\u0131 s\u0131k\u0131la\u015ft\u0131rmas\u0131 da s\u00fcr\u00fcyor, fonlama maliyetleri yukar\u0131 gidiyor ve s\u0131k\u0131la\u015ft\u0131rman\u0131n TL \u00fczerinde destekleyici etkisi devam ediyor. Enflasyonun y\u00fcksek gelmesi halinde fonlama maliyetinde de y\u00fczde 12&#8217;ye hareket bekleyebiliriz&#8221; dedi.<\/h4>\n<h3 class=\"selectionShareable\"><strong>MERKEZ P\u0130YASALARA Y\u00d6N VERD\u0130<\/strong><\/h3>\n<h4 class=\"selectionShareable\">Ge\u00e7en hafta Merkez Bankas\u0131&#8217;n\u0131n s\u00fcrpriz faiz karar\u0131 ile enflasyon raporu toplant\u0131s\u0131nda verilen mesajlar piyasalara y\u00f6n verdi.TCMB Ba\u015fkan\u0131 Murat \u00c7etinkaya 2017 ve 2018 y\u0131l sonu enflasyon beklentilerini yukar\u0131 revize ederken, dalgal\u0131 bir seyir ya\u015fanaca\u011f\u0131n\u0131 belirtti\u011fi enflasyonda, dalgalanmalardan ziyade ana e\u011filime odakland\u0131klar\u0131n\u0131, g\u00f6r\u00fcn\u00fcm\u00fcnde belirgin bir iyile\u015fme sa\u011flanana kadar para politikas\u0131ndaki s\u0131k\u0131 duru\u015fu s\u00fcrd\u00fcreceklerinin alt\u0131n\u0131 \u00e7izdi.<\/h4>\n<h4 class=\"selectionShareable\">TCMB&#8217;nin PPK toplant\u0131s\u0131nda ger\u00e7ekle\u015ftirdi\u011fi beklentilerinin \u00fczerinde s\u0131k\u0131la\u015ft\u0131rma ad\u0131m\u0131 TL&#8217;deki de\u011fer kazanc\u0131n\u0131n ba\u015flamas\u0131n\u0131 tetikleyen etken olmu\u015ftu. TCMB \u00f6nce GLP faizinde art\u0131\u015fa giderken ard\u0131ndan bu art\u0131\u015f\u0131n bir k\u0131sm\u0131n\u0131 Per\u015fembe g\u00fcn\u00fc itibar\u0131yla likidite politikas\u0131na da yans\u0131tt\u0131.TCMB PPK&#8217;da Ge\u00e7 Likidite Penceresi (GLP) faiz oran\u0131n\u0131 beklentilerin \u00f6tesinde bir ad\u0131mla 50 baz puan art\u0131rarak y\u00fczde 12.25&#8217;e y\u00fckseltmi\u015fti.Merkez Bankas\u0131&#8217;n\u0131n likidite politikalar\u0131n\u0131n bile\u015fiminde ortaya \u00e7\u0131kan son faizi g\u00f6steren a\u011f\u0131rl\u0131kl\u0131 ortalama fonlama maliyeti Cuma g\u00fcn\u00fc y\u00fczde 11.80&#8217;e y\u00fckseldi.Bu verilere g\u00f6re ortalama fonlama maliyetinde Ocak ay\u0131na g\u00f6re art\u0131\u015f yakla\u015f\u0131k 350 baz puan oldu ve bu ad\u0131m hem piyasada hem TCMB taraf\u0131ndan &#8220;ciddi bir s\u0131k\u0131la\u015ft\u0131rma&#8221; olarak nitelendiriliyor.<\/h4>\n<h3 class=\"selectionShareable\"><strong>TAHV\u0130L BONO P\u0130YASASI<\/strong><\/h3>\n<h4 class=\"selectionShareable\">Yurti\u00e7i tahvil-bono piyasas\u0131nda 10 y\u0131ll\u0131k g\u00f6sterge 24 \u015eubat 2027 itfal\u0131 tahvilde ortalama bile\u015fik faiz Cuma g\u00fcn\u00fc d\u00fcn spot kapan\u0131\u015fta ortalama y\u00fczde 10.41, val\u00f6rde son i\u015flemde y\u00fczde 10.49 seviyesindeydi.\u00d6te yandan iki y\u0131ll\u0131k g\u00f6sterge olan 11 Temmuz 2018 itfal\u0131 tahvilde Cuma g\u00fcn\u00fc spot kapan\u0131\u015fta ortalama bile\u015fik faiz y\u00fczde 11.40 oldu.<\/h4>\n<\/div>\n<\/div>\n<\/div>\n<\/div>\n<\/div>\n","protected":false},"excerpt":{"rendered":"<p>Dolar fiyatlar\u0131 3,5310 ile y\u0131l\u0131n en d\u00fc\u015f\u00fck seviyesini g\u00f6rd\u00fc. Kur 3,53 civar\u0131nda hareket ediyor. TCMB&#8217;nin ad\u0131mlar\u0131 ve k\u00fcresel piyasalardaki olumlu havan\u0131n etkisiyle ge\u00e7en hafta d\u00f6rt ay\u0131n en d\u00fc\u015f\u00fck seviyelerine gerileyen dolar\/TL yeni haftaya da fazla de\u011fi\u015fim g\u00f6stermeyerek 3.55&#8217;li seviyelerden ba\u015flarken, 3,5310 ile y\u0131l\u0131n en d\u00fc\u015f\u00fck seviyesini g\u00f6rd\u00fc. Dolar en son 3 Ocak&#8217;ta 3.5350&#8217;ye kadar gerilemi\u015fti. [&hellip;]<\/p>\n","protected":false},"author":1,"featured_media":13899,"comment_status":"open","ping_status":"open","sticky":false,"template":"","format":"standard","meta":{"ngg_post_thumbnail":0},"categories":[5213],"tags":[961,8132,8133,8131,5279,278,11417,11313,11159,276],"_links":{"self":[{"href":"https:\/\/emlaktuel.com\/index.php?rest_route=\/wp\/v2\/posts\/13898"}],"collection":[{"href":"https:\/\/emlaktuel.com\/index.php?rest_route=\/wp\/v2\/posts"}],"about":[{"href":"https:\/\/emlaktuel.com\/index.php?rest_route=\/wp\/v2\/types\/post"}],"author":[{"embeddable":true,"href":"https:\/\/emlaktuel.com\/index.php?rest_route=\/wp\/v2\/users\/1"}],"replies":[{"embeddable":true,"href":"https:\/\/emlaktuel.com\/index.php?rest_route=%2Fwp%2Fv2%2Fcomments&post=13898"}],"version-history":[{"count":1,"href":"https:\/\/emlaktuel.com\/index.php?rest_route=\/wp\/v2\/posts\/13898\/revisions"}],"predecessor-version":[{"id":13900,"href":"https:\/\/emlaktuel.com\/index.php?rest_route=\/wp\/v2\/posts\/13898\/revisions\/13900"}],"wp:featuredmedia":[{"embeddable":true,"href":"https:\/\/emlaktuel.com\/index.php?rest_route=\/wp\/v2\/media\/13899"}],"wp:attachment":[{"href":"https:\/\/emlaktuel.com\/index.php?rest_route=%2Fwp%2Fv2%2Fmedia&parent=13898"}],"wp:term":[{"taxonomy":"category","embeddable":true,"href":"https:\/\/emlaktuel.com\/index.php?rest_route=%2Fwp%2Fv2%2Fcategories&post=13898"},{"taxonomy":"post_tag","embeddable":true,"href":"https:\/\/emlaktuel.com\/index.php?rest_route=%2Fwp%2Fv2%2Ftags&post=13898"}],"curies":[{"name":"wp","href":"https:\/\/api.w.org\/{rel}","templated":true}]}}