{"id":13871,"date":"2017-05-01T13:24:00","date_gmt":"2017-05-01T10:24:00","guid":{"rendered":"http:\/\/emlaktuel.com\/?p=13871"},"modified":"2018-07-05T16:32:26","modified_gmt":"2018-07-05T13:32:26","slug":"hayirli-olsun-marmarayda-yeni-donem-basliyor","status":"publish","type":"post","link":"https:\/\/emlaktuel.com\/?p=13871","title":{"rendered":"Hay\u0131rl\u0131 olsun! Marmaray&#8217;da yeni d\u00f6nem ba\u015fl\u0131yor"},"content":{"rendered":"<div class=\"col-sm-12 view20\">\n<h3 class=\"pageTitle\"><img loading=\"lazy\" class=\"alignleft size-full wp-image-13872\" src=\"http:\/\/emlaktuel.com\/wp-content\/uploads\/2017\/05\/marmarayda-yeni-do\u0308nem.jpg\" alt=\"marmaray'da yeni do\u0308nem\" width=\"2300\" height=\"1100\" \/><\/h3>\n<h3 class=\"pageTitle\">Ula\u015ft\u0131rma, Denizcilik ve Haberle\u015fme Bakan\u0131 Arslan, Marmaray\u2019da 17 ayd\u0131r devam eden altyap\u0131 \u00e7al\u0131\u015fmalar\u0131n\u0131n tamamlanmas\u0131yla sefer say\u0131s\u0131n\u0131n hafta i\u00e7i 219\u2019dan 333\u2019e \u00e7\u0131kar\u0131laca\u011f\u0131n\u0131 belirtti. Yo\u011fun saatlerde 5 dakikada bir sefer yap\u0131lacak<\/h3>\n<\/div>\n<div class=\"col-sm-12 view20\">\n<div class=\"newsDetailText\">\n<div class=\"newsBox selectionShareable\">\n<h4>Ula\u015ft\u0131rma, Denizcilik ve Haberle\u015fme Bakan\u0131 Ahmet Arslan, Ayr\u0131l\u0131k \u00c7e\u015fmesi&#8217;nde, Marmaray Projesi kapsam\u0131nda Altyap\u0131 Yat\u0131r\u0131mlar\u0131 Genel M\u00fcd\u00fcrl\u00fc\u011f\u00fc (AYGM) taraf\u0131ndan yakla\u015f\u0131k 17 ayd\u0131r s\u00fcrd\u00fcr\u00fclen \u00e7al\u0131\u015fmalar nedeniyle tren sefer s\u0131kl\u0131\u011f\u0131n\u0131n zorunlu olarak 10 dakika arayla yap\u0131ld\u0131\u011f\u0131n\u0131 ifade etti.<\/p>\n<p>AYGM taraf\u0131ndan 16 Aral\u0131k 2015&#8217;te ba\u015flat\u0131lan \u00e7al\u0131\u015fmalar\u0131n, 28 Nisan&#8217;da ba\u015far\u0131yla tamamland\u0131\u011f\u0131n\u0131 belirten Arslan, Marmaray seferleri yar\u0131ndan itibaren 333&#8217;e \u00e7\u0131kar\u0131laca\u011f\u0131n\u0131 s\u00f6yledi.<\/p>\n<p>Marmaray&#8217;\u0131n hafta i\u00e7i ve hafta sonu i\u015fleyi\u015fi hakk\u0131nda da bilgi veren Arslan, hafta i\u00e7i toplam 333 tren seferinin yap\u0131laca\u011f\u0131n\u0131, g\u00fcn\u00fcn yo\u011fun olan 07.00-10.00 ve 16.00-20.00 saatlerinde 5 dakika aral\u0131klarla trenlerin hizmet verece\u011fini belirtti.<\/p>\n<p>Arslan, g\u00fcn\u00fcn yo\u011fun olmayan saatlerinde ise 10.00-16.00 aras\u0131nda 7 dakika aral\u0131klarla, 06.00-07.00-20.00-23:10 saatlerinde 10 dakika, 23.10-24.00 saatleri aras\u0131nda ise 15-20 dakika aral\u0131klarla tren seferlerinin yap\u0131laca\u011f\u0131n\u0131 kaydetti.<\/p>\n<p><strong>&#8220;200 M\u0130LYON YOLCU TA\u015eIDI&#8221;<\/strong><\/p>\n<p>Pazar ve tatil g\u00fcnlerinde 10 dakika aral\u0131klarla 217 tren seferinin yap\u0131laca\u011f\u0131n\u0131 anlatan Arslan, Ayr\u0131l\u0131k \u00c7e\u015fmesi-Kazl\u0131\u00e7e\u015fme aras\u0131nda hizmet veren Marmaray&#8217;a olan talebin her ge\u00e7en g\u00fcn artt\u0131\u011f\u0131n\u0131 bildirdi.<\/p>\n<p>Bakan Arslan, Marmaray&#8217;da a\u00e7\u0131ld\u0131\u011f\u0131 g\u00fcnden bu yana yakla\u015f\u0131k 200 milyon yolcu ta\u015f\u0131d\u0131\u011f\u0131na dikkati \u00e7ekerek, &#8220;Projenin di\u011fer kesimlerinde ise in\u015fa \u00e7al\u0131\u015fmalar\u0131 b\u00fcy\u00fck bir h\u0131zla devam ediyor. 2018 sonunda Gebze-Halkal\u0131 hatt\u0131nda hizmet vermeye ba\u015flayacak&#8221; diye konu\u015ftu.<\/h4>\n<p><strong>SABAH<\/strong><\/p>\n<\/div>\n<\/div>\n<\/div>\n","protected":false},"excerpt":{"rendered":"<p>Ula\u015ft\u0131rma, Denizcilik ve Haberle\u015fme Bakan\u0131 Arslan, Marmaray\u2019da 17 ayd\u0131r devam eden altyap\u0131 \u00e7al\u0131\u015fmalar\u0131n\u0131n tamamlanmas\u0131yla sefer say\u0131s\u0131n\u0131n hafta i\u00e7i 219\u2019dan 333\u2019e \u00e7\u0131kar\u0131laca\u011f\u0131n\u0131 belirtti. Yo\u011fun saatlerde 5 dakikada bir sefer yap\u0131lacak Ula\u015ft\u0131rma, Denizcilik ve Haberle\u015fme Bakan\u0131 Ahmet Arslan, Ayr\u0131l\u0131k \u00c7e\u015fmesi&#8217;nde, Marmaray Projesi kapsam\u0131nda Altyap\u0131 Yat\u0131r\u0131mlar\u0131 Genel M\u00fcd\u00fcrl\u00fc\u011f\u00fc (AYGM) taraf\u0131ndan yakla\u015f\u0131k 17 ayd\u0131r s\u00fcrd\u00fcr\u00fclen \u00e7al\u0131\u015fmalar nedeniyle tren sefer [&hellip;]<\/p>\n","protected":false},"author":1,"featured_media":13872,"comment_status":"open","ping_status":"open","sticky":false,"template":"","format":"standard","meta":{"ngg_post_thumbnail":0},"categories":[26,5217,97,5388],"tags":[310,2980,11344,478,106],"_links":{"self":[{"href":"https:\/\/emlaktuel.com\/index.php?rest_route=\/wp\/v2\/posts\/13871"}],"collection":[{"href":"https:\/\/emlaktuel.com\/index.php?rest_route=\/wp\/v2\/posts"}],"about":[{"href":"https:\/\/emlaktuel.com\/index.php?rest_route=\/wp\/v2\/types\/post"}],"author":[{"embeddable":true,"href":"https:\/\/emlaktuel.com\/index.php?rest_route=\/wp\/v2\/users\/1"}],"replies":[{"embeddable":true,"href":"https:\/\/emlaktuel.com\/index.php?rest_route=%2Fwp%2Fv2%2Fcomments&post=13871"}],"version-history":[{"count":1,"href":"https:\/\/emlaktuel.com\/index.php?rest_route=\/wp\/v2\/posts\/13871\/revisions"}],"predecessor-version":[{"id":13873,"href":"https:\/\/emlaktuel.com\/index.php?rest_route=\/wp\/v2\/posts\/13871\/revisions\/13873"}],"wp:featuredmedia":[{"embeddable":true,"href":"https:\/\/emlaktuel.com\/index.php?rest_route=\/wp\/v2\/media\/13872"}],"wp:attachment":[{"href":"https:\/\/emlaktuel.com\/index.php?rest_route=%2Fwp%2Fv2%2Fmedia&parent=13871"}],"wp:term":[{"taxonomy":"category","embeddable":true,"href":"https:\/\/emlaktuel.com\/index.php?rest_route=%2Fwp%2Fv2%2Fcategories&post=13871"},{"taxonomy":"post_tag","embeddable":true,"href":"https:\/\/emlaktuel.com\/index.php?rest_route=%2Fwp%2Fv2%2Ftags&post=13871"}],"curies":[{"name":"wp","href":"https:\/\/api.w.org\/{rel}","templated":true}]}}