{"id":13832,"date":"2017-05-01T10:58:26","date_gmt":"2017-05-01T07:58:26","guid":{"rendered":"http:\/\/emlaktuel.com\/?p=13832"},"modified":"2018-07-05T16:32:00","modified_gmt":"2018-07-05T13:32:00","slug":"toki-orta-gelir-alt-gelir-ve-emekliye-kura-ile-ev-sahibi-yapacak","status":"publish","type":"post","link":"https:\/\/emlaktuel.com\/?p=13832","title":{"rendered":"TOK\u0130 orta gelir, alt gelir ve emekliye kura ile ev sahibi yapacak"},"content":{"rendered":"<h1 class=\"news-detail-title selectionShareable\"><img loading=\"lazy\" class=\"size-full wp-image-13833 aligncenter\" src=\"http:\/\/emlaktuel.com\/wp-content\/uploads\/2017\/05\/toki-may\u0131s-ay\u0131nda.jpg\" alt=\"toki may\u0131s ay\u0131nda\" width=\"2300\" height=\"1100\" \/><\/h1>\n<h1 class=\"news-detail-title selectionShareable\">TOK\u0130 May\u0131s ay\u0131nda 3,737 konutu kura ile sat\u0131\u015fa \u00e7\u0131kar\u0131yor!<\/h1>\n<div class=\"centerAd\"><\/div>\n<h3 class=\"topP\"><a href=\"http:\/\/emlaktuel.com\/?s=toki\"><strong>TOK\u0130<\/strong><\/a>, 65 bin konut hedefini tutturabilmek i\u00e7in projelerine projelerine ara vermeden devam ediyor. Bu kapsamda <a href=\"http:\/\/emlaktuel.com\/?s=toki\"><strong>TOK\u0130<\/strong><\/a> May\u0131s ay\u0131nda 3,737 konutu kura ile sat\u0131\u015fa \u00e7\u0131kar\u0131yor.<\/h3>\n<div class=\"soc2 nmobilw\"><\/div>\n<div>\n<h4>Ba\u015fbakanl\u0131k Toplu Konut \u0130daresi (TOK\u0130) 2017 ba\u015f\u0131nda bu y\u0131l hedefimiz\u00a065 bin konutu hayata ge\u00e7irmek demi\u015fti. Bu a\u00e7\u0131klamalar\u0131n ard\u0131ndan TOK\u0130 konut projelerine daha \u00e7\u0131k h\u0131z verererek hedefe do\u011fru ilerliyor.<\/h4>\n<h4>TOK\u0130 Ba\u015fkan\u0131 Erg\u00fcn Turan\u00a0\u015f\u00f6yle demi\u015fti: 2017&#8217;de Ankara&#8217;da 2 bin 500 konut, Konya&#8217;da bin 500, Kayseri&#8217;de bin, Eski\u015fehir&#8217;de 500, Sivas&#8217;ta bin, K\u0131r\u0131kkale&#8217;de 100, Aksaray&#8217;da 300, Karaman&#8217;da 500, K\u0131r\u015fehir&#8217;de 500, Ni\u011fde&#8217;de 157, Nev\u015fehir&#8217;de 378 ve \u00c7ank\u0131r\u0131&#8217;da 500 konut in\u015fa etmeyi planl\u0131yoruz&#8230;<\/h4>\n<h4>TOK\u0130 daha \u00e7ok dar ve orta gelirli vatanda\u015flar\u0131 ev sahibi yapmay\u0131 ama\u00e7l\u0131yor. <a href=\"http:\/\/emlaktuel.com\/?s=toki\">TOK\u0130<\/a>\u00a0 emeklilere ve engelli vatanda\u015flara y\u00f6nelik projeler de yap\u0131yor. TOK\u0130 May\u0131s ay\u0131nda 3,737 konutu kura ile sat\u0131\u015fa \u00e7\u0131karacak. Detaylar \u015f\u00f6yle:<\/h4>\n<h3>1: \u015eanl\u0131urfa Ma\u015fuk&#8217;ta 4.B\u00f6lge 1. ve 2.Etap<\/h3>\n<h4>Toplu Konut \u0130daresi Ba\u015fkanl\u0131\u011f\u0131 taraf\u0131ndan \u015eanl\u0131urfa Ma\u015fuk 4.B\u00f6lge 1. Ve 2.Etap Projesi \u00a0kapsam\u0131nda 700 adet 3+1 konut ve 664 adet 4+1 konut olmak \u00fczere toplam 1364 adet konut kura ile\u00a0sat\u0131\u015fa sunulacak.\u00a0Kura \u00e7ekimi 4 May\u0131s&#8217;ta.<\/h4>\n<h3>2: Elaz\u0131\u011f Merkez Zafran Mahallesi&#8217;nde 280 Konut Emeklilere \u00d6zel<\/h3>\n<h4>Elaz\u0131\u011f Merkez Zafran mahallesi 385 Konut Projesi kapsam\u0131nda Emeklilere sat\u0131\u015fa sunulan 280 konut 08 May\u0131s 2017 tarihinde saat:11:00\u2019de \u00a0Mutluay D\u00fc\u011f\u00fcn Salonu\u2019nda ger\u00e7ekle\u015ftirilecek.<\/h4>\n<h3>3:\u00a0Elaz\u0131\u011f Merkez Zafran Mahallesi&#8217;nde Alt Gelir Grubu<\/h3>\n<h4>Elaz\u0131\u011f Merkez Zafran mahallesi 385 Konut Projesi kapsam\u0131nda sat\u0131\u015fa sunulan 129 konut 08 May\u0131s 2017 tarihinde saat:11:00\u2019de \u00a0Mutluay D\u00fc\u011f\u00fcn Salonu\u2019nda yap\u0131lacak.<\/h4>\n<h3>4: Kayseri Mimarsinan Alt Gelir Grubu<\/h3>\n<h4>Kayseri Mimarsinan Mahallesi \u201cAlt Gelir Grubu Konut Projesi\u201d kapsam\u0131nda \u0130daremiz taraf\u0131ndan in\u015fa ettirilen 426 Konut ve 152 Konut projeleri kapsam\u0131nda stoklar\u0131m\u0131zda kalan 346 konut 10 May\u0131s tarihinde kura ile sahiplerini bulacak.<\/h4>\n<h3>5: Kayseri Mimarsinan Emeklilere \u00d6zel<\/h3>\n<h4>Kayseri Mimarsinan Emeklilere \u00d6zel Konut Projesi kapsam\u0131nda yap\u0131lacak olan 250 adet konut i\u00e7in \u201cHak Sahipli\u011fi Kuras\u0131\u201d 06.05.2016 tarihinde \u00e7ekilmi\u015f ve asil hak sahipleri belirlenmi\u015fti.<\/h4>\n<h4>Kayseri Mimarsinan Emekli Konut projesi kapsam\u0131nda 16 hak sahibi \u015fartlar\u0131 ta\u015f\u0131mad\u0131\u011f\u0131ndan, 2 hak sahibi ise iade talebinde bulunduklar\u0131ndan hak sahiplikleri iptal edildi.<\/h4>\n<h4>Konut Belirleme Kuras\u0131na 232 hak sahibi kat\u0131lacak. 10 May\u0131s 2017 \u00c7ar\u015famba g\u00fcn\u00fc asil hak sahibi olanlar i\u00e7in \u201cKonut Belirleme Kuras\u0131\u201d \u00e7ekilecek.<\/h4>\n<h3>6:\u00a0Konya Meram G\u00f6dene Mahallesi<\/h3>\n<h4>Toplu Konut \u0130daresi Ba\u015fkanl\u0131\u011f\u0131 taraf\u0131ndan Konya Meram G\u00f6dene Projesi kapsam\u0131nda 604 adet konut kura y\u00f6ntemiyle sat\u0131\u015fa sunulacak. Konya Meram G\u00f6dene Mahallesi&#8217;nde kura \u00e7ekimi 11 May\u0131s 2017 tarihinde \u00e7ekilecek.<\/h4>\n<h3>7:\u00a0Konya Meram Emeklilere \u00d6zel<\/h3>\n<h4>Konya Meram Emeklilere \u00d6zel 509 Adet Konut Projesi kapsam\u0131nda TOK\u0130 \u00a0taraf\u0131ndan in\u015fa ettirilmekte olan 198 adet konut, 10 \u2013 28 Nisan 2017 tarihleri aras\u0131nda, T.Halk Bankas\u0131 A.\u015e.\u2019nin Konya \u0130li \u015eubeleri arac\u0131l\u0131\u011f\u0131nda, Kural\u0131 Sat\u0131\u015f Y\u00f6ntemi ile Emekli Vatanda\u015flar\u0131m\u0131z i\u00e7in sat\u0131\u015fa sunuluyor.<\/h4>\n<h4>Konya Meram Emeklilere \u00d6zel projesi i\u00e7in 11 May\u0131s 2017 tarihinde \u201cHak Sahipli\u011fi ve Konut Belirleme Kuras\u0131\u201d \u00e7ekilecek.<\/h4>\n<h3>8:\u00a0\u00c7ank\u0131r\u0131 K\u0131z\u0131l\u0131rmak<\/h3>\n<h4>\u00c7ank\u0131r\u0131 K\u0131z\u0131l\u0131rmak Belediyesi ile \u0130daremizin ortakla\u015fa y\u00fcr\u00fctt\u00fc\u011f\u00fc toplam 102 adet konutluk, \u00c7ank\u0131r\u0131 K\u0131z\u0131l\u0131rmak Belediye Projesine ili\u015fkin \u201cKonut Belirleme Kuras\u0131\u201d 15 May\u0131s 2017 g\u00fcn\u00fc saat 11:00\u2019de Atat\u00fcrk K\u00fclt\u00fcr Merkezi\u2019nde noter huzurunda ger\u00e7ekle\u015ftirilecek.<\/h4>\n<h3>9: \u00a0Adana\u00a0 Ceyhan Alt Gelir Grubu<\/h3>\n<h4>Adana Ceyhan 499 Konut Projesi kapsam\u0131nda \u00fcretilmekte olan 2+1 nitelikli 296 konut Alt Gelir Grubu kapsam\u0131nda, 3+1 nitelikli 168 adet konut Orta Gelir Grubu kapsam\u0131nda olmak \u00fczere toplam 464 konut kural\u0131 sat\u0131\u015f y\u00f6ntemi ile sat\u0131\u015fa sunuldu.<\/h4>\n<h4>Proje kapsam\u0131ndaki daireler i\u00e7in \u201cKonut Alma Hakk\u0131 ve Konut Belirleme Kuras\u0131\u201d noter huzurunda; Banka ve TOK\u0130 yetkilileri denetiminde 18 May\u0131s 2017 tarihinde ger\u00e7ekle\u015ftirilecek.<\/h4>\n<h3>10: Adana Ceyhan<\/h3>\n<h4>Toplu Konut \u0130daresi Ba\u015fkanl\u0131\u011f\u0131 taraf\u0131ndan Adana Ceyhan 499 Konut Projesi kapsam\u0131nda \u00fcretilecek 3 oda 1 salon nitelikli 168 adet konut sat\u0131\u015fa sunuluyor.<\/h4>\n<h4>TOK\u0130 Adana Ceyhan projesindeki daireler daireler i\u00e7in \u00a0\u201cKonut Alma Hakk\u0131 ve Konut Belirleme Kuras\u0131\u201d noter huzurunda 18 May\u0131s 2017 tarihinde \u00e7ekilecek.<\/h4>\n<h4><\/h4>\n<\/div>\n","protected":false},"excerpt":{"rendered":"<p>TOK\u0130 May\u0131s ay\u0131nda 3,737 konutu kura ile sat\u0131\u015fa \u00e7\u0131kar\u0131yor! TOK\u0130, 65 bin konut hedefini tutturabilmek i\u00e7in projelerine projelerine ara vermeden devam ediyor. Bu kapsamda TOK\u0130 May\u0131s ay\u0131nda 3,737 konutu kura ile sat\u0131\u015fa \u00e7\u0131kar\u0131yor. Ba\u015fbakanl\u0131k Toplu Konut \u0130daresi (TOK\u0130) 2017 ba\u015f\u0131nda bu y\u0131l hedefimiz\u00a065 bin konutu hayata ge\u00e7irmek demi\u015fti. Bu a\u00e7\u0131klamalar\u0131n ard\u0131ndan TOK\u0130 konut projelerine daha [&hellip;]<\/p>\n","protected":false},"author":1,"featured_media":13833,"comment_status":"open","ping_status":"open","sticky":false,"template":"","format":"standard","meta":{"ngg_post_thumbnail":0},"categories":[221,5217,97,5388,5222],"tags":[80,10655,11335,11496,106,11580,450,8079,8082,8077,8081,8076,2890,8078,8080,8083,2891,11178,11181,4450],"_links":{"self":[{"href":"https:\/\/emlaktuel.com\/index.php?rest_route=\/wp\/v2\/posts\/13832"}],"collection":[{"href":"https:\/\/emlaktuel.com\/index.php?rest_route=\/wp\/v2\/posts"}],"about":[{"href":"https:\/\/emlaktuel.com\/index.php?rest_route=\/wp\/v2\/types\/post"}],"author":[{"embeddable":true,"href":"https:\/\/emlaktuel.com\/index.php?rest_route=\/wp\/v2\/users\/1"}],"replies":[{"embeddable":true,"href":"https:\/\/emlaktuel.com\/index.php?rest_route=%2Fwp%2Fv2%2Fcomments&post=13832"}],"version-history":[{"count":1,"href":"https:\/\/emlaktuel.com\/index.php?rest_route=\/wp\/v2\/posts\/13832\/revisions"}],"predecessor-version":[{"id":13834,"href":"https:\/\/emlaktuel.com\/index.php?rest_route=\/wp\/v2\/posts\/13832\/revisions\/13834"}],"wp:featuredmedia":[{"embeddable":true,"href":"https:\/\/emlaktuel.com\/index.php?rest_route=\/wp\/v2\/media\/13833"}],"wp:attachment":[{"href":"https:\/\/emlaktuel.com\/index.php?rest_route=%2Fwp%2Fv2%2Fmedia&parent=13832"}],"wp:term":[{"taxonomy":"category","embeddable":true,"href":"https:\/\/emlaktuel.com\/index.php?rest_route=%2Fwp%2Fv2%2Fcategories&post=13832"},{"taxonomy":"post_tag","embeddable":true,"href":"https:\/\/emlaktuel.com\/index.php?rest_route=%2Fwp%2Fv2%2Ftags&post=13832"}],"curies":[{"name":"wp","href":"https:\/\/api.w.org\/{rel}","templated":true}]}}