{"id":13807,"date":"2017-04-29T15:14:39","date_gmt":"2017-04-29T12:14:39","guid":{"rendered":"http:\/\/emlaktuel.com\/?p=13807"},"modified":"2018-07-05T16:31:42","modified_gmt":"2018-07-05T13:31:42","slug":"dap-teras-kulede-1-mayis-pazar-gunu-brunch-keyfi","status":"publish","type":"post","link":"https:\/\/emlaktuel.com\/?p=13807","title":{"rendered":"Dap Teras Kule&#8217;de 1 May\u0131s Pazar g\u00fcn\u00fc brunch keyfi"},"content":{"rendered":"<div class=\"hz_top_post\"><\/div>\n<div class=\"hz_main_post_content\">\n<div class=\"big_post_content\">\n<h4><img loading=\"lazy\" class=\"size-full wp-image-13808 aligncenter\" src=\"http:\/\/emlaktuel.com\/wp-content\/uploads\/2017\/04\/dap-teras-kule.jpg\" alt=\"dap teras kule\" width=\"2300\" height=\"1100\" \/><\/h4>\n<h4>\u0130stanbul Kartal&#8217;da Dap Yap\u0131 taraf\u0131ndan metro istasyonuna 5 dakika uzakl\u0131kta\u00a0yer alan Teras Kule projesinde fiyatlar 375 bin TL&#8217;den ba\u015flang\u0131\u00e7 g\u00f6steriyor.<\/h4>\n<h4>\u0130stanbul Kartal&#8217;da Dap Yap\u0131 taraf\u0131ndan in\u015faat\u0131 devam eden\u00a0<a href=\"http:\/\/emlaktuel.com\/?s=teras+kule\">Teras Kule<\/a> projesi 30 katl\u0131 2 blok \u015feklinde\u00a0y\u00fckseliyor. Her daire i\u00e7in teras\u0131n yer ald\u0131\u011f\u0131 bu projede 1+0&#8217;dan 3+1&#8217;e kadar \u00e7e\u015fitli\u00a0daire se\u00e7enekleri yer al\u0131yor. 360 konutluk bir proje olan <a href=\"http:\/\/emlaktuel.com\/?s=teras+kule\">Teras Kule<\/a>, 16 bin metrekare arsa alan\u0131na sahip.<\/h4>\n<\/div>\n<div class=\"big_post_content\">\n<h4>Dap Yap\u0131 projesi\u00a0<a href=\"http:\/\/Dap Yap\u0131 projesi olan Teras Kule'de teslimler 30 ay sonra yap\u0131lacak.\">Teras Kule<\/a>&#8216;de teslimler 30 ay sonra yap\u0131lacak.\u00a02019 y\u0131l\u0131n\u0131n Temmuz ay\u0131nda tamamlanmas\u0131 hedeflenen projenin her blo\u011funda 180 adet rezidans daire yer al\u0131yor.<\/h4>\n<h3>Teras Kule&#8217;de 120 ay s\u0131f\u0131r faiz avantaj\u0131 sunuluyor<\/h3>\n<p>Dap <a href=\"http:\/\/emlaktuel.com\/?s=teras+kule\">Teras Kule<\/a>&#8216;den daire sahibi olmak isteyenler y\u00fczde 5 pe\u015finat ard\u0131ndan 120 aya kadar s\u0131f\u0131r faizli \u00f6deme imkan\u0131 sunuluyor. Lansmana \u00f6zel indirimler 2 bin 200 TL&#8217;den ba\u015flayan taksitler olu\u015fturulabiliyor.<\/div>\n<\/div>\n<div class=\"big_post_content\"><\/div>\n<div class=\"big_post_content\">Ayr\u0131ca Dap Yap\u0131&#8217;dan Teras Kule projesinin sat\u0131\u015f ofisinde 1 May\u0131s Pazar g\u00fcn\u00fc ziyarete gelecek m\u00fc\u015fterileri i\u00e7in Brunch keyfi sunuyor.<\/div>\n<div class=\"big_post_content\"><\/div>\n<div class=\"big_post_content\"><strong>ADRES B\u0130LG\u0130S\u0130:<\/strong><\/div>\n<div class=\"big_post_content\">http:\/\/www.dapyapi.com.tr\/teras-kule-kampanya<\/div>\n<div class=\"hz_main_post_content\">\n<div class=\"big_post_content\"><\/div>\n<h3 class=\"big_post_content\"><a href=\"http:\/\/emlaktuel.com\/?s=teras+kule\">Teras Kule<\/a>&#8216;de daireler deniz ve Adalar manzaras\u0131n\u0131 g\u00f6r\u00fcyor.<\/h3>\n<p>Terak Kule&#8217;de 375 Bin TL&#8217;lik bir dairenin \u00f6deme plan\u0131 \u015f\u00f6yle<\/p>\n<p>Y\u00fczde 5 pe\u015finat-120 ay s\u0131f\u0131r faiz<\/p>\n<p>18 bin 500 TL- 120 ay 2 bin 968 TL ayl\u0131t taksitleri<\/p>\n<\/div>\n","protected":false},"excerpt":{"rendered":"<p>\u0130stanbul Kartal&#8217;da Dap Yap\u0131 taraf\u0131ndan metro istasyonuna 5 dakika uzakl\u0131kta\u00a0yer alan Teras Kule projesinde fiyatlar 375 bin TL&#8217;den ba\u015flang\u0131\u00e7 g\u00f6steriyor. \u0130stanbul Kartal&#8217;da Dap Yap\u0131 taraf\u0131ndan in\u015faat\u0131 devam eden\u00a0Teras Kule projesi 30 katl\u0131 2 blok \u015feklinde\u00a0y\u00fckseliyor. Her daire i\u00e7in teras\u0131n yer ald\u0131\u011f\u0131 bu projede 1+0&#8217;dan 3+1&#8217;e kadar \u00e7e\u015fitli\u00a0daire se\u00e7enekleri yer al\u0131yor. 360 konutluk bir proje olan [&hellip;]<\/p>\n","protected":false},"author":1,"featured_media":13808,"comment_status":"open","ping_status":"open","sticky":false,"template":"","format":"standard","meta":{"ngg_post_thumbnail":0},"categories":[221,5218,219,97,5388],"tags":[11208,8046,8052,8051,8047,8049,8050,8048,5627,11365,612,11395,11102,11116,11206,768,5626],"_links":{"self":[{"href":"https:\/\/emlaktuel.com\/index.php?rest_route=\/wp\/v2\/posts\/13807"}],"collection":[{"href":"https:\/\/emlaktuel.com\/index.php?rest_route=\/wp\/v2\/posts"}],"about":[{"href":"https:\/\/emlaktuel.com\/index.php?rest_route=\/wp\/v2\/types\/post"}],"author":[{"embeddable":true,"href":"https:\/\/emlaktuel.com\/index.php?rest_route=\/wp\/v2\/users\/1"}],"replies":[{"embeddable":true,"href":"https:\/\/emlaktuel.com\/index.php?rest_route=%2Fwp%2Fv2%2Fcomments&post=13807"}],"version-history":[{"count":1,"href":"https:\/\/emlaktuel.com\/index.php?rest_route=\/wp\/v2\/posts\/13807\/revisions"}],"predecessor-version":[{"id":13809,"href":"https:\/\/emlaktuel.com\/index.php?rest_route=\/wp\/v2\/posts\/13807\/revisions\/13809"}],"wp:featuredmedia":[{"embeddable":true,"href":"https:\/\/emlaktuel.com\/index.php?rest_route=\/wp\/v2\/media\/13808"}],"wp:attachment":[{"href":"https:\/\/emlaktuel.com\/index.php?rest_route=%2Fwp%2Fv2%2Fmedia&parent=13807"}],"wp:term":[{"taxonomy":"category","embeddable":true,"href":"https:\/\/emlaktuel.com\/index.php?rest_route=%2Fwp%2Fv2%2Fcategories&post=13807"},{"taxonomy":"post_tag","embeddable":true,"href":"https:\/\/emlaktuel.com\/index.php?rest_route=%2Fwp%2Fv2%2Ftags&post=13807"}],"curies":[{"name":"wp","href":"https:\/\/api.w.org\/{rel}","templated":true}]}}