{"id":13780,"date":"2017-04-29T12:26:34","date_gmt":"2017-04-29T09:26:34","guid":{"rendered":"http:\/\/emlaktuel.com\/?p=13780"},"modified":"2018-07-05T16:31:16","modified_gmt":"2018-07-05T13:31:16","slug":"altin-son-bir-ayin-en-dusugunde","status":"publish","type":"post","link":"https:\/\/emlaktuel.com\/?p=13780","title":{"rendered":"Alt\u0131n son bir ay\u0131n en d\u00fc\u015f\u00fc\u011f\u00fcnde"},"content":{"rendered":"<div id=\"detail-widget\" class=\"big\">\n<h1><img loading=\"lazy\" class=\"size-full wp-image-13781 aligncenter\" src=\"http:\/\/emlaktuel.com\/wp-content\/uploads\/2017\/04\/manset311516-altin-son-bir-ayin-en-dusugunde.jpg\" alt=\"manset311516-altin-son-bir-ayin-en-dusugunde\" width=\"642\" height=\"355\" \/><\/h1>\n<h3 class=\"text\">Alt\u0131n\u0131n gram fiyat\u0131, 144,5 lira ile son bir ay\u0131n en d\u00fc\u015f\u00fck seviyesine indi.<\/h3>\n<\/div>\n<div id=\"detail-text\">\n<h3>Alt\u0131n\u0131n gram fiyat\u0131, 144,5 lira ile son bir ay\u0131n en d\u00fc\u015f\u00fck seviyesine indi.<\/h3>\n<h4>D\u00fcn g\u00fcn i\u00e7inde 145 liran\u0131n alt\u0131n\u0131 g\u00f6rse de d\u00f6viz kurlar\u0131ndaki toparlanman\u0131n etkisiyle kay\u0131plar\u0131n\u0131 telafi ederek y\u00fckseli\u015fe ge\u00e7en gram alt\u0131n, \u00f6nceki kapan\u0131\u015fa g\u00f6re y\u00fczde 0,36 art\u0131\u015fla 146 liradan kapand\u0131.<\/h4>\n<h4>Alt\u0131n\u0131n gram fiyat\u0131 bug\u00fcn ise d\u00fc\u015f\u00fc\u015f e\u011filiminde hareket ederek 144,5 lira ile 27 Mart&#8217;tan bu yana en d\u00fc\u015f\u00fck seviyesine geriledi. Saat 11.40 itibar\u0131yla alt\u0131n\u0131n gram\u0131 144,6 liradan al\u0131c\u0131 bulurken, Kapal\u0131\u00e7ar\u015f\u0131&#8217;da \u00e7eyrek alt\u0131n 238, Cumhuriyet alt\u0131n\u0131 970 liradan i\u015flem g\u00f6r\u00fcyor.<\/h4>\n<h4>Uluslararas\u0131 piyasada alt\u0131n\u0131n ons fiyat\u0131 ise d\u00fcnk\u00fc y\u00fczde 0,4&#8217;l\u00fck y\u00fckseli\u015fin ard\u0131ndan bug\u00fcne d\u00fc\u015f\u00fc\u015fle ba\u015flad\u0131 ve \u015fu dakikalarda d\u00fcnk\u00fc kapan\u0131\u015fa g\u00f6re y\u00fczde 0,4 art\u0131\u015fla 1.264,4 dolar seviyelerinde dengelendi.<\/h4>\n<h4>AA Finans Analisti \u0130slam Memi\u015f, d\u00fcn ak\u015fam ABD Ba\u015fkan\u0131 Donald Trump&#8217;\u0131n vergi reformu a\u00e7\u0131klamalar\u0131n\u0131n ard\u0131ndan alt\u0131n\u0131n ons fiyat\u0131nda toparlanma iste\u011finin \u00f6ne \u00e7\u0131kt\u0131\u011f\u0131n\u0131 kaydetti.<\/h4>\n<h4>Alt\u0131n\u0131n ons fiyat\u0131nda y\u00fckseli\u015fin 1.271 dolar seviyeleri ile s\u0131n\u0131rl\u0131 kald\u0131\u011f\u0131na dikkati \u00e7eken Memi\u015f, bu sabah Japonya Merkez Bankas\u0131&#8217;n\u0131n (BoJ) para politikas\u0131nda de\u011fi\u015fikli\u011fe gitmemesinin k\u00fcresel piyasalarda iyimserli\u011fin devam etmesine neden oldu\u011funu s\u00f6yledi.<\/h4>\n<h4>Memi\u015f, bug\u00fcn \u00f6\u011fleden sonra Avrupa Merkez Bankas\u0131 (ECB) faiz karar\u0131 ve Ba\u015fkan Mario Draghi&#8217;nin a\u00e7\u0131klamalar\u0131n\u0131n piyasalar\u0131n odak noktas\u0131nda olaca\u011f\u0131n\u0131 ifade ederek, teknik a\u00e7\u0131dan alt\u0131n\u0131n ons fiyat\u0131nda 1.260-1.270 dolar band\u0131n\u0131n, alt\u0131n\u0131n gram fiyat\u0131nda ise 144,0-146,0 lira aral\u0131\u011f\u0131n\u0131n izlenece\u011fini bildirdi. AA<\/h4>\n<h4>Trthaber.com.tr<\/h4>\n<\/div>\n","protected":false},"excerpt":{"rendered":"<p>Alt\u0131n\u0131n gram fiyat\u0131, 144,5 lira ile son bir ay\u0131n en d\u00fc\u015f\u00fck seviyesine indi. Alt\u0131n\u0131n gram fiyat\u0131, 144,5 lira ile son bir ay\u0131n en d\u00fc\u015f\u00fck seviyesine indi. D\u00fcn g\u00fcn i\u00e7inde 145 liran\u0131n alt\u0131n\u0131 g\u00f6rse de d\u00f6viz kurlar\u0131ndaki toparlanman\u0131n etkisiyle kay\u0131plar\u0131n\u0131 telafi ederek y\u00fckseli\u015fe ge\u00e7en gram alt\u0131n, \u00f6nceki kapan\u0131\u015fa g\u00f6re y\u00fczde 0,36 art\u0131\u015fla 146 liradan kapand\u0131. Alt\u0131n\u0131n [&hellip;]<\/p>\n","protected":false},"author":1,"featured_media":13781,"comment_status":"open","ping_status":"open","sticky":false,"template":"","format":"standard","meta":{"ngg_post_thumbnail":0},"categories":[5213],"tags":[8016,8017,961,278,11165,3399,11322],"_links":{"self":[{"href":"https:\/\/emlaktuel.com\/index.php?rest_route=\/wp\/v2\/posts\/13780"}],"collection":[{"href":"https:\/\/emlaktuel.com\/index.php?rest_route=\/wp\/v2\/posts"}],"about":[{"href":"https:\/\/emlaktuel.com\/index.php?rest_route=\/wp\/v2\/types\/post"}],"author":[{"embeddable":true,"href":"https:\/\/emlaktuel.com\/index.php?rest_route=\/wp\/v2\/users\/1"}],"replies":[{"embeddable":true,"href":"https:\/\/emlaktuel.com\/index.php?rest_route=%2Fwp%2Fv2%2Fcomments&post=13780"}],"version-history":[{"count":1,"href":"https:\/\/emlaktuel.com\/index.php?rest_route=\/wp\/v2\/posts\/13780\/revisions"}],"predecessor-version":[{"id":13782,"href":"https:\/\/emlaktuel.com\/index.php?rest_route=\/wp\/v2\/posts\/13780\/revisions\/13782"}],"wp:featuredmedia":[{"embeddable":true,"href":"https:\/\/emlaktuel.com\/index.php?rest_route=\/wp\/v2\/media\/13781"}],"wp:attachment":[{"href":"https:\/\/emlaktuel.com\/index.php?rest_route=%2Fwp%2Fv2%2Fmedia&parent=13780"}],"wp:term":[{"taxonomy":"category","embeddable":true,"href":"https:\/\/emlaktuel.com\/index.php?rest_route=%2Fwp%2Fv2%2Fcategories&post=13780"},{"taxonomy":"post_tag","embeddable":true,"href":"https:\/\/emlaktuel.com\/index.php?rest_route=%2Fwp%2Fv2%2Ftags&post=13780"}],"curies":[{"name":"wp","href":"https:\/\/api.w.org\/{rel}","templated":true}]}}