{"id":13761,"date":"2017-04-28T16:08:44","date_gmt":"2017-04-28T13:08:44","guid":{"rendered":"http:\/\/emlaktuel.com\/?p=13761"},"modified":"2018-07-05T16:30:57","modified_gmt":"2018-07-05T13:30:57","slug":"cubuklu-vadisine-maritza-kalitesiyle-yepyeni-bir-proje","status":"publish","type":"post","link":"https:\/\/emlaktuel.com\/?p=13761","title":{"rendered":"\u00c7ubuklu Vadisi\u2019ne Maritza kalitesiyle yepyeni bir proje"},"content":{"rendered":"<p>&nbsp;<\/p>\n<p><strong><em>\u00a0<img loading=\"lazy\" class=\"size-full wp-image-13762 aligncenter\" src=\"http:\/\/emlaktuel.com\/wp-content\/uploads\/2017\/04\/maritza-beykoz-vadi-evleri.jpg\" alt=\"maritza beykoz vadi evleri\" width=\"2300\" height=\"1100\" \/><\/em><\/strong><\/p>\n<h3><strong><em>Bug\u00fcne kadar 150 bin metrekarenin \u00fczerinde in\u015faat alan\u0131na imza atan Maritza \u0130n\u015faat, Beykoz\u2019da yeni bir projeyi hayata ge\u00e7iriyor. 2019\u2019un \u00fc\u00e7\u00fcnc\u00fc \u00e7eyre\u011finde sat\u0131\u015fa \u00e7\u0131kacak olan \u2018Maritza Beykoz Vadi Evleri\u2019nde metrekare birim fiyat\u0131 9 bin liradan ba\u015fl\u0131yor.<\/em><\/strong><\/h3>\n<h4>Gayrimenkul sekt\u00f6r\u00fcn\u00fcn \u00f6nde gelen \u015firketlerinden Maritza \u0130n\u015faat, yeni projesini g\u00f6r\u00fcc\u00fcye \u00e7\u0131kard\u0131. Bo\u011faz&#8217;\u0131n ve Anadolu\u00a0yakas\u0131n\u0131n incisi Beykoz\u2019un g\u00f6zbebe\u011fi olan \u00c7ubuklu Vadisi\u2019nde deprem y\u00f6netmeli\u011fine uygun olarak hayata ge\u00e7irilen <strong>\u2018Maritza Beykoz Vadi Evleri\u2019<\/strong> 2019\u2019un \u00fc\u00e7\u00fcnc\u00fc \u00e7eyre\u011finde sat\u0131\u015fa \u00e7\u0131kacak. Metrekare fiyatlar\u0131 9 bin liradan ba\u015flayan projede 5 tip konut se\u00e7ene\u011fi bulunuyor. Maritza Beykoz Vadi Evleri projesinde; 3+1, 4+1, 4+2, 5+2 ve 6+2 konut tiplerine sahip, b\u00fcy\u00fckl\u00fckleri ise 120 metrekare ile 552 metrekare aras\u0131nda de\u011fi\u015fen l\u00fcks konutlar yer al\u0131yor.\u00a0 Maritza Beykoz Vadi Evleri toplam 45 bin metrekare alan \u00fczerinde in\u015fa edilecek. Projede 26 bin metrekarelik alan peyzaj alan\u0131 olarak ayr\u0131ld\u0131. Do\u011fa ile i\u00e7 i\u00e7e olan Maritza Beykoz Vadi Evleri\u2019nde hayat\u0131 kolayla\u015ft\u0131ran sosyal alanlar dikkat \u00e7ekiyor.<\/h4>\n<h3><strong>YATIRIM \u0130K\u0130YE KATLAYACAK<\/strong><\/h3>\n<h4>Maritza \u0130n\u015faat ba\u015fkan vekili Emir Sar\u0131g\u00fcl, Meri\u00e7 Ailesi ile birlikte kurduklar\u0131 Maritza \u0130n\u015faat\u2019\u0131n bug\u00fcne kadar 4 farkl\u0131 butik projeyi hayata ge\u00e7irdiklerini s\u00f6yledi. Yatay yap\u0131la\u015fman\u0131n art\u0131k daha cazip bir hal ald\u0131\u011f\u0131n\u0131n alt\u0131n\u0131 \u00e7izen Sar\u0131g\u00fcl <strong><em>\u201cM\u00fc\u015fteriler aileniz gibidir, gerek sat\u0131\u015f sonras\u0131 gerekse ya\u015famlar\u0131 devam etti\u011fi s\u00fcre i\u00e7erisinde de sitelerinde ilk g\u00fcn ki \u00f6zeni ve hassasiyeti ya\u015fayacaklard\u0131r\u201d <\/em><\/strong>diye konu\u015ftu. Yapt\u0131klar\u0131 projelerde kendilerinin\u00a0 oturdu\u011fu zaman nelerin var olmas\u0131 gerekti\u011fini d\u00fc\u015f\u00fcn\u00fcp onlar\u0131 uygulad\u0131klar\u0131n\u0131 s\u00f6yleyen Sar\u0131g\u00fcl <strong><em>\u201cBeykoz b\u00f6lgesi \u0130stanbul\u2019un yeni \u00e7ekim merkezi. Yat\u0131r\u0131m amac\u0131yla bug\u00fcn ki\u00a0 fiyatlardan daire alan her m\u00fc\u015fteri proje sonunda kazanc\u0131n\u0131n ikiye katlanacak\u201d<\/em><\/strong> a\u00e7\u0131klamas\u0131nda bulundu.<\/h4>\n<h3><strong>2019 YILINDA TESL\u0130M ED\u0130LECEK<\/strong><\/h3>\n<h4>Emir Sar\u0131g\u00fcl Maritza Beykoz Vadi Evleri projesi hakk\u0131nda \u015fu bilgileri payla\u015ft\u0131:<strong><em> \u201cProjemizi adeta yeni bir ya\u015fam alan\u0131na d\u00f6n\u00fc\u015ft\u00fcren sosyal donat\u0131 alanlar\u0131m\u0131z,\u00a0a\u00e7\u0131k ve kapal\u0131 y\u00fczme havuzlar\u0131,\u00a0tenis ve basketbol sahalar\u0131, her t\u00fcrl\u00fc aktivitenin yap\u0131labilece\u011fi cep sinemas\u0131, fitness salonu, pilates st\u00fcdyosu, sauna ve buhar odalar\u0131, tartar\u00a0pist y\u00fcr\u00fcy\u00fc\u015f parkuru, \u00e7ocuklar\u0131m\u0131z i\u00e7in emniyet ve konforu en \u00fcst derecede planlanmakta olan bir oyun park\u0131,\u00a0organik tar\u0131ma uygun hobi bah\u00e7esinin yer alaca\u011f\u0131 projede, misafirler i\u00e7in a\u00e7\u0131k otopark ve her dairenin b\u00fcy\u00fckl\u00fc\u011f\u00fcne g\u00f6re 2 ila 3 ara\u00e7 kapasiteli kapal\u0131 otopark alan\u0131 bulunuyor. 2017\u2019n\u0131n \u00fc\u00e7\u00fcnc\u00fc \u00e7eyre\u011finde ba\u015flanacak proje\u00a02019 y\u0131l\u0131nda\u00a0teslim edilecek.\u201d<\/em><\/strong><\/h4>\n<h4><\/h4>\n<h4><\/h4>\n","protected":false},"excerpt":{"rendered":"<p>&nbsp; \u00a0 Bug\u00fcne kadar 150 bin metrekarenin \u00fczerinde in\u015faat alan\u0131na imza atan Maritza \u0130n\u015faat, Beykoz\u2019da yeni bir projeyi hayata ge\u00e7iriyor. 2019\u2019un \u00fc\u00e7\u00fcnc\u00fc \u00e7eyre\u011finde sat\u0131\u015fa \u00e7\u0131kacak olan \u2018Maritza Beykoz Vadi Evleri\u2019nde metrekare birim fiyat\u0131 9 bin liradan ba\u015fl\u0131yor. Gayrimenkul sekt\u00f6r\u00fcn\u00fcn \u00f6nde gelen \u015firketlerinden Maritza \u0130n\u015faat, yeni projesini g\u00f6r\u00fcc\u00fcye \u00e7\u0131kard\u0131. Bo\u011faz&#8217;\u0131n ve Anadolu\u00a0yakas\u0131n\u0131n incisi Beykoz\u2019un g\u00f6zbebe\u011fi olan [&hellip;]<\/p>\n","protected":false},"author":1,"featured_media":13762,"comment_status":"open","ping_status":"open","sticky":false,"template":"","format":"standard","meta":{"ngg_post_thumbnail":0},"categories":[221,5217,219,97,5388],"tags":[11594,1923,67,11084,11195,80,7988,7990,7992,7991,7989,7993,106,11125],"_links":{"self":[{"href":"https:\/\/emlaktuel.com\/index.php?rest_route=\/wp\/v2\/posts\/13761"}],"collection":[{"href":"https:\/\/emlaktuel.com\/index.php?rest_route=\/wp\/v2\/posts"}],"about":[{"href":"https:\/\/emlaktuel.com\/index.php?rest_route=\/wp\/v2\/types\/post"}],"author":[{"embeddable":true,"href":"https:\/\/emlaktuel.com\/index.php?rest_route=\/wp\/v2\/users\/1"}],"replies":[{"embeddable":true,"href":"https:\/\/emlaktuel.com\/index.php?rest_route=%2Fwp%2Fv2%2Fcomments&post=13761"}],"version-history":[{"count":1,"href":"https:\/\/emlaktuel.com\/index.php?rest_route=\/wp\/v2\/posts\/13761\/revisions"}],"predecessor-version":[{"id":13763,"href":"https:\/\/emlaktuel.com\/index.php?rest_route=\/wp\/v2\/posts\/13761\/revisions\/13763"}],"wp:featuredmedia":[{"embeddable":true,"href":"https:\/\/emlaktuel.com\/index.php?rest_route=\/wp\/v2\/media\/13762"}],"wp:attachment":[{"href":"https:\/\/emlaktuel.com\/index.php?rest_route=%2Fwp%2Fv2%2Fmedia&parent=13761"}],"wp:term":[{"taxonomy":"category","embeddable":true,"href":"https:\/\/emlaktuel.com\/index.php?rest_route=%2Fwp%2Fv2%2Fcategories&post=13761"},{"taxonomy":"post_tag","embeddable":true,"href":"https:\/\/emlaktuel.com\/index.php?rest_route=%2Fwp%2Fv2%2Ftags&post=13761"}],"curies":[{"name":"wp","href":"https:\/\/api.w.org\/{rel}","templated":true}]}}