{"id":13675,"date":"2017-04-24T12:38:59","date_gmt":"2017-04-24T09:38:59","guid":{"rendered":"http:\/\/emlaktuel.com\/?p=13675"},"modified":"2018-07-05T16:29:33","modified_gmt":"2018-07-05T13:29:33","slug":"istanbul-autoshow-2017ye-buyuk-ilgi","status":"publish","type":"post","link":"https:\/\/emlaktuel.com\/?p=13675","title":{"rendered":"\u0130stanbul Autoshow 2017\u2019ye b\u00fcy\u00fck ilgi;"},"content":{"rendered":"<h3><img loading=\"lazy\" class=\"size-full wp-image-13676 aligncenter\" src=\"http:\/\/emlaktuel.com\/wp-content\/uploads\/2017\/04\/istanbul-autoshow-2017.jpg\" alt=\"istanbul autoshow 2017\" width=\"2300\" height=\"1100\" \/><\/h3>\n<h3><strong>\u201cGelece\u011fe Yak\u0131ndan Bak\u0131n\u201d temas\u0131 ile kap\u0131lar\u0131n\u0131 21 Nisan g\u00fcn\u00fc 16\u2019nc\u0131 kez a\u00e7an \u0130stanbul Autoshow 2017\u2019yi, \u201cBas\u0131n ve VIP g\u00fcn\u00fc\u201d dahil ilk 3 g\u00fcn sonunda 101.278 ki\u015fi ziyaret etti. 30 Nisan saat 21:00\u2019e kadar T\u00dcYAP Fuar ve Kongre Merkezi\u2019nde a\u00e7\u0131k olan \u0130stanbul Autoshow 2017\u2019de otomobil tutkunlar\u0131na gelece\u011fin teknolojilerini yak\u0131ndan g\u00f6rme f\u0131rsat\u0131 sunuluyor.<\/strong><\/h3>\n<h3>Otomotiv ve teknoloji tutkunlar\u0131n\u0131n merakla bekledi\u011fi \u0130stanbul Autoshow 2017, \u201cGelece\u011fe Yak\u0131ndan Bak\u0131n\u201d temas\u0131 ile kap\u0131lar\u0131n\u0131 21 Nisan Cuma g\u00fcn\u00fc a\u00e7t\u0131. Fuar\u0131, Bas\u0131n ve VIP g\u00fcn\u00fc dahil ilk 3 g\u00fcn sonunda 100.000\u2019i a\u015fk\u0131n ki\u015fi ziyaret etti. Bug\u00fcn\u00fcn ve gelece\u011fin teknolojilerinin sergilendi\u011fi \u0130stanbul Autoshow 2017, 30 Nisan saat 21:00\u2019e kadar T\u00dcYAP Fuar ve Kongre Merkezi\u2019nde kap\u0131lar\u0131n\u0131 a\u00e7\u0131k tutacak. T\u00dcYAP Fuarc\u0131l\u0131k ve Otomotiv Distrib\u00fct\u00f6rleri Derne\u011fi (ODD) i\u015fbirli\u011fiyle d\u00fczenlenen \u0130stanbul Autoshow 2017\u2019de, T\u00fcrkiye\u2019de faaliyet g\u00f6steren ve ODD b\u00fcnyesinde yer alan otomotiv markalar\u0131n\u0131n yan\u0131 s\u0131ra, teknoloji, inovasyon, bili\u015fim, aksesuar ve yan sanayi firmalar\u0131, Sivil Toplum \u00d6rg\u00fctleri ve bas\u0131n kurulu\u015flar\u0131 yerlerini ald\u0131.<\/h3>\n<h3><strong>T\u00dcYAP Fuar ve Fuarc\u0131l\u0131k Hizmetleri A.\u015e Genel M\u00fcd\u00fcr\u00fc \u0130lhan Ers\u00f6zl\u00fc: B\u00f6lgemizin en b\u00fcy\u00fck otomotiv organizasyonu sekt\u00f6re de hareketlilik getirdi.<\/strong><\/h3>\n<h3>\u0130stanbul Autoshow 2017\u2019yi ilk \u00fc\u00e7 g\u00fcn sonunda ziyaret eden 100.000\u2019i a\u015fk\u0131n ki\u015fi hakk\u0131nda a\u00e7\u0131klama yapan T\u00dcYAP Fuar ve Fuarc\u0131l\u0131k Hizmetleri A.\u015e Genel M\u00fcd\u00fcr\u00fc \u0130lhan Ers\u00f6zl\u00fc \u015f\u00f6yle konu\u015ftu: \u201cB\u00f6lgemizdeki en b\u00fcy\u00fck otomotiv organizasyonuna ev sahipli\u011fi yap\u0131yoruz. \u0130stanbul Autoshow 2017\u2019de temam\u0131z \u2018Gelece\u011fe Yak\u0131ndan Bak\u0131n\u2019 oldu. Kat\u0131l\u0131mc\u0131 firmalar\u0131n tamam\u0131 bu konsepte uygun olarak modellerini getirdiler. Gelecekte teknolojiyle otomobil \u015firketlerinin daha fazla i\u00e7 i\u00e7e ge\u00e7ece\u011fini biliyoruz. Fuar\u0131m\u0131z\u0131 a\u00e7\u0131ld\u0131\u011f\u0131 ilk 3 g\u00fcn\u00fcn sonunda 100.000\u2019den fazla ziyaret\u00e7iyi a\u011f\u0131rlayarak h\u0131zl\u0131 bir ba\u015flang\u0131\u00e7 yapmam\u0131z bunun bir g\u00f6stergesi. Bas\u0131n ve VIP g\u00fcn\u00fcn\u00fc de kapsayan ilk 3 g\u00fcn boyunca her ya\u015ftan kat\u0131l\u0131mc\u0131 \u0130stanbul Autoshow 2017\u2019yi ziyaret etti. Bu sene fuar\u0131m\u0131za toplam 120 markan\u0131n kat\u0131l\u0131m\u0131 oldu. \u0130stanbul Autoshow 2017\u2019den t\u00fcm aile fertlerinin keyif ald\u0131\u011f\u0131 bir ya\u015fam alan\u0131 olu\u015fturduk.\u201d<\/h3>\n<h3>T\u00dcYAP Fuar ve Fuarc\u0131l\u0131k Hizmetleri A.\u015e Genel M\u00fcd\u00fcr\u00fc \u0130lhan Ers\u00f6zl\u00fc, otomotiv sekt\u00f6r\u00fcnde fuar ile ya\u015fanan hareketlenmeye de dikkat \u00e7ekerek; \u201c\u0130stanbul Autoshow 2017\u2019nin ilk 3 g\u00fcn\u00fc sonras\u0131nda, kat\u0131l\u0131mc\u0131 firmalar\u0131n sipari\u015flerini art\u0131rd\u0131\u011f\u0131n\u0131 ve sat\u0131\u015f rakamlar\u0131na olumlu etkisi oldu\u011funu g\u00f6zlemledik. Fuarda ilk defa lansman\u0131 yap\u0131lan modeller b\u00fcy\u00fck ilgi g\u00f6rd\u00fc, pek \u00e7ok s\u0131cak sat\u0131\u015f ger\u00e7ekle\u015fti. \u0130stanbul Autoshow 2017\u2019ye kat\u0131lan markalar\u0131n sat\u0131\u015f rakamlar\u0131ndaki pozitif etki, otomotiv sekt\u00f6r\u00fcne de olumlu bir katk\u0131 sa\u011flayacakt\u0131r.\u201d dedi.<\/h3>\n<h3><strong>\u0130stanbul Autoshow 2017 her ya\u015ftan misafirleri a\u011f\u0131rl\u0131yor<\/strong><\/h3>\n<h3>Ana sponsorlu\u011funu <strong>Shell&amp;Turcas<\/strong>, sigorta sponsorlu\u011funu <strong>Generali Sigorta<\/strong> ve etkinlik sponsorlu\u011funu <strong>RedBull.com<\/strong>\u2019un \u00fcstlenmesiyle kap\u0131lar\u0131n\u0131 a\u00e7an olan \u0130stanbul Autoshow 2017, her ya\u015ftan misafiri a\u011f\u0131rl\u0131yor. \u0130stanbul Autoshow 2017\u2019nin lisansl\u0131 \u00fcr\u00fcnlerinin sat\u0131ld\u0131\u011f\u0131 \u201c<strong>Autoshow Store<\/strong>\u201ddan, uzun y\u0131llar kullanabilece\u011finiz \u00fcr\u00fcnlerden sat\u0131n alabilir, arzu ederseniz sevdiklerinize hediye edebilirsiniz. \u0130stanbul Autoshow 2017\u2019de kurulan \u201c<strong>Instawall<\/strong>\u201d ad\u0131ndaki \u00f6zel alandan sosyal medya payla\u015f\u0131mlar\u0131n\u0131z\u0131 ger\u00e7ekle\u015ftirebilirsiniz. \u00c7ocuklar i\u00e7in haz\u0131rlanan \u201c<strong>Etkinlik Alan\u0131<\/strong>\u201dnda minik misafirler e\u011flenceli ve keyifli anlar ya\u015farken ebeveynler de dinlenme \u015fans\u0131 bulabilir.<\/h3>\n<h3><strong>Kad\u0131n ve \u00f6\u011frencilere haftai\u00e7i \u00fccretsiz, haftasonu \u00f6zel giri\u015f fiyatlar\u0131<\/strong><\/h3>\n<h3>21-30 Nisan 2017 tarihleri aras\u0131nda Beylikd\u00fcz\u00fc\u2019ndeki T\u00dcYAP Fuar ve Kongre Merkezi\u2019nde d\u00fczenlenen \u0130stanbul Autoshow 2017\u2019nin kap\u0131lar\u0131, hafta i\u00e7i 12:00-21:00, hafta sonu ise 11:00-21:00 saatleri aras\u0131nda ziyaret\u00e7ilere a\u00e7\u0131k.<\/h3>\n<h3>\u0130stanbul Autoshow 2017\u2019ye giri\u015f \u00fccretleri haftai\u00e7i 10 TL, haftasonu 20 TL. Kad\u0131nlar i\u00e7in haftai\u00e7i giri\u015fler \u00fccretsiz, haftasonu ise 10 TL. \u00d6\u011frenciler i\u00e7in de haftai\u00e7i giri\u015fler \u00fccretsiz, haftasonu ise 5 TL.<\/h3>\n<h3>Fuara toplu ta\u015f\u0131ma kullanarak gelmek isteyenler, S\u00f6\u011f\u00fctl\u00fc\u00e7e\u015fme veya Zincirlikuyu\u2019dan metrob\u00fcs hatt\u0131n\u0131 ya da Marmaray-T\u00dcYAP (76K) veya Silivri-T\u00dcYAP (300) hatl\u0131 otob\u00fcsleri kullanabiliyorlar.<\/h3>\n<h3>\u201c\u0130stanbul Autoshow 2017-Gelece\u011fe Yak\u0131ndan Bak\u0131n\u201da dair en g\u00fcncel bilgiler ayr\u0131ca sosyal medya hesaplar\u0131ndan ve internet sitesinden de takip edilebilir.<\/h3>\n<h3>Facebook (<strong>@istautoshow<\/strong>),<\/h3>\n<h3>Twitter (<strong>@ist_autoshow<\/strong>),<\/h3>\n<h3>Instagram\u2019dan (<strong>istanbulautoshow17<\/strong>),<\/h3>\n<h3><span class=\"m_-6850578760792264683textexposedshow\">Internet sitesi <\/span><a href=\"http:\/\/www.autoshowistanbul.com\/\" target=\"_blank\" data-saferedirecturl=\"https:\/\/www.google.com\/url?hl=tr&amp;q=http:\/\/www.autoshowistanbul.com\/&amp;source=gmail&amp;ust=1493111362632000&amp;usg=AFQjCNGIaq5iGLGnntoxh2vtS98IE761mQ\">www.autoshowistanbul.com<\/a><\/h3>\n<h3>Fuar\u0131n t\u00fcm detaylar\u0131 <a href=\"http:\/\/autoshowistanbul.com\/\" target=\"_blank\" data-saferedirecturl=\"https:\/\/www.google.com\/url?hl=tr&amp;q=http:\/\/autoshowistanbul.com\/&amp;source=gmail&amp;ust=1493111362632000&amp;usg=AFQjCNEWuFwrYR9ReP6KqGfeIWxEdqZ8gw\">http:\/\/autoshowistanbul.com\/<\/a> internet adresinden incelenebilir.<\/h3>\n<h3>Fuar\u0131n yerle\u015fim plan\u0131 i\u00e7in; <a href=\"http:\/\/autoshowistanbul.com\/yerlesim-plani\" target=\"_blank\" data-saferedirecturl=\"https:\/\/www.google.com\/url?hl=tr&amp;q=http:\/\/autoshowistanbul.com\/yerlesim-plani&amp;source=gmail&amp;ust=1493111362632000&amp;usg=AFQjCNHMHLgLtlidlXkP7hfYL9VtwzkChg\">http:\/\/autoshowistanbul.com\/<wbr \/>yerlesim-plani<\/a> adresi ziyaret edilebilir.<\/h3>\n<h3><strong>ODD Hakk\u0131nda:<\/strong><\/h3>\n<h3><span class=\"m_-6850578760792264683textexposedshow\">Otomotiv Distrib\u00fct\u00f6rler Derne\u011fi (ODD)\u2019nin 2017 y\u0131l\u0131 itibariyle 47 tane uluslararas\u0131 markay\u0131 temsil eden, 30 \u00fcyesi bulunmaktad\u0131r. ODD\u2019nin T\u00fcrkiye\u2019de kara ta\u015f\u0131tlar\u0131 sahipli\u011fini art\u0131rarak sekt\u00f6r\u00fcn devaml\u0131l\u0131\u011f\u0131n\u0131 ve geli\u015fmesini sa\u011flamak gibi bir vizyonu; \u00fcyelerin menfaatleri do\u011frultusunda, \u00fcyeleri her kesimde temsil etmek, sekt\u00f6r\u00fcn ihtiya\u00e7lar\u0131n\u0131 kar\u015f\u0131lamak, sorunlara \u00e7\u00f6z\u00fcm \u00fcretmek, sekt\u00f6r bilgilerini do\u011fru ve g\u00fcvenilir \u015fekilde de\u011ferlendirip, ileterek, kamuoyu olu\u015fturmak ve sekt\u00f6rle ilgili mevzuat olu\u015fumuna do\u011frudan katk\u0131da bulunmak gibi bir misyonu var. Fuarlar\u0131n otomotiv sekt\u00f6r\u00fcn\u00fcn geni\u015f kitlelere tan\u0131t\u0131m\u0131n\u0131 sa\u011flamadaki yarar\u0131n\u0131 g\u00f6ren ve sekt\u00f6r\u00fcn s\u00fcrekli geli\u015fimini hedefleyen derne\u011fin \u00e7abalar\u0131 ile \u0130stanbul Autoshow Fuar\u0131, 2006 y\u0131l\u0131ndan itibaren OICA\u2019n\u0131n Uluslararas\u0131 Fuarlar takvimine kabul edilmi\u015ftir. (<\/span><a href=\"http:\/\/www.oica.net\/istanbul-international-auto-show-2017\/\" target=\"_blank\" data-saferedirecturl=\"https:\/\/www.google.com\/url?hl=tr&amp;q=http:\/\/www.oica.net\/istanbul-international-auto-show-2017\/&amp;source=gmail&amp;ust=1493111362632000&amp;usg=AFQjCNEyGnzGJW6NVTTIDKp64nkIOkDcZg\">http:\/\/www.oica.net\/istanbul-<wbr \/>international-auto-show-2017\/<\/a><span class=\"m_-6850578760792264683textexposedshow\">) ODD bir\u00e7ok yerel otomotiv fuar\u0131na da destek vermektedir.<\/span><\/h3>\n<h3><strong>T\u00dcYAP Hakk\u0131nda:e<\/strong><\/h3>\n<h3><span class=\"m_-6850578760792264683textexposedshow\">T\u00fcrkiye\u2019de fuarc\u0131l\u0131k sekt\u00f6r\u00fc 1979 y\u0131l\u0131nda, T\u00dcYAP ile birlikte d\u00fczenli bir ticari faaliyet olarak \u00fclkenin g\u00fcndemine girmi\u015ftir. Kurulu\u015fundan bug\u00fcne kadar haz\u0131rlad\u0131\u011f\u0131 1.465 yurt i\u00e7i ve 37 \u00fclkede 164\u2019i a\u015fk\u0131n yurtd\u0131\u015f\u0131 fuar ile 114 \u00fclkeden 275.913 firmaya hizmet vermi\u015f ve 179 \u00fclkeden 46.399.122 ziyaret\u00e7iye ev sahipli\u011fi yapm\u0131\u015ft\u0131r. T\u00fcrkiye\u2019de kendi fuar merkezine sahip tek \u00f6zel sekt\u00f6r fuarc\u0131l\u0131k kurulu\u015fudur. T\u00dcYAP Grubu 700 \u00e7al\u0131\u015fan\u0131 ve 100\u2019\u00fc a\u015fk\u0131n meslek \u00f6rg\u00fct\u00fc ile uzun vadeli i\u015fbirlikleri yaparak, T\u00fcrkiye\u2019de sahip oldu\u011fu ve i\u015fletti\u011fi 6 fuar merkezi, T\u00fcrkiye geneli 14 ofisi ve 6 \u00fclkede sahip oldu\u011fu uluslararas\u0131 ofisi ile d\u00fczenli ihtisas fuarlar\u0131 haz\u0131rlamaktad\u0131r.<\/span><\/h3>\n","protected":false},"excerpt":{"rendered":"<p>\u201cGelece\u011fe Yak\u0131ndan Bak\u0131n\u201d temas\u0131 ile kap\u0131lar\u0131n\u0131 21 Nisan g\u00fcn\u00fc 16\u2019nc\u0131 kez a\u00e7an \u0130stanbul Autoshow 2017\u2019yi, \u201cBas\u0131n ve VIP g\u00fcn\u00fc\u201d dahil ilk 3 g\u00fcn sonunda 101.278 ki\u015fi ziyaret etti. 30 Nisan saat 21:00\u2019e kadar T\u00dcYAP Fuar ve Kongre Merkezi\u2019nde a\u00e7\u0131k olan \u0130stanbul Autoshow 2017\u2019de otomobil tutkunlar\u0131na gelece\u011fin teknolojilerini yak\u0131ndan g\u00f6rme f\u0131rsat\u0131 sunuluyor. Otomotiv ve teknoloji tutkunlar\u0131n\u0131n [&hellip;]<\/p>\n","protected":false},"author":1,"featured_media":13676,"comment_status":"open","ping_status":"open","sticky":false,"template":"","format":"standard","meta":{"ngg_post_thumbnail":0},"categories":[26,5217,97,5388],"tags":[11647,73,7845,7914,7913,7915,7916,2659,11501,118,316,11319],"_links":{"self":[{"href":"https:\/\/emlaktuel.com\/index.php?rest_route=\/wp\/v2\/posts\/13675"}],"collection":[{"href":"https:\/\/emlaktuel.com\/index.php?rest_route=\/wp\/v2\/posts"}],"about":[{"href":"https:\/\/emlaktuel.com\/index.php?rest_route=\/wp\/v2\/types\/post"}],"author":[{"embeddable":true,"href":"https:\/\/emlaktuel.com\/index.php?rest_route=\/wp\/v2\/users\/1"}],"replies":[{"embeddable":true,"href":"https:\/\/emlaktuel.com\/index.php?rest_route=%2Fwp%2Fv2%2Fcomments&post=13675"}],"version-history":[{"count":1,"href":"https:\/\/emlaktuel.com\/index.php?rest_route=\/wp\/v2\/posts\/13675\/revisions"}],"predecessor-version":[{"id":13677,"href":"https:\/\/emlaktuel.com\/index.php?rest_route=\/wp\/v2\/posts\/13675\/revisions\/13677"}],"wp:featuredmedia":[{"embeddable":true,"href":"https:\/\/emlaktuel.com\/index.php?rest_route=\/wp\/v2\/media\/13676"}],"wp:attachment":[{"href":"https:\/\/emlaktuel.com\/index.php?rest_route=%2Fwp%2Fv2%2Fmedia&parent=13675"}],"wp:term":[{"taxonomy":"category","embeddable":true,"href":"https:\/\/emlaktuel.com\/index.php?rest_route=%2Fwp%2Fv2%2Fcategories&post=13675"},{"taxonomy":"post_tag","embeddable":true,"href":"https:\/\/emlaktuel.com\/index.php?rest_route=%2Fwp%2Fv2%2Ftags&post=13675"}],"curies":[{"name":"wp","href":"https:\/\/api.w.org\/{rel}","templated":true}]}}