{"id":13637,"date":"2017-04-23T12:56:19","date_gmt":"2017-04-23T09:56:19","guid":{"rendered":"http:\/\/emlaktuel.com\/?p=13637"},"modified":"2018-07-05T16:28:57","modified_gmt":"2018-07-05T13:28:57","slug":"13637","status":"publish","type":"post","link":"https:\/\/emlaktuel.com\/?p=13637","title":{"rendered":"Bu b\u00f6lgelerde oturanlara m\u00fcjde"},"content":{"rendered":"<div class=\"hz_top_post\"><\/div>\n<div class=\"hz_main_post_content\">\n<div class=\"big_post_content\">\n<h5><img loading=\"lazy\" class=\"alignleft size-full wp-image-13639\" src=\"http:\/\/emlaktuel.com\/wp-content\/uploads\/2017\/04\/istanbul-metro-hatt\u0131.jpg\" alt=\"istanbul metro hatt\u0131\" width=\"2300\" height=\"1100\" \/><\/h5>\n<\/div>\n<div class=\"big_post_content\">\n<p>\u00a0<img loading=\"lazy\" class=\"alignleft size-full wp-image-13640\" src=\"http:\/\/emlaktuel.com\/wp-content\/uploads\/2017\/04\/istanbul-metro-hatt\u0131-1.jpg\" alt=\"istanbul metro hatt\u0131\" width=\"2300\" height=\"1100\" \/><\/p>\n<h3 class=\"topP\">\u0130BB Ba\u015fkan\u0131 Topba\u015f, \u0130stanbullulara 5 yeni <a href=\"http:\/\/emlaktuel.com\/?s=istanbul+metro\">metro hatt\u0131 <\/a>m\u00fcjdesi verdi. Topba\u015f, \u0130BB Meclisi\u2019nde yapt\u0131\u011f\u0131 konu\u015fmada, ihale s\u00fcre\u00e7leri tamamlanan \u0130stanbul\u2019daki yeni metro hatlar\u0131n\u0131n yak\u0131nda yap\u0131m \u00e7al\u0131\u015fmalar\u0131n\u0131n ba\u015flayaca\u011f\u0131n\u0131 a\u00e7\u0131klad\u0131.<\/h3>\n<div class=\"soc2 nmobilw\"><\/div>\n<div>\n<h4>Yeni metro hatlar\u0131n\u0131n Ba\u015fak\u015fehir-Kaya\u015fehir, Ba\u011fc\u0131lar-Kirazl\u0131-K\u00fc\u00e7\u00fck\u00e7ekme\u2013Halkal\u0131, Kaynarca-Pendik Tuzla, \u00c7ekmek\u00f6y-Ta\u015fdelen-Sultanbeyli ve \u00dcmraniye-Ata\u015fehir-G\u00f6ztepe olarak belirlendi\u011fini s\u00f6yleyen \u0130STANBUL B\u00fcy\u00fck\u015fehir Belediye (\u0130BB) Ba\u015fkan\u0131 Topba\u015f, \u201cEsas\u0131nda 6 hat ihaleye \u00e7\u0131km\u0131\u015ft\u0131k, bir tanesine itiraz edildi\u011fi i\u00e7in bekliyor\u201d diye konu\u015ftu.<\/h4>\n<h4>S\u00dcR\u00dcC\u00dcS\u00dcZ METRO<\/h4>\n<h4>\u0130n\u015faat\u0131 devam eden 180 kilometre <a href=\"http:\/\/emlaktuel.com\/?s=istanbul+metro\">metro hatt\u0131<\/a> oldu\u011funu s\u00f6yleyen Kadir Topba\u015f, Haziran 2012\u2019de temeli at\u0131lan ve 38 ayda tamamlanmas\u0131 planlanan ancak hala a\u00e7\u0131lmayan \u00dcsk\u00fcdar-\u00dcmraniye-\u00c7ekmek\u00f6y hatt\u0131n\u0131n gecikme nedenini ise, \u00f6ng\u00f6r\u00fclemeyen teknik nedenlere ba\u011flad\u0131. Hatt\u0131n daha g\u00fcvenli olmas\u0131 a\u00e7\u0131s\u0131ndan s\u00fcr\u00fcc\u00fcs\u00fcz yapt\u0131klar\u0131n\u0131 ve bu teknolojinin T\u00fcrkiye\u2019de de ilk defa uygulanaca\u011f\u0131n\u0131 belirten Topba\u015f, \u201cTest s\u00fcr\u00fc\u015fleri 3 ayd\u0131r devam ediyor. \u00dcsk\u00fcdar\u2013\u00dcmraniye-\u00c7ekmek\u00f6y hatt\u0131 gecikti. \u00d6yle bir mekanizma ki, 850 ki\u015finin \u00e7al\u0131\u015fmas\u0131 gereken o hatta kimse \u00e7al\u0131\u015fmayacak. \u0130leride aksakl\u0131k olmas\u0131n diye, g\u00fcvenlik noktalar\u0131 olu\u015fturmak a\u00e7\u0131s\u0131ndan \u00e7ok iyi \u00f6l\u00e7\u00fcmler yapman\u0131z gerekiyor. Bir ba\u015flad\u0131\u011f\u0131n\u0131z zaman bir daha durma \u015fans\u0131n\u0131z yok. Sonu\u00e7land\u0131\u011f\u0131 zaman, g\u00fcvenlik s\u0131n\u0131rlar\u0131 belirlendi\u011fi zaman devreye al\u0131p \u0130stanbullulara hizmetine sunaca\u011f\u0131z\u201d dedi.<\/h4>\n<h4>HAVARAY PROJES\u0130<\/h4>\n<h4><a href=\"http:\/\/emlaktuel.com\/?s=istanbul+metro\">\u00dcsk\u00fcdar-\u00c7ekmek\u00f6y Metrosu<\/a>\u2019nun \u00dcsk\u00fcdar-Yamanevler aras\u0131ndaki 9 istasyonu may\u0131s ay\u0131nda a\u00e7acaklar\u0131n\u0131, 30 A\u011fustos\u2019ta ise hatt\u0131n tamam\u0131n\u0131n hizmete girece\u011fini belirten Topba\u015f, \u015f\u00f6yle devam etti: \u201cBu hatt\u0131n devam\u0131 olacak iki hatt\u0131m\u0131z\u0131n ihalesini de yapt\u0131k. 6.9 kilometrelik \u00a0Hastane-Sar\u0131gazi-Ta\u015fdelen-Yenido\u011fan <a href=\"http:\/\/emlaktuel.com\/?s=istanbul+metro\">Metro Hatt\u0131<\/a>. 10.9 kilometrelik \u00c7ekmek\u00f6y-Sancaktepe-Sultanbeyli <a href=\"http:\/\/emlaktuel.com\/?s=istanbul+metro\">Metro Hatt\u0131<\/a>. Bu Hat Sabiha G\u00f6k\u00e7en Havaliman\u0131na kadar ula\u015facak. Ayr\u0131ca, 15 kilometre Sefak\u00f6y-Halkal\u0131-Ba\u015fak\u015fehir Havaray Hatt\u0131 ile Kaya\u015fehir metrolar\u0131n\u0131n da temelleri at\u0131lacak. \u00dcmraniye\u2019den G\u00f6ztepe\u2019ye metro yap\u0131yoruz. \u00d6nemsedi\u011fimiz metro projelerinden biri de \u0130ncirli ve G\u00f6ztepe\u2019den Kad\u0131k\u00f6y\u2019e gidecek hat. Havaray, \u0130stanbul ula\u015f\u0131m\u0131 i\u00e7in \u00f6nemli bir ula\u015f\u0131m projesi. 87 km\u2019lik bir havaray projemiz var. 2019 sonunda rayl\u0131 sistemlerin oran\u0131 y\u00fczde 28\u2019e ula\u015facak. Bu \u00f6nemli bir rakam, b\u00f6ylece Londra ile Paris\u2019i geride b\u0131rak\u0131yoruz. 3. Havaliman\u0131\u2019ndan kent i\u00e7ine eri\u015fim noktas\u0131nda Ula\u015ft\u0131rma Bakanl\u0131\u011f\u0131\u2019n\u0131n yapmakta oldu\u011fu Gayrettepe\u2019den itibaren bir metro var. Bizim de buna ilaveten yapaca\u011f\u0131m\u0131z Vezneciler\u2019den Arnavutk\u00f6y\u2019e ve 3. Havaliman\u0131na gidecek metro hatt\u0131m\u0131z var.\u201d<\/h4>\n<h4>\u0130\u015eTE YEN\u0130 VE DEVAM EDEN METRO HATLARI<\/h4>\n<h4>YEN\u0130 HATLAR<\/h4>\n<ol>\n<li>\n<h4>Ba\u015fak\u015fehir-Kaya\u015fehir: 6 km<\/h4>\n<\/li>\n<li>\n<h4>Ba\u011fc\u0131lar-Kirazl\u0131-K\u00fc\u00e7\u00fck\u00e7ekme\u2013Halkal\u0131: 9.7 km<\/h4>\n<\/li>\n<li>\n<h4>Kaynarca-Pendik-Tuzla: 12 km<\/h4>\n<\/li>\n<li>\n<h4>\u00c7ekmek\u00f6y-Ta\u015fdelen-Sultanbeyli: 17.8 km<\/h4>\n<\/li>\n<li>\n<h4>\u00dcmraniye-Ata\u015fehir-G\u00f6ztepe: 12 km<\/h4>\n<\/li>\n<\/ol>\n<h4>DEVAM EDENLER<\/h4>\n<ol>\n<li>\n<h4>Dudullu- Kay\u0131\u015fda\u011f\u0131-\u0130\u00e7erenk\u00f6y- Bostanc\u0131: 14.3 km<\/h4>\n<\/li>\n<li>\n<h4>Mecidiyek\u00f6y-Ka\u011f\u0131thane-Mahmutbey: 18 km<\/h4>\n<\/li>\n<li>\n<h4>Mecidiyek\u00f6y-Kabata\u015f: 6.5 km<\/h4>\n<\/li>\n<li>\n<h4>Emin\u00f6n\u00fc-Ey\u00fcp-Alibeyk\u00f6y: 10.1 km<\/h4>\n<\/li>\n<li>\n<h4>Atak\u00f6y-Bas\u0131n Ekspres-\u0130kitelli: 13 km<\/h4>\n<\/li>\n<li>\n<h4>\u00dcsk\u00fcdar\u2013\u00dcmraniye-\u00c7ekmek\u00f6y-Sancaktepe: 20 km<\/h4>\n<\/li>\n<\/ol>\n<h4>UNKAPANI YER\u0130NE \u2018SUALTI\u2019 T\u00dcNEL\u0130<\/h4>\n<h4>TOPBA\u015e\u2019\u0131n g\u00f6rev s\u00fcresi bitmeden hayata ge\u00e7irmeyi planlad\u0131\u011f\u0131 projelerden biri de Kabata\u015f Transfer Merkezi. Taksim-Kabata\u015f F\u00fcnik\u00fcleri, Kabata\u015f-Mahmutbey Metrosu, Be\u015fikta\u015f-Sar\u0131yer Metrosu gibi bir \u00e7ok metro hatt\u0131, Kabata\u015f\u2019ta yerin alt\u0131na yap\u0131lan transfer merkeziyle birle\u015ftirilecek.<\/h4>\n<h4>Sahil yolu da yeralt\u0131na al\u0131nacak. Metro buradan Karak\u00f6y-\u015ei\u015fhane istikametine uzat\u0131larak Hac\u0131osman-Yenikap\u0131 Metrosu\u2019na entegre edilecek. \u00dcsk\u00fcdar-Kabata\u015f aras\u0131nda bir yaya t\u00fcneli projesi devreye girecek. \u0130\u00e7inden bisiklet ile de ge\u00e7ilebilecek. Elektrikli (\u015fat\u0131l) sistem de olacak.<\/h4>\n<h4>Topba\u015f, \u201c\u0130halesini yapt\u0131\u011f\u0131m\u0131z Hali\u00e7 Sualt\u0131 Karayolu T\u00fcneli ile Tarihi Yar\u0131mada\u2019y\u0131 Beyo\u011flu ile birle\u015ftirece\u011fiz. Deniz seviyesinin 8.5 metre alt\u0131na in\u015fa edilecek. Toplam 6 \u015feritlik k\u00f6pr\u00fc 900 metre uzunlu\u011funda olacak. Hali\u00e7 \u00e7evresine yeni rekreasyon ve ye\u015fil alanlar kazand\u0131r\u0131lacak. Per\u015fembe Pazar\u0131 b\u00f6lgesi yeniden d\u00fczenlenecek. Atat\u00fcrk K\u00f6pr\u00fcs\u00fc (Unkapan\u0131) kald\u0131r\u0131lacak. Hedefimiz 8 bin 316 otopark ile 1 milyonluk kapasiteye ula\u015fmak. 24 adet aktarma alan\u0131 ve 6 adet otogar planlad\u0131k. \u0130stinye- \u00c7ubuklu Feribot Hatt\u0131 devreye girdi ve sadece 8 dakika s\u00fcr\u00fcyor. Bo\u011faz ve k\u0131y\u0131lardaki deniz ta\u015f\u0131tlar\u0131n\u0131n d\u00fczenli parklanmas\u0131 gerekiyordu. Bunun i\u00e7in \u0130stinye ve Tarabya\u2019da tekne park projesi hayata ge\u00e7ti. Ayr\u0131ca yeni kruvaziyer liman planlar\u0131 var.\u201d<\/h4>\n<h4>H\u00fcrriyet<\/h4>\n<\/div>\n<\/div>\n<\/div>\n","protected":false},"excerpt":{"rendered":"<p>\u00a0 \u0130BB Ba\u015fkan\u0131 Topba\u015f, \u0130stanbullulara 5 yeni metro hatt\u0131 m\u00fcjdesi verdi. Topba\u015f, \u0130BB Meclisi\u2019nde yapt\u0131\u011f\u0131 konu\u015fmada, ihale s\u00fcre\u00e7leri tamamlanan \u0130stanbul\u2019daki yeni metro hatlar\u0131n\u0131n yak\u0131nda yap\u0131m \u00e7al\u0131\u015fmalar\u0131n\u0131n ba\u015flayaca\u011f\u0131n\u0131 a\u00e7\u0131klad\u0131. Yeni metro hatlar\u0131n\u0131n Ba\u015fak\u015fehir-Kaya\u015fehir, Ba\u011fc\u0131lar-Kirazl\u0131-K\u00fc\u00e7\u00fck\u00e7ekme\u2013Halkal\u0131, Kaynarca-Pendik Tuzla, \u00c7ekmek\u00f6y-Ta\u015fdelen-Sultanbeyli ve \u00dcmraniye-Ata\u015fehir-G\u00f6ztepe olarak belirlendi\u011fini s\u00f6yleyen \u0130STANBUL B\u00fcy\u00fck\u015fehir Belediye (\u0130BB) Ba\u015fkan\u0131 Topba\u015f, \u201cEsas\u0131nda 6 hat ihaleye \u00e7\u0131km\u0131\u015ft\u0131k, bir tanesine itiraz [&hellip;]<\/p>\n","protected":false},"author":1,"featured_media":13640,"comment_status":"open","ping_status":"open","sticky":false,"template":"","format":"standard","meta":{"ngg_post_thumbnail":0},"categories":[221,5218,26,5217,97,5388],"tags":[11307,114,73,7882,7880,7881,869,2522,7879,894,106,11097,4428,112,6182,7877,7876,7878,6183,7873,7875,3334,7874],"_links":{"self":[{"href":"https:\/\/emlaktuel.com\/index.php?rest_route=\/wp\/v2\/posts\/13637"}],"collection":[{"href":"https:\/\/emlaktuel.com\/index.php?rest_route=\/wp\/v2\/posts"}],"about":[{"href":"https:\/\/emlaktuel.com\/index.php?rest_route=\/wp\/v2\/types\/post"}],"author":[{"embeddable":true,"href":"https:\/\/emlaktuel.com\/index.php?rest_route=\/wp\/v2\/users\/1"}],"replies":[{"embeddable":true,"href":"https:\/\/emlaktuel.com\/index.php?rest_route=%2Fwp%2Fv2%2Fcomments&post=13637"}],"version-history":[{"count":2,"href":"https:\/\/emlaktuel.com\/index.php?rest_route=\/wp\/v2\/posts\/13637\/revisions"}],"predecessor-version":[{"id":13642,"href":"https:\/\/emlaktuel.com\/index.php?rest_route=\/wp\/v2\/posts\/13637\/revisions\/13642"}],"wp:featuredmedia":[{"embeddable":true,"href":"https:\/\/emlaktuel.com\/index.php?rest_route=\/wp\/v2\/media\/13640"}],"wp:attachment":[{"href":"https:\/\/emlaktuel.com\/index.php?rest_route=%2Fwp%2Fv2%2Fmedia&parent=13637"}],"wp:term":[{"taxonomy":"category","embeddable":true,"href":"https:\/\/emlaktuel.com\/index.php?rest_route=%2Fwp%2Fv2%2Fcategories&post=13637"},{"taxonomy":"post_tag","embeddable":true,"href":"https:\/\/emlaktuel.com\/index.php?rest_route=%2Fwp%2Fv2%2Ftags&post=13637"}],"curies":[{"name":"wp","href":"https:\/\/api.w.org\/{rel}","templated":true}]}}