{"id":13620,"date":"2017-04-23T12:13:14","date_gmt":"2017-04-23T09:13:14","guid":{"rendered":"http:\/\/emlaktuel.com\/?p=13620"},"modified":"2018-07-05T16:28:48","modified_gmt":"2018-07-05T13:28:48","slug":"564-bin-lale-1453-metrekare-3-istanbul-sultanahmet-meydanina-serildi","status":"publish","type":"post","link":"https:\/\/emlaktuel.com\/?p=13620","title":{"rendered":"564 bin Lale 1453 metrekare 3. \u0130stanbul Sultanahmet Meydan\u0131&#8217;na serildi"},"content":{"rendered":"<h3><img loading=\"lazy\" class=\"size-full wp-image-13621 aligncenter\" src=\"http:\/\/emlaktuel.com\/wp-content\/uploads\/2017\/04\/du\u0308nyan\u0131n-en-bu\u0308yu\u0308k-canl\u0131-hal\u0131s\u0131.jpg\" alt=\"du\u0308nyan\u0131n en bu\u0308yu\u0308k canl\u0131 hal\u0131s\u0131\" width=\"2300\" height=\"1100\" \/><\/h3>\n<h3>D\u00fcnyada en b\u00fcy\u00fck <a href=\"http:\/\/emlaktuel.com\/?s=lale\">canl\u0131 hal\u0131<\/a> olarak 564 bin Lale rengarenk \u00e7i\u00e7ekleriyle 3. defa\u00a0\u0130stanbul Sultanahmet Meydan\u0131\u2019na bir hal\u0131 gibi serildi.<\/h3>\n<h4>\u0130lk olarak \u00fc\u00e7 y\u0131l \u00f6nce 1 &#8211; 30 Nisan tarihleri aras\u0131nda \u0130stanbul&#8217;da d\u00fczenlenen <a href=\"http:\/\/emlaktuel.com\/?s=lale\">Lale Festivali<\/a> kapsam\u0131nda haz\u0131rlanan canl\u0131 <a href=\"http:\/\/emlaktuel.com\/?s=lale\">Lale hal\u0131s\u0131<\/a> bu y\u0131l \u0130stanbul&#8217;un fethine ithafen haz\u0131rland\u0131. \u0130stanbul&#8217;un Fetih tarihi olan 1453 ve \u0130stanbul&#8217;un Fethinin 564.y\u0131l d\u00f6n\u00fcm\u00fcne ithaf edilen canl\u0131 Lale hal\u0131s\u0131nda 564 bin canl\u0131 Lale kullan\u0131ld\u0131 ve 1453 metre kare ebad\u0131nda haz\u0131rland\u0131.<\/h4>\n<h4>Ge\u00e7ti\u011fimiz Cuma g\u00fcn\u00fc Ba\u015fkan Topba\u015f&#8217;\u0131 makam\u0131nda ziyaret eden UCLG Avrasya B\u00f6lgesi Ba\u015fkan Yard\u0131mc\u0131s\u0131 ve Yakutistan&#8217;\u0131n Ba\u015fkenti Yakutsk Belediye Ba\u015fkan\u0131 Aisen Nikolaev&#8217;in e\u015fi Ludmila Nikolaeva, Ak Parti \u0130stanbul Milletvekilleri Belma Sat\u0131r, Ahmet Hamdi \u00c7aml\u0131, Harun Karaca&#8217;n\u0131n da yer ald\u0131\u011f\u0131 Sultanahmet Meydan\u0131&#8217;ndaki canl\u0131 Lale a\u00e7\u0131l\u0131\u015f\u0131na yerli ve yabanc\u0131 turistler de yo\u011fun ilgi g\u00f6sterdi.<\/h4>\n<h4><a href=\"http:\/\/emlaktuel.com\/?s=lale\">Lale hal\u0131s\u0131<\/a>n\u0131n a\u00e7\u0131l\u0131\u015f\u0131nda konu\u015fan Ba\u015fkan Kadir Topba\u015f, \u201c\u0130stanbul art\u0131k rengarenk oldu. Renk c\u00fcmb\u00fc\u015f\u00fcn\u00fc g\u00f6rmektesiniz. Bu \u015fehrin duvarlar\u0131nda \u00e7i\u00e7ekler a\u00e7t\u0131rd\u0131k. Bunu ba\u015faran firmalar art\u0131k yurtd\u0131\u015f\u0131ndan i\u015fler almaya ba\u015flad\u0131. \u00c7i\u00e7ek sekt\u00f6r\u00fcm\u00fcz yurtd\u0131\u015f\u0131nda rekabet eder hale geldi\u201d diye konu\u015ftu. Al\u0131m garantili Lale \u00fcretimi yapt\u0131rd\u0131klar\u0131n\u0131n alt\u0131n\u0131 \u00e7izen Ba\u015fkan Topba\u015f, bunun ekonomiye katk\u0131s\u0131n\u0131n b\u00fcy\u00fck oldu\u011funu s\u00f6yledi. \u201cGe\u00e7mi\u015fin de\u011ferlerini gelece\u011fe ta\u015f\u0131yarak g\u00fc\u00e7l\u00fc bir T\u00fcrkiye&#8217;nin \u0130stanbul&#8217;u olmaya \u00e7al\u0131\u015f\u0131yoruz\u201d diyen Ba\u015fkan Topba\u015f, \u201c\u0130nan\u0131yorum ki yar\u0131n\u0131n \u0130stanbul&#8217;u bundan \u00e7ok daha farkl\u0131 olacak\u201d ifadelerini kulland\u0131.Bu y\u0131l 12. Lale Festivali&#8217;ni yapt\u0131klar\u0131n\u0131 vurgulayan Ba\u015fkan Topba\u015f, 1-30 Nisan tarihleri aras\u0131nda de\u011fi\u015fik aktivitelerin \u0130stanbullularla bulu\u015faca\u011f\u0131n\u0131 ifade etti. Yap\u0131lan aktivitelerden birinin de canl\u0131 Lale hal\u0131s\u0131 oldu\u011funu belirten Ba\u015fkan Topba\u015f canl\u0131 hal\u0131ya dair \u015fu bilgileri payla\u015ft\u0131: \u201cBu y\u0131l \u0130stanbul&#8217;a 26.5 milyon Lale dikildi. Festival boyunca yapt\u0131\u011f\u0131m\u0131z en \u00f6nemli organizasyonlardan biri Sultanahmet Meydan\u0131&#8217;nda bug\u00fcn a\u00e7\u0131l\u0131\u015f\u0131n\u0131 yapt\u0131\u011f\u0131m\u0131z canl\u0131 Lale hal\u0131s\u0131. \u0130stanbul&#8217;un Fetih tarihi olan 1453 y\u0131l\u0131na ithafen 1453 metre kare ebat\u0131nda ve yine \u0130stanbul&#8217;un fethinin 564.y\u0131l\u0131na ithafen 564 bin Laleden olu\u015fuyor bu canl\u0131 Lale hal\u0131m\u0131z. D\u00fcnyan\u0131n en b\u00fcy\u00fck \u00e7i\u00e7ek hal\u0131s\u0131 olarak g\u00f6r\u00fclmekte. Ayr\u0131ca Lale \u00fcreticilerimiz 100 bin metre karelik bu\u011fday tarlas\u0131ndan daha karl\u0131 diyor Lale \u00fcreticili\u011fi i\u00e7in. Hem ekolojiye katk\u0131s\u0131 hem esteti\u011fe olan katk\u0131s\u0131yla Lale tekrar vatan\u0131yla bulu\u015ftu. Biz bir i\u015f yap\u0131yorsak her y\u00f6n\u00fcn\u00fc d\u00fc\u015f\u00fcnerek yap\u0131yoruz.\u201dBa\u015fkan Topba\u015f ge\u00e7ti\u011fimiz Pazar g\u00fcn\u00fc yap\u0131lan Referandumla ilgili de konu\u015farak, \u201cT\u00fcrkiye art\u0131k aya\u011f\u0131ndaki p\u0131rangalardan kurtulmu\u015ftur\u201d dedi.<\/h4>\n<p><img loading=\"lazy\" class=\"size-full wp-image-13622 aligncenter\" src=\"http:\/\/emlaktuel.com\/wp-content\/uploads\/2017\/04\/4_d.jpg\" alt=\"d\u00fcnyan\u0131n en b\u00fcy\u00fck lale hal\u0131s\u0131\" width=\"800\" height=\"529\" \/><\/p>\n<h4>Ba\u015fkan Topba\u015f \u015f\u00f6yle devam etti: \u201c16 Nisan&#8217;da bir karar verdiniz. T\u00fcrkiye&#8217;nin \u00f6n\u00fc a\u00e7\u0131ld\u0131 ve prangalardan kurtuldu. Vesayet bitti art\u0131k hamdolsun. Bundan sonraki \u00e7al\u0131\u015fmalar\u0131m\u0131z \u00e7ok daha farkl\u0131 olacak. \u00c7ok daha g\u00fczel bir T\u00fcrkiye&#8217;yi beraber in\u015fa edece\u011fiz. Evlatlar\u0131m\u0131z bu \u00fclkede ya\u015famaktan gurur duyacaklar. Dostlar\u0131m\u0131z bizlerle dostluklar\u0131n\u0131 peki\u015ftirecek. D\u00fcnyada ezber bozan bir T\u00fcrkiye imar etmenin gururunu birlikte ya\u015fayaca\u011f\u0131z.\u201dBa\u015fkan Topba\u015f daha sonra misafiri Ludmila Nikolaeva ile birlikte Ebru sanat\u0131ndan \u00f6rnekler sunulan bir stanta u\u011frad\u0131. Nikolaeva daha sonra da Ebru sanat\u00e7\u0131s\u0131n\u0131n yard\u0131m\u0131yla Lale fig\u00fcrl\u00fc bir Ebru \u00e7al\u0131\u015fmas\u0131 yapt\u0131.D\u00fcnyan\u0131n en b\u00fcy\u00fck <a href=\"http:\/\/emlaktuel.com\/?s=lale\">canl\u0131 hal\u0131<\/a>s\u0131 30 Nisan&#8217;a kadar Sultanahmet Meydan\u0131&#8217;nda ziyarete a\u00e7\u0131k olacak.<\/h4>\n<p><img loading=\"lazy\" class=\"size-full wp-image-13623 aligncenter\" src=\"http:\/\/emlaktuel.com\/wp-content\/uploads\/2017\/04\/10_d.jpg\" alt=\"d\u00fcnyan\u0131n en b\u00fcy\u00fck lale hal\u0131s\u0131\" width=\"800\" height=\"575\" \/><\/p>\n<h4>Canl\u0131 <a href=\"http:\/\/emlaktuel.com\/?s=lale\">lale hal\u0131s\u0131<\/a>\u00a0bilgileri:<\/h4>\n<h4>&#8211; Canl\u0131 Lale Hal\u0131s\u0131n\u0131n kaplad\u0131\u011f\u0131 alan: 1.453 m2<br \/>\n&#8211; Etraf\u0131n\u0131 \u00e7evreleyen ye\u015fil bant ile toplam alan\u0131: 1.731 m2<br \/>\n&#8211; Kullan\u0131lan lale say\u0131s\u0131: 564 bin adet<\/h4>\n<p><img loading=\"lazy\" class=\"size-full wp-image-13624 aligncenter\" src=\"http:\/\/emlaktuel.com\/wp-content\/uploads\/2017\/04\/fft99_mf5538759.jpeg\" alt=\"d\u00fcnyan\u0131n en b\u00fcy\u00fck lale hal\u0131s\u0131\" width=\"606\" height=\"340\" \/><\/p>\n<h4><a href=\"http:\/\/emlaktuel.com\/?s=lale\">Lale hal\u0131s\u0131<\/a>nda kullan\u0131lan lale t\u00fcrleri:<\/h4>\n<h4>&#8211; Sar\u0131 Lale-Yellow Flight :115 bin 386<br \/>\n&#8211; Beyaz Lale-White Flag :121 bin 380<br \/>\n&#8211; K\u0131rm\u0131z\u0131 Lale-Seadov :304 bin 086<br \/>\n&#8211; Mor Lale- Purple Flag :23 bin 148<br \/>\n&#8211; \u0130stanbul B\u00fcy\u00fck\u015fehir Belediyesi Park ve Ye\u015fil Alanlara Daire Ba\u015fkanl\u0131\u011f\u0131 ekipleri, canl\u0131 lalelerden olu\u015fan hal\u0131y\u0131 1 tam g\u00fcn aral\u0131ks\u0131z \u00e7al\u0131\u015farak saks\u0131 saks\u0131 dokudu. D\u00fcnyada ilk defa bu kadar \u00e7ok canl\u0131 su i\u00e7indeki lalelerle dokunan hal\u0131, \u015fehrin tarihi meydan\u0131nda muhte\u015fem bir motif olu\u015fturdu.<\/h4>\n<p><img loading=\"lazy\" class=\"size-full wp-image-13625 aligncenter\" src=\"http:\/\/emlaktuel.com\/wp-content\/uploads\/2017\/04\/16_d.jpg\" alt=\"d\u00fcnyan\u0131n en b\u00fcy\u00fck lale hal\u0131s\u0131\" width=\"800\" height=\"555\" \/><\/p>\n","protected":false},"excerpt":{"rendered":"<p>D\u00fcnyada en b\u00fcy\u00fck canl\u0131 hal\u0131 olarak 564 bin Lale rengarenk \u00e7i\u00e7ekleriyle 3. defa\u00a0\u0130stanbul Sultanahmet Meydan\u0131\u2019na bir hal\u0131 gibi serildi. \u0130lk olarak \u00fc\u00e7 y\u0131l \u00f6nce 1 &#8211; 30 Nisan tarihleri aras\u0131nda \u0130stanbul&#8217;da d\u00fczenlenen Lale Festivali kapsam\u0131nda haz\u0131rlanan canl\u0131 Lale hal\u0131s\u0131 bu y\u0131l \u0130stanbul&#8217;un fethine ithafen haz\u0131rland\u0131. \u0130stanbul&#8217;un Fetih tarihi olan 1453 ve \u0130stanbul&#8217;un Fethinin 564.y\u0131l d\u00f6n\u00fcm\u00fcne [&hellip;]<\/p>\n","protected":false},"author":1,"featured_media":0,"comment_status":"open","ping_status":"open","sticky":false,"template":"","format":"standard","meta":{"ngg_post_thumbnail":0},"categories":[221,26,5217,97,5388],"tags":[7866,258,7864,7860,73,4437,7861,7863,7862,7659,7865,11368,316],"_links":{"self":[{"href":"https:\/\/emlaktuel.com\/index.php?rest_route=\/wp\/v2\/posts\/13620"}],"collection":[{"href":"https:\/\/emlaktuel.com\/index.php?rest_route=\/wp\/v2\/posts"}],"about":[{"href":"https:\/\/emlaktuel.com\/index.php?rest_route=\/wp\/v2\/types\/post"}],"author":[{"embeddable":true,"href":"https:\/\/emlaktuel.com\/index.php?rest_route=\/wp\/v2\/users\/1"}],"replies":[{"embeddable":true,"href":"https:\/\/emlaktuel.com\/index.php?rest_route=%2Fwp%2Fv2%2Fcomments&post=13620"}],"version-history":[{"count":3,"href":"https:\/\/emlaktuel.com\/index.php?rest_route=\/wp\/v2\/posts\/13620\/revisions"}],"predecessor-version":[{"id":13631,"href":"https:\/\/emlaktuel.com\/index.php?rest_route=\/wp\/v2\/posts\/13620\/revisions\/13631"}],"wp:attachment":[{"href":"https:\/\/emlaktuel.com\/index.php?rest_route=%2Fwp%2Fv2%2Fmedia&parent=13620"}],"wp:term":[{"taxonomy":"category","embeddable":true,"href":"https:\/\/emlaktuel.com\/index.php?rest_route=%2Fwp%2Fv2%2Fcategories&post=13620"},{"taxonomy":"post_tag","embeddable":true,"href":"https:\/\/emlaktuel.com\/index.php?rest_route=%2Fwp%2Fv2%2Ftags&post=13620"}],"curies":[{"name":"wp","href":"https:\/\/api.w.org\/{rel}","templated":true}]}}