{"id":13602,"date":"2017-04-20T21:37:52","date_gmt":"2017-04-20T18:37:52","guid":{"rendered":"http:\/\/emlaktuel.com\/?p=13602"},"modified":"2018-07-05T16:28:43","modified_gmt":"2018-07-05T13:28:43","slug":"istanbul-autoshow-2017-gelecege-yakindan-bakin-temasiyla-kapilarini-acti","status":"publish","type":"post","link":"https:\/\/emlaktuel.com\/?p=13602","title":{"rendered":"\u0130stanbul Autoshow 2017  \u201cGelece\u011fe Yak\u0131ndan Bak\u0131n\u201d temas\u0131yla  kap\u0131lar\u0131n\u0131 a\u00e7t\u0131"},"content":{"rendered":"<h3><img loading=\"lazy\" class=\"size-full wp-image-13607 aligncenter\" src=\"http:\/\/emlaktuel.com\/wp-content\/uploads\/2017\/04\/istanbul-autoshow-2017-bas\u0327lad\u0131.jpg\" alt=\"istanbul autoshow 2017 bas\u0327lad\u0131\" width=\"2300\" height=\"1100\" \/><\/h3>\n<h3><strong>\u0130stanbul Autoshow 2017, \u201c<a href=\"http:\/\/emlaktuel.com\/?s=autosho\">Gelece\u011fe Yak\u0131ndan Bak\u0131n<\/a>\u201d temas\u0131 ile kap\u0131lar\u0131n\u0131 16\u2019nc\u0131 kez a\u00e7t\u0131. 21-30 Nisan 2017 tarihleri aras\u0131nda t\u00fcm ziyaret\u00e7ilere T\u00dcYAP Fuar ve Kongre Merkezi\u2019nde a\u00e7\u0131k olacak <a href=\"http:\/\/emlaktuel.com\/?s=autosho\">\u0130stanbul Autoshow 2017<\/a>\u2019de otomobil tutkunlar\u0131na gelece\u011fin teknolojilerini yak\u0131ndan g\u00f6rme f\u0131rsat\u0131 sunuluyor.<\/strong><\/h3>\n<h4>Otomotiv ve teknoloji tutkunlar\u0131n\u0131n merakla bekledi\u011fi \u0130stanbul Autoshow 2017, \u201cGelece\u011fe Yak\u0131ndan Bak\u0131n\u201d temas\u0131 ile kap\u0131lar\u0131n\u0131 a\u00e7t\u0131. Otomotiv Distrib\u00fct\u00f6rleri Derne\u011fi (ODD) taraf\u0131ndan 21-30 Nisan 2017 tarihleri aras\u0131nda T\u00dcYAP Fuar ve Kongre Merkezi\u2019nde ger\u00e7ekle\u015ftirilecek olan, bug\u00fcn\u00fcn ve gelece\u011fin teknolojilerinin sergilendi\u011fi <a href=\"http:\/\/emlaktuel.com\/?s=autosho\">\u0130stanbul Autoshow 2017<\/a>\u2019de, T\u00fcrkiye\u2019de faaliyet g\u00f6steren ve ODD b\u00fcnyesinde yer alan otomotiv markalar\u0131n\u0131n yan\u0131 s\u0131ra, teknoloji, inovasyon, bili\u015fim, aksesuar ve yan sanayi firmalar\u0131, Sivil Toplum \u00d6rg\u00fctleri ve bas\u0131n kurulu\u015flar\u0131 yerlerini ald\u0131.<\/h4>\n<h4>\u0130stanbul Autoshow 2017\u2019nin 20 Nisan\u2019da ger\u00e7ekle\u015ftirilen \u201cBas\u0131n ve VIP G\u00fcn\u00fc\u201dnde a\u00e7\u0131l\u0131\u015f\u0131, Bilim, Sanayi ve Teknoloji Bakanl\u0131\u011f\u0131 Bakan Yard\u0131mc\u0131s\u0131 Hasan Ali \u00c7elik, Ekonomi Bakanl\u0131\u011f\u0131 M\u00fcste\u015far Yard\u0131mc\u0131s\u0131 Dr. Tar\u0131k S\u00f6nmez, ODD Y\u00f6netim Kurulu Ba\u015fkan\u0131 Mustafa Bayraktar, ODD Genel Koordinat\u00f6r\u00fc Dr. Hayri Erce, T\u00dcYAP T\u00fcm Fuarc\u0131l\u0131k Yap\u0131m A.\u015e. Y\u00f6netim Kurulu Ba\u015fkan\u0131 B\u00fclent \u00dcnal ve T\u00dcYAP Fuar ve Fuarc\u0131l\u0131k Hizmetleri A.\u015e Genel M\u00fcd\u00fcr\u00fc \u0130lhan Ers\u00f6zl\u00fc ger\u00e7ekle\u015ftirdi. <a href=\"http:\/\/emlaktuel.com\/?s=autosho\">\u0130stanbul Autoshow 2017<\/a>\u2019nin a\u00e7\u0131l\u0131\u015f\u0131na kat\u0131lan Bilim, Sanayi ve Teknoloji Bakanl\u0131\u011f\u0131 Bakan Yard\u0131mc\u0131s\u0131 Hasan Ali \u00c7elik ile Ekonomi Bakanl\u0131\u011f\u0131 M\u00fcste\u015far Yard\u0131mc\u0131s\u0131 Tar\u0131k S\u00f6nmez, T\u00dcYAP ve ODD Y\u00f6neticileriyle birlikte a\u00e7\u0131l\u0131\u015f kurdelesini keserek fuar\u0131n resmi a\u00e7\u0131l\u0131\u015f\u0131n\u0131 ger\u00e7ekle\u015ftirdi.<\/h4>\n<h4><strong>Bilim, Sanayi ve Teknoloji Bakanl\u0131\u011f\u0131 Bakan Yard\u0131mc\u0131s\u0131 Hasan Ali \u00c7elik: Bu fuar\u0131 bir ara\u015ft\u0131rma merkezi, bir okul olarak g\u00f6r\u00fcyoruz.<\/strong><\/h4>\n<h4><a href=\"http:\/\/emlaktuel.com\/?s=autosho\">\u0130stanbul Autoshow 2017<\/a>\u2019n\u0131n a\u00e7\u0131l\u0131\u015f toplant\u0131s\u0131nda bir konu\u015fma yapan Bilim, Sanayi ve Teknoloji Bakanl\u0131\u011f\u0131 Bakan Yard\u0131mc\u0131s\u0131 Hasan Ali \u00c7elik, \u201cT\u00fcrkiye\u2019nin en \u00f6nemli sekt\u00f6rlerinden otomotiv sekt\u00f6r\u00fc, 2017\u2019deki 27 milyar dolarl\u0131k ihracat hedefiyle, bu alandaki lokomotif g\u00f6revini s\u00fcrd\u00fcr\u00fcyor. T\u00fcrkiye\u2019nin k\u00fcresel entegrasyonu tamamlanm\u0131\u015ft\u0131r. D\u00fcnya ekonomisi i\u00e7inde s\u00f6z sahibi olabilmek i\u00e7in yo\u011fun \u00e7al\u0131\u015fmalar\u0131m\u0131z\u0131 s\u00fcrd\u00fcr\u00fcyoruz. T\u00fcrkiye\u2019nin otomotiv ihracat\u0131nda kilogram ba\u015f\u0131na d\u00fc\u015fen fiyat\u0131 7 dolar. D\u00fcnyada ise bu yakla\u015f\u0131k 10.5 dolar. D\u00fcnyadaki pay\u0131m\u0131z\u0131 artt\u0131rmak istiyoruz.\u201d dedi ve s\u00f6zlerine \u015f\u00f6yle devam etti: \u201cOtomotiv sekt\u00f6r\u00fc art\u0131k elektrikli otomobilleri konu\u015fuyor, hedeflerini bu y\u00f6nde s\u00fcrd\u00fcr\u00fcyor. Hem emisyon a\u00e7\u0131s\u0131ndan hem de ihtiya\u00e7lar a\u00e7\u0131s\u0131ndan bizim de gidece\u011fimiz y\u00f6n bu olacak. 20 y\u0131l \u00f6nce hayalini kurdu\u011fumuz otomobilleri bug\u00fcn \u0130stanbul Autoshow 2017\u2019de g\u00f6r\u00fcyoruz. Bu fuar\u0131 bir ara\u015ft\u0131rma merkezi, bir okul olarak kabul ediyoruz; bizim ufkumuzu a\u00e7\u0131yor. Bir s\u00fcredir Ar-Ge Merkezleri i\u00e7in \u00f6nemli te\u015fvik \u00e7al\u0131\u015fmalar\u0131 ger\u00e7ekle\u015ftirdik. Bug\u00fcn 450 civar\u0131nda Ar-Ge merkezimiz var. Bunlarla yetinmeyerek, daha \u00e7ok \u00e7al\u0131\u015farak, yeni ad\u0131mlar at\u0131lmas\u0131n\u0131 sa\u011flayaca\u011f\u0131z\u201d dedi.<\/h4>\n<p>&nbsp;<\/p>\n<h4><strong>Ekonomi Bakanl\u0131\u011f\u0131 M\u00fcste\u015far Yard\u0131mc\u0131s\u0131 Tar\u0131k S\u00f6nmez: Terzi usul\u00fc Ar-Ge te\u015fvi\u011fi sa\u011fl\u0131yoruz.<\/strong><\/h4>\n<h4>\u0130stanbul Autoshow 2017\u2019n\u0131n a\u00e7\u0131l\u0131\u015f toplant\u0131s\u0131nda s\u00f6z alan Ekonomi Bakanl\u0131\u011f\u0131 M\u00fcste\u015far Yard\u0131mc\u0131s\u0131 Tar\u0131k S\u00f6nmez, \u201cOtomotiv \u00fcretiminde kullan\u0131lan komponentler art\u0131k T\u00fcrkiye\u2019de \u00fcretilmeye ba\u015fland\u0131. Binek otomobiller ve ticari ara\u00e7lar ile ilgili ciddi yerlilik ger\u00e7ekle\u015ftirdik. Yat\u0131r\u0131m te\u015fvi\u011fi konusunda da \u00e7ok yol kat ettik. Ar-Ge te\u015fvi\u011fi konusunda iki ayr\u0131 yol benimsedik. Bunlardan biri genel Ar-Ge yat\u0131r\u0131mlar\u0131na y\u00f6nelik te\u015fvik iken, bir di\u011feri ise terzi usul\u00fc destek unsurlar\u0131 oldu. Taliplisiyle oturup dizayn edilecek yat\u0131r\u0131m te\u015fvik enstr\u00fcmanlar\u0131m\u0131z var. \u00d6n\u00fcm\u00fczdeki d\u00f6nemde ciddi bir \u00fcretim ve ihracat art\u0131\u015f\u0131 g\u00f6rece\u011fiz.\u201d dedi.<\/h4>\n<h4><strong>ODD Y\u00f6netim Kurulu Ba\u015fkan\u0131 Mustafa Bayraktar: Fuara yeni bir boyut kazand\u0131rd\u0131k.<\/strong><\/h4>\n<h4><a href=\"http:\/\/emlaktuel.com\/?s=autosho\">\u0130stanbul Autoshow 2017<\/a>\u2019nin a\u00e7\u0131l\u0131\u015f konu\u015fmas\u0131n\u0131 yapan Otomotiv Distrib\u00fct\u00f6rleri Derne\u011fi (ODD) Y\u00f6netim Kurulu Ba\u015fkan\u0131 Mustafa Bayraktar \u015funlar\u0131 s\u00f6yledi: \u201cT\u00fcrkiye Otomotiv Sekt\u00f6r\u00fc toplam pazar\u0131 2016 y\u0131l\u0131nda, 1 milyon 7 bin 857 adet olarak ger\u00e7ekle\u015fti. Sekt\u00f6r\u00fcn toplam \u00fcretim adedi %9 artarak 1 milyon 486 bin, ihracat\u0131 ise %15 artarak 1 milyon 141 bin 382 adet oldu. \u0130hracat de\u011ferimiz de %12 oran\u0131nda artarak 24 milyar 250 milyon dolar seviyesine ula\u015ft\u0131.<\/h4>\n<h4>Bu rakamlar t\u00fcketicinin tercihlerini ve al\u0131m kararlar\u0131n\u0131 etkileyebilecek, son derece yo\u011fun g\u00fcndemi olan bir y\u0131lda ya\u015fand\u0131. 2017 y\u0131l\u0131nda ge\u00e7en y\u0131la oranla i\u00e7 pazarda bir miktar daralma olaca\u011f\u0131n\u0131 tahmin ediyoruz.<\/h4>\n<h4>Otomotiv sekt\u00f6r\u00fcndeki b\u00fcy\u00fcme ve k\u00fc\u00e7\u00fclme trendleri genel ekonomik trend ve faaliyetlerle yak\u0131ndan ilgilidir. Otomotiv, pe\u015finden bir\u00e7ok sekt\u00f6r\u00fc s\u00fcr\u00fckl\u00fcyor olmas\u0131yla da ger\u00e7ek bir lokomotif. Dolay\u0131s\u0131yla i\u00e7 pazardaki b\u00fcy\u00fcmenin veya b\u00fcy\u00fckl\u00fc\u011f\u00fcn s\u00fcrd\u00fcr\u00fclebilmesi, korunmas\u0131 ve daha da ileriye g\u00f6t\u00fcr\u00fclebilmesi i\u00e7in yap\u0131lmas\u0131 gereken sekt\u00f6r\u00fcm\u00fcz\u00fc ilgilendiren bir\u00e7ok \u015fey var. Talebi canl\u0131 tutabilmek i\u00e7in ekonomik b\u00fcy\u00fcme \u00e7ok \u00f6nemli. Bunun d\u0131\u015f\u0131nda da \u00e7\u00f6z\u00fclmesi gereken bir\u00e7ok konu var. Bunlar\u0131n ba\u015f\u0131nda gelen, hala sekt\u00f6r\u00fcm\u00fcz\u00fcn iyile\u015fmeyen, kronik kanayan bir yaras\u0131 olan ya\u015fl\u0131 ara\u00e7 park\u0131 konusudur. Genel ekonomimize, \u00f6zellikle de cari a\u00e7\u0131\u011f\u0131m\u0131za b\u00fcy\u00fck zarar veriyor. \u00dclkemizde, yollarda olan eski model ara\u00e7lara yedek par\u00e7a sat\u0131\u015f\u0131 yapan bir\u00e7ok Uzakdo\u011fulu firma var. Bunlar, \u00e7evre ve kamu sa\u011fl\u0131\u011f\u0131 gibi fakt\u00f6rlerin yan\u0131 s\u0131ra, b\u00fcy\u00fck bir cari a\u00e7\u0131k m\u00fcsebbibi. Uzakdo\u011fu\u2019dan yar\u0131n\u0131 olmayan komponentleri ithal ediyoruz. Bunun da cari a\u00e7\u0131\u011fa ve kamu sa\u011fl\u0131\u011f\u0131na da b\u00fcy\u00fck olumsuz etkisi var.\u201d dedi.<\/h4>\n<h4>Mustafa Bayraktar s\u00f6zlerine \u015f\u00f6yle devam etti: \u201cBug\u00fcn markalar burada yeni modellerini sergileyip t\u00fcketiciyle bulu\u015fturabilmek i\u00e7in fuarlara b\u00fcy\u00fck kaynaklar ay\u0131r\u0131yorlar, ama ya\u015fl\u0131 ara\u00e7 park\u0131 problemimiz hala devam ediyor. Fosil yak\u0131tlar\u0131n d\u00fcnyam\u0131za verdi\u011fi uzun vadeli zararlar nedeniyle otomotiv sekt\u00f6r\u00fc daha da \u00e7evre dostu olma y\u00f6n\u00fcnde ilerlemek ve yeni teknolojileri yakalamak zorunda.<\/h4>\n<h4>G\u00f6rd\u00fc\u011f\u00fcn\u00fcz gibi \u0131\u015f\u0131k h\u0131z\u0131nda de\u011fi\u015fen teknoloji, otomotiv sekt\u00f6r\u00fcnde de yeni ara\u00e7larda ve yeni uygulamalarda kendini g\u00f6stermeye ba\u015flad\u0131. Bu sebeple, Autoshow\u2019lar\u0131n da kabuk de\u011fi\u015ftirdi\u011fini g\u00f6r\u00fcyoruz. Tahminim, \u00e7ok uzak olmayan bir gelecekte Autoshow\u2019lar t\u00fcketici elektroni\u011fi fuarlar\u0131yla birbirlerine yakla\u015farak neredeyse bir olacaklar. Di\u011fer kabuk de\u011fi\u015ftiren Autoshow\u2019larda oldu\u011fu gibi, \u0130stanbul Autoshow da otomotiv d\u00fcnyas\u0131n\u0131n teknoloji payda\u015flar\u0131n\u0131 bu sene a\u011f\u0131rlamaya haz\u0131rlan\u0131yor.\u201d<\/h4>\n<p><img loading=\"lazy\" class=\"size-full wp-image-13603 aligncenter\" src=\"http:\/\/emlaktuel.com\/wp-content\/uploads\/2017\/04\/1492697983_STANBUL_AUTOSHOW_2017__21____LHAN_ERS__ZL__.jpeg\" alt=\"ilhan ers\u00f6zl\u00fc\" width=\"4028\" height=\"2016\" \/><\/p>\n<h4><strong>T\u00dcYAP Fuar ve Fuarc\u0131l\u0131k Hizmetleri A.\u015e Genel M\u00fcd\u00fcr\u00fc \u0130lhan Ers\u00f6zl\u00fc: \u0130stanbul Autoshow 2017, b\u00f6lgemizin en b\u00fcy\u00fck otomotiv organizasyonu.<\/strong><\/h4>\n<h4>\u0130stanbul Autoshow 2017\u2019nin a\u00e7\u0131l\u0131\u015f\u0131nda s\u00f6z alan T\u00dcYAP Fuar ve Fuarc\u0131l\u0131k Hizmetleri A.\u015e Genel M\u00fcd\u00fcr\u00fc \u0130lhan Ers\u00f6zl\u00fc: \u201cB\u00f6lgemizdeki en b\u00fcy\u00fck otomotiv organizasyonuna evsahipli\u011fi yap\u0131yoruz. \u0130stanbul Autoshow 2017\u2019de temam\u0131z \u2018Gelece\u011fe Yak\u0131ndan Bak\u0131n\u2019 oldu. Kat\u0131l\u0131mc\u0131 firmalar\u0131n tamam\u0131 bu konsepte uygun olarak modellerini getirdiler. Gelecekte teknolojiyle otomobil \u015firketlerinin daha fazla i\u00e7 i\u00e7e ge\u00e7ece\u011fini biliyoruz. Bu fuar\u0131m\u0131zda da bunu ba\u015flatt\u0131k. Bu sene fuar\u0131m\u0131za toplam 120 markan\u0131n kat\u0131l\u0131m\u0131 oldu. \u0130stanbul Autoshow 2017\u2019den t\u00fcm aile fertlerinin keyif ald\u0131\u011f\u0131 bir ya\u015fam alan\u0131 olu\u015fturmay\u0131 hedefledik.<\/h4>\n<h4><\/h4>\n<h4><strong>D\u00fcnyan\u0131n en yeni, \u00f6d\u00fcll\u00fc konseptleri \u0130stanbul Autoshow 2017\u2019de\u00a0 <\/strong><\/h4>\n<h4>\u0130stanbul Autoshow 2017\u2019de yer alan otomotiv markalar\u0131 yeni modellerini ve gelecekte hayata ge\u00e7irecekleri ileri teknolojiler hakk\u0131nda ipu\u00e7lar\u0131 veren konsept ara\u00e7lar\u0131n\u0131 sergiliyorlar. Otomotiv markalar\u0131n\u0131n standlar\u0131nda ayr\u0131ca, \u00e7evreci \u00f6zellikleriyle \u00f6ne \u00e7\u0131kan elektrikli ve hibrit otomobillerin yan\u0131s\u0131ra, otonom s\u00fcr\u00fc\u015fe giden yoldaki \u00f6nc\u00fc teknolojilere sahip ak\u0131ll\u0131 ara\u00e7lar da m\u00fc\u015fterilerin be\u011fenisine sunulacak.<\/h4>\n<h4>D\u00fcnya otomotiv g\u00fcndeminin en pop\u00fcler konular\u0131ndan biri olan otonom s\u00fcr\u00fc\u015f, \u0130stanbul Autoshow 2017\u2019nin ana konular\u0131ndan birini olu\u015fturuyor. Kendi kendine gidebilen otomobiller, yak\u0131n gelecekte hayatlar\u0131m\u0131za dahil olacak. Mevcut bir\u00e7ok otomobilde art\u0131k \u00a0yar\u0131-otonom s\u00fcr\u00fc\u015f teknolojileri sunuluyor ve bu ara\u00e7lar\u0131n pek \u00e7o\u011fu \u0130stanbul Autoshow 2017\u2019de sergileniyor.<\/h4>\n<h4><strong>Bug\u00fcn\u00fcn ve gelece\u011fin otomotiv ve teknoloji trendleri \u0130stanbul Autoshow 2017\u2019de<\/strong><\/h4>\n<h4>\u0130stanbul Autoshow 2017, kat\u0131l\u0131mc\u0131lar\u0131n\u0131 bug\u00fcn\u00fcn ve de yar\u0131n\u0131n teknolojileriyle bulu\u015fmaya davet ediyor. \u201cGelece\u011fe Yak\u0131ndan Bak\u0131n\u201d temas\u0131n\u0131n belirlendi\u011fi bu y\u0131lki fuarda, otomobil firmalar\u0131n\u0131n yan\u0131 s\u0131ra, teknolojiye yat\u0131r\u0131m yapm\u0131\u015f, bu alanda faaliyet g\u00f6steren \u015firketlerin de \u00f6nemli g\u00f6sterileri olacak. \u201cEntegre \u0130leti\u015fim \u00c7\u00f6z\u00fcmleri\u201d, \u201cOtonom S\u00fcr\u00fc\u015f\u201d, \u201c\u00c7evreci\u201d ve \u201cAk\u0131ll\u0131 Ara\u00e7lar\u201d gibi konularda yenilikler \u0130stanbul Autoshow 2017\u2019de sergilenirken, ziyaret\u00e7iler yak\u0131n gelecekte hayatlar\u0131na dahil olacak bu konular\u0131 deneyimleme f\u0131rsat\u0131n\u0131 da yakal\u0131yorlar.<\/h4>\n<h4>\u0130stanbul Autoshow 2017\u2019de otomobiller ve mobil cihazlar aras\u0131nda ak\u0131ll\u0131 \u00e7\u00f6z\u00fcmler sunan teknolojilerin b\u00fcy\u00fck bir ilgi g\u00f6rmesi bekleniyor. Hayat\u0131m\u0131z\u0131n art\u0131k bir par\u00e7as\u0131 olan ak\u0131ll\u0131 telefonlar, tabletler ve mobil internet kullan\u0131m\u0131n\u0131n, otomobiller ile entegrasyonundaki son geli\u015fmeleri \u0130stanbul Autoshow 2017\u2019de izlenebilecek.<img loading=\"lazy\" class=\"alignleft size-full wp-image-13604\" src=\"http:\/\/emlaktuel.com\/wp-content\/uploads\/2017\/04\/1492697909_STANBUL_AUTOSHOW_2017__32_.jpeg\" alt=\"istanbul autoshow 2017\" width=\"2733\" height=\"1647\" \/><\/h4>\n<h4><strong>\u0130stanbul Autoshow 2017 her ya\u015ftan misafirlerini a\u011f\u0131rlayacak<\/strong><\/h4>\n<h4>Ana sponsorlu\u011funu <strong>Shell&amp;Turcas<\/strong>, sigorta sponsorlu\u011funu <strong>Generali Sigorta<\/strong> ve etkinlik sponsorlu\u011funu <strong>RedBull.com<\/strong>\u2019un \u00fcstlenmesiyle kap\u0131lar\u0131n\u0131 a\u00e7acak olan \u0130stanbul Autoshow 2017, her ya\u015ftan misafirlerini a\u011f\u0131rlamaya haz\u0131rlan\u0131yor. \u0130stanbul Autoshow 2017\u2019nin lisansl\u0131 \u00fcr\u00fcnlerinin sat\u0131ld\u0131\u011f\u0131 \u201c<strong>Autoshow Store<\/strong>\u201ddan, uzun y\u0131llar kullanabilece\u011finiz \u00fcr\u00fcnlerden sat\u0131n alabilecek, arzu ederseniz sevdiklerinize hediye edebileceksiniz. \u0130stanbul Autoshow 2017\u2019de kurulan \u201c<strong>Instawall<\/strong>\u201d ad\u0131ndaki \u00f6zel alandan sosyal medya payla\u015f\u0131mlar\u0131n\u0131z\u0131 ger\u00e7ekle\u015ftirebileceksiniz. \u00c7ocuklar i\u00e7in haz\u0131rlanan \u201c<strong>Etkinlik Alan\u0131<\/strong>\u201dnda minik misafirler e\u011flenceli ve keyifli anlar ya\u015farken ebeveynler de dinlenme \u015fans\u0131 bulabilecekler.<\/h4>\n<h4><img loading=\"lazy\" class=\"alignleft size-full wp-image-13605\" src=\"http:\/\/emlaktuel.com\/wp-content\/uploads\/2017\/04\/1492697914_STANBUL_AUTOSHOW_2017__20_.jpeg\" alt=\"istanbul autoshow 2017\" width=\"2757\" height=\"1680\" \/><\/h4>\n<h4><strong>\u0130stanbul Autoshow 2017\u2019de ge\u00e7mi\u015fe yolculuk da yap\u0131lacak<\/strong><\/h4>\n<h4>\u0130stanbul Autoshow 2017\u2019de, \u201cGelece\u011fe Yak\u0131ndan Bak\u0131n\u201d slogan\u0131na uygun olarak; ilerleyen d\u00f6nemlerde hayatlar\u0131m\u0131za dahil olacak teknolojiler sergilenecek, ancak ge\u00e7mi\u015f de unutulmayacak! Birbirinden de\u011ferli ve \u00f6zel klasik otomobiller \u0130stanbul Autoshow 2017 b\u00fcnyesinde sevenleriyle bulu\u015facak. Onlarca klasik otomobil, kendi d\u00f6nemlerine ait \u00f6zel bir \u015fekilde sergilenerek ge\u00e7mi\u015fte bir yolculuk yap\u0131lmas\u0131n\u0131 sa\u011flayacak.<\/h4>\n<h4><strong>Kad\u0131n ve \u00f6\u011frencilere haftai\u00e7i \u00fccretsiz, haftasonu \u00f6zel giri\u015f fiyatlar\u0131<\/strong><\/h4>\n<h4>21-30 Nisan 2017 tarihleri aras\u0131nda Beylikd\u00fcz\u00fc\u2019ndeki T\u00dcYAP Fuar ve Kongre Merkezi\u2019nde d\u00fczenlenecek olan \u0130stanbul Autoshow 2017\u2019nin kap\u0131lar\u0131, hafta i\u00e7i 12:00-21:00, hafta sonu ise 11:00-21:00 saatleri aras\u0131nda ziyaret\u00e7ilere a\u00e7\u0131k olacak.<strong>\u00a0<\/strong><\/h4>\n<h4>\u0130stanbul Autoshow 2017\u2019ye giri\u015f \u00fccretleri haftai\u00e7i 10 TL, haftasonu 20 TL olacak. Kad\u0131nlar i\u00e7in haftai\u00e7i giri\u015fler \u00fccretsiz, haftasonu ise 10 TL olacak. \u00d6\u011frenciler i\u00e7in de haftai\u00e7i giri\u015fler \u00fccretsiz, haftasonu ise 5 TL olacak. T\u00dcYAP Fuar ve Kongre Merkezi\u2019nin kapal\u0131 ve a\u00e7\u0131k olmak \u00fczere toplam 6.100 ara\u00e7 kapasiteli otopark hizmeti \u0130stanbul Autoshow 2017\u2019de sunulacak. Fuara kendi ara\u00e7lar\u0131yla gelmek isteyenler; TEM otoyolu, Mahmutbey gi\u015felerinden devam ederek, Bah\u00e7e\u015fehir-Avc\u0131lar \u00e7\u0131k\u0131\u015f\u0131ndan ayr\u0131larak Beylikd\u00fcz\u00fc istikametine devam edip T\u00dcYAP Fuar ve Kongre Merkezi\u2019ne ula\u015fabilirler. Edirne y\u00f6n\u00fcnde gelecekler ise TEM-Had\u0131mk\u00f6y gi\u015felerinden \u00e7\u0131kt\u0131ktan 7 km sonra yolun sa\u011f taraf\u0131nda T\u00dcYAP Fuar ve Kongre Merkezi\u2019ni g\u00f6recekler. \u0130stanbul Autoshow 2017\u2019ye Anadolu Yakas\u0131\u2019ndan gelecekler, Avrasya T\u00fcneli\u2019ni kullanarak sahil yolu sonras\u0131nda E5 (D100) hatt\u0131n\u0131 kullanarak yakla\u015f\u0131k 45 dakikada ula\u015fabilirler.<\/h4>\n<p><img loading=\"lazy\" class=\"size-full wp-image-13606 aligncenter\" src=\"http:\/\/emlaktuel.com\/wp-content\/uploads\/2017\/04\/1492698006_STANBUL_AUTOSHOW_2017__36_.jpeg\" alt=\"istanbul otoshow\" width=\"2784\" height=\"1611\" \/><\/p>\n<h4>T\u00dcYAP Fuar ve Kongre Merkezi\u2019ne fuar s\u00fcresince \u00fccretsiz servis ara\u00e7lar\u0131 da olacak. Servisler, Atat\u00fcrk Havaliman\u0131\u2019ndan 11:30 ve 13:00\u2019da, Kad\u0131k\u00f6y \u0130skele \u00d6n\u00fc\u2019nden 10:00 ve 11:00\u2019da hareket edecek. T\u00dcYAP Fuar ve Kongre Merkezi\u2019nde ayn\u0131 noktalara servisler, Atat\u00fcrk Hava Liman\u0131\u2019na 18:00 ve 20:00, Kad\u0131k\u00f6y \u0130skele\u2019ye ise 18:00 ve 19:00 saatlerinde kalkacak.<\/h4>\n<h4>Fuara toplu ta\u015f\u0131ma kullanarak gelmek isteyenler, S\u00f6\u011f\u00fctl\u00fc\u00e7e\u015fme veya Zincirlikuyu\u2019dan metrob\u00fcs hatt\u0131n\u0131 ya da Marmaray-T\u00dcYAP (76K) veya Silivri-T\u00dcYAP (300) hatl\u0131 otob\u00fcsleri kullanabilecekler.<strong>\u00a0<\/strong><\/h4>\n<h4>\u201c\u0130stanbul Autoshow 2017-Gelece\u011fe Yak\u0131ndan Bak\u0131n\u201da dair en g\u00fcncel bilgiler ayr\u0131ca sosyal medya hesaplar\u0131ndan ve internet sitesinden de takip edilebilecek.<\/h4>\n<h4><\/h4>\n<h4>Facebook (<strong>@istautoshow<\/strong>),<\/h4>\n<h4>Twitter (<strong>@ist_autoshow<\/strong>),<\/h4>\n<h4>Instagram\u2019dan (<strong>istanbulautoshow17<\/strong>),<\/h4>\n<h4>Internet sitesi <a href=\"http:\/\/www.autoshowistanbul.com\">www.autoshowistanbul.com<\/a><\/h4>\n<h4><\/h4>\n<h4>Fuar\u0131n t\u00fcm detaylar\u0131 <a href=\"http:\/\/autoshowistanbul.com\/\">http:\/\/autoshowistanbul.com\/<\/a> internet adresinden incelenebilir.<\/h4>\n<h4><\/h4>\n<h4>Fuar\u0131n yerle\u015fim plan\u0131 i\u00e7in; <a href=\"http:\/\/autoshowistanbul.com\/yerlesim-plani\">http:\/\/autoshowistanbul.com\/yerlesim-plani<\/a> adresi ziyaret edilebilir.<\/h4>\n<h4><\/h4>\n<h4><strong>\u00a0<\/strong><\/h4>\n<p>&nbsp;<\/p>\n","protected":false},"excerpt":{"rendered":"<p>\u0130stanbul Autoshow 2017, \u201cGelece\u011fe Yak\u0131ndan Bak\u0131n\u201d temas\u0131 ile kap\u0131lar\u0131n\u0131 16\u2019nc\u0131 kez a\u00e7t\u0131. 21-30 Nisan 2017 tarihleri aras\u0131nda t\u00fcm ziyaret\u00e7ilere T\u00dcYAP Fuar ve Kongre Merkezi\u2019nde a\u00e7\u0131k olacak \u0130stanbul Autoshow 2017\u2019de otomobil tutkunlar\u0131na gelece\u011fin teknolojilerini yak\u0131ndan g\u00f6rme f\u0131rsat\u0131 sunuluyor. Otomotiv ve teknoloji tutkunlar\u0131n\u0131n merakla bekledi\u011fi \u0130stanbul Autoshow 2017, \u201cGelece\u011fe Yak\u0131ndan Bak\u0131n\u201d temas\u0131 ile kap\u0131lar\u0131n\u0131 a\u00e7t\u0131. Otomotiv Distrib\u00fct\u00f6rleri [&hellip;]<\/p>\n","protected":false},"author":1,"featured_media":13607,"comment_status":"open","ping_status":"open","sticky":false,"template":"","format":"standard","meta":{"ngg_post_thumbnail":0},"categories":[5217,5215,5388],"tags":[7852,11647,73,7845,7752,7754,7843,7841,7842,7844,7847,7853,7854,7855,7850,7851,7849,7846,11245,11501,118,316,11319,7848],"_links":{"self":[{"href":"https:\/\/emlaktuel.com\/index.php?rest_route=\/wp\/v2\/posts\/13602"}],"collection":[{"href":"https:\/\/emlaktuel.com\/index.php?rest_route=\/wp\/v2\/posts"}],"about":[{"href":"https:\/\/emlaktuel.com\/index.php?rest_route=\/wp\/v2\/types\/post"}],"author":[{"embeddable":true,"href":"https:\/\/emlaktuel.com\/index.php?rest_route=\/wp\/v2\/users\/1"}],"replies":[{"embeddable":true,"href":"https:\/\/emlaktuel.com\/index.php?rest_route=%2Fwp%2Fv2%2Fcomments&post=13602"}],"version-history":[{"count":3,"href":"https:\/\/emlaktuel.com\/index.php?rest_route=\/wp\/v2\/posts\/13602\/revisions"}],"predecessor-version":[{"id":13610,"href":"https:\/\/emlaktuel.com\/index.php?rest_route=\/wp\/v2\/posts\/13602\/revisions\/13610"}],"wp:featuredmedia":[{"embeddable":true,"href":"https:\/\/emlaktuel.com\/index.php?rest_route=\/wp\/v2\/media\/13607"}],"wp:attachment":[{"href":"https:\/\/emlaktuel.com\/index.php?rest_route=%2Fwp%2Fv2%2Fmedia&parent=13602"}],"wp:term":[{"taxonomy":"category","embeddable":true,"href":"https:\/\/emlaktuel.com\/index.php?rest_route=%2Fwp%2Fv2%2Fcategories&post=13602"},{"taxonomy":"post_tag","embeddable":true,"href":"https:\/\/emlaktuel.com\/index.php?rest_route=%2Fwp%2Fv2%2Ftags&post=13602"}],"curies":[{"name":"wp","href":"https:\/\/api.w.org\/{rel}","templated":true}]}}