{"id":13516,"date":"2017-04-19T20:49:31","date_gmt":"2017-04-19T17:49:31","guid":{"rendered":"http:\/\/emlaktuel.com\/?p=13516"},"modified":"2018-07-05T16:27:33","modified_gmt":"2018-07-05T13:27:33","slug":"mercedes-a-serisi-sedan-konseptini-duyurdu","status":"publish","type":"post","link":"https:\/\/emlaktuel.com\/?p=13516","title":{"rendered":"Mercedes, A Serisi Sedan konseptini duyurdu"},"content":{"rendered":"<h2><\/h2>\n<div class=\"content\">\n<div class=\"resim\"><img class=\"resim\" src=\"http:\/\/www.otomobilgazetesi.com\/uploads\/20170419093216_mercedes-a-sedan-konsepti-resmen-duyuruldu-iste-ilk-detaylar-8960132.jpeg\" alt=\"\" border=\"0\" \/><\/div>\n<div class=\"ekstra\">\n<div class=\"info\"><\/div>\n<\/div>\n<h4>Hemen her segmentte oldu\u011fu gibi Otomobil\u00a0\u00fcreticilerinin k\u0131yas\u0131ya m\u00fccadelesi kompakt s\u0131n\u0131fta da son s\u00fcrat devam ediyor. \u00d6zellikle bu rekabet BMW, Mercedes\u00a0ve Audi\u00a0aras\u0131nda ger\u00e7ekle\u015fiyorsa durum bir kat daha keyifli hale geliyor elbette. BMW\u2019nin 1 Serisi ve Audi\u2019nin A3 ile birlikte kompakt sedan liginde seyretti\u011fi d\u00f6nem art\u0131k Mercedes\u2019in de rekabete dahil olmas\u0131yla yeni bir boyut kazanacak gibi g\u00f6z\u00fck\u00fcyor. Markan\u0131n \u015eangay\u00a0Otomobil Fuar\u0131 kapsam\u0131nda tan\u0131tt\u0131\u011f\u0131 A Sedan konsepti bu ailenin yan\u0131 s\u0131ra di\u011fer modellerde de kullan\u0131lacak olan tasar\u0131m dilinin de ilk ipu\u00e7lar\u0131n\u0131 bar\u0131nd\u0131r\u0131yor. Bu da A-Serisi\u2019nin yan\u0131 s\u0131ra B ve C ailesinde de bu tasar\u0131m dilini ileriki s\u00fcre\u00e7te g\u00f6rece\u011fimiz anlam\u0131na geliyor.<\/h4>\n<p><img src=\"http:\/\/www.otomobilgazetesi.com\/uploads\/files\/20170419093222_-8960124.jpeg\" alt=\"\" \/><\/p>\n<h4>Mercedes\u2019in kompakt segment ara\u00e7lar\u0131nda yer verece\u011fi tasar\u0131m dilinin ilk kez kullan\u0131ld\u0131\u011f\u0131 konsept olan A Sedan\u2019\u0131n ebatlar\u0131na bakt\u0131\u011f\u0131m\u0131z zaman 4.570 milimetrelik uzunluk, 1.870 milimetrelik geni\u015flik ve 1.462 milimetrelik uzunluk de\u011ferleriyle kar\u015f\u0131la\u015f\u0131yoruz. Mercedes\u2019in \u00f6zellikle GT-R ile ikon haline gelen \u00f6n \u0131zgaras\u0131n\u0131n izlerini korudu\u011funu g\u00f6rd\u00fc\u011f\u00fcm\u00fcz tasar\u0131mda 20 in\u00e7 b\u00fcy\u00fckl\u00fc\u011f\u00fcnde jantlara yer veriliyor. \u00d6zellikle hatchback formu \u00fczerinden sedana dev\u015firilecek olan modellerle ilgili yap\u0131lan en b\u00fcy\u00fck ele\u015ftiri arka tarafa do\u011fru gidildik\u00e7e hatchback modele g\u00f6re tasar\u0131m\u0131n bozuldu\u011fu \u00fczerine ger\u00e7ekle\u015fir.<\/h4>\n<h4>Mercedes\u2019in A Sedan konseptinde bu i\u015fi t\u0131pk\u0131 Audi\u2019nin A3 Sedan da oldu\u011fu gibi ba\u015far\u0131l\u0131 bir \u015fekilde yapt\u0131\u011f\u0131n\u0131 s\u00f6ylemek m\u00fcmk\u00fcn.<\/h4>\n<h4>Mercedes\u2019in i\u00e7 tasar\u0131m\u0131n\u0131 gizli tuttu\u011fu konseptin \u00f6nemli \u00f6zelliklerinden birisi \u0131\u015f\u0131kland\u0131rma grubunda yer al\u0131yor. Marka yetkilileri taraf\u0131ndan UV boya ile kapland\u0131\u011f\u0131n\u0131 belirtilen \u0131\u015f\u0131kland\u0131rmalar g\u00fcn i\u00e7erisindeki \u0131\u015f\u0131k durumuna, ara\u00e7 mesafesine g\u00f6re farkl\u0131 renklerde yans\u0131ma yap\u0131yor. Bir a\u00e7\u0131dan dinamik far olarak nitelendirebilece\u011fimiz bu \u0131\u015f\u0131kland\u0131rmalar da \u00f6n\u00fcm\u00fczdeki modellerde geli\u015ftirilmi\u015f olarak kar\u015f\u0131m\u0131za \u00e7\u0131kacak. Mercedes i\u00e7in \u00f6nemli bir kilometre ta\u015f\u0131 olacak olan A-Serisi Sedan ile asfalta inecek olan bu tasar\u0131m\u0131n merakl\u0131lar\u0131ndan nas\u0131l bir tepki g\u00f6rece\u011fiyse merak konusu.<\/h4>\n<\/div>\n","protected":false},"excerpt":{"rendered":"<p>Hemen her segmentte oldu\u011fu gibi Otomobil\u00a0\u00fcreticilerinin k\u0131yas\u0131ya m\u00fccadelesi kompakt s\u0131n\u0131fta da son s\u00fcrat devam ediyor. \u00d6zellikle bu rekabet BMW, Mercedes\u00a0ve Audi\u00a0aras\u0131nda ger\u00e7ekle\u015fiyorsa durum bir kat daha keyifli hale geliyor elbette. BMW\u2019nin 1 Serisi ve Audi\u2019nin A3 ile birlikte kompakt sedan liginde seyretti\u011fi d\u00f6nem art\u0131k Mercedes\u2019in de rekabete dahil olmas\u0131yla yeni bir boyut kazanacak gibi g\u00f6z\u00fck\u00fcyor. [&hellip;]<\/p>\n","protected":false},"author":1,"featured_media":13517,"comment_status":"open","ping_status":"open","sticky":false,"template":"","format":"standard","meta":{"ngg_post_thumbnail":0},"categories":[5215],"tags":[5811,11565,7766,11194,11238,11211],"_links":{"self":[{"href":"https:\/\/emlaktuel.com\/index.php?rest_route=\/wp\/v2\/posts\/13516"}],"collection":[{"href":"https:\/\/emlaktuel.com\/index.php?rest_route=\/wp\/v2\/posts"}],"about":[{"href":"https:\/\/emlaktuel.com\/index.php?rest_route=\/wp\/v2\/types\/post"}],"author":[{"embeddable":true,"href":"https:\/\/emlaktuel.com\/index.php?rest_route=\/wp\/v2\/users\/1"}],"replies":[{"embeddable":true,"href":"https:\/\/emlaktuel.com\/index.php?rest_route=%2Fwp%2Fv2%2Fcomments&post=13516"}],"version-history":[{"count":1,"href":"https:\/\/emlaktuel.com\/index.php?rest_route=\/wp\/v2\/posts\/13516\/revisions"}],"predecessor-version":[{"id":13518,"href":"https:\/\/emlaktuel.com\/index.php?rest_route=\/wp\/v2\/posts\/13516\/revisions\/13518"}],"wp:featuredmedia":[{"embeddable":true,"href":"https:\/\/emlaktuel.com\/index.php?rest_route=\/wp\/v2\/media\/13517"}],"wp:attachment":[{"href":"https:\/\/emlaktuel.com\/index.php?rest_route=%2Fwp%2Fv2%2Fmedia&parent=13516"}],"wp:term":[{"taxonomy":"category","embeddable":true,"href":"https:\/\/emlaktuel.com\/index.php?rest_route=%2Fwp%2Fv2%2Fcategories&post=13516"},{"taxonomy":"post_tag","embeddable":true,"href":"https:\/\/emlaktuel.com\/index.php?rest_route=%2Fwp%2Fv2%2Ftags&post=13516"}],"curies":[{"name":"wp","href":"https:\/\/api.w.org\/{rel}","templated":true}]}}