{"id":13508,"date":"2017-04-19T19:59:04","date_gmt":"2017-04-19T16:59:04","guid":{"rendered":"http:\/\/emlaktuel.com\/?p=13508"},"modified":"2018-07-05T16:27:28","modified_gmt":"2018-07-05T13:27:28","slug":"13508","status":"publish","type":"post","link":"https:\/\/emlaktuel.com\/?p=13508","title":{"rendered":"\u2018Expo Turkey by Qatar\u2019da"},"content":{"rendered":"<h4><img loading=\"lazy\" class=\"size-full wp-image-13509 aligncenter\" src=\"http:\/\/emlaktuel.com\/wp-content\/uploads\/2017\/04\/gyoder.jpg\" alt=\"gyoder\" width=\"2300\" height=\"1100\" \/><\/h4>\n<h4><span class=\"m_-6591099978525505965Heading1Char1\"><strong>GYODER, \u2018Expo Turkey by Qatar\u2019da; h\u0131zla geli\u015fen T\u00fcrkiye gayrimenkul sekt\u00f6r\u00fcndeki yenilikleri ve yat\u0131r\u0131m f\u0131rsatlar\u0131n\u0131 tan\u0131tt\u0131<\/strong>. <\/span><strong>T\u00fcrkiye\u2019nin gayrimenkul yat\u0131r\u0131m\u0131 i\u00e7ir cazip bir \u00fclke oldu\u011funu belirten GYODER Ba\u015fkan\u0131 Aziz Torun, \u201cT\u00fcrkiye\u2019nin sundu\u011fu g\u00fczellikleri ve gelecek vadeden gayrimenkul sekt\u00f6r\u00fcn\u00fc aktard\u0131\u011f\u0131m\u0131z Katarl\u0131 yat\u0131r\u0131mc\u0131lardan \u00e7ok olumlu tepkiler ald\u0131k. Bu fuarda yapt\u0131\u011f\u0131m\u0131z g\u00f6r\u00fc\u015fmelerin, T\u00fcrkiye gayrimenkul sekt\u00f6r\u00fc ve Katarl\u0131 yat\u0131r\u0131mc\u0131lar aras\u0131nda verimli i\u015fbirlikleri i\u00e7in \u00f6nemli bir ba\u015flang\u0131\u00e7 oldu\u011funa inan\u0131yorum\u201d dedi.<br \/>\n<\/strong><\/h4>\n<h4><span class=\"m_-6591099978525505965heading1char1\">Katar\u2019\u0131n ba\u015fkenti Doha\u2019da 1<\/span><strong>9-21 Nisan 2017 <\/strong>tarihlerinde, T\u00fcrkiye\u2019den \u00e7ok say\u0131da gayrimenkul firmas\u0131n\u0131n kat\u0131l\u0131m\u0131yla ger\u00e7ekle\u015fen \u2018<span class=\"m_-6591099978525505965heading1char1\">Expo Turkey by Qatar\u2019<\/span>da yerini alan <strong>GYODER<\/strong>, T\u00fcrkiye gayrimenkul sekt\u00f6r\u00fcndeki son geli\u015fmeleri ve yat\u0131r\u0131m f\u0131rsatlar\u0131n\u0131, yat\u0131r\u0131mc\u0131larla payla\u015ft\u0131. <strong>GYODER Ba\u015fkan\u0131 Aziz Torun ve Ba\u015fkan Yard\u0131mc\u0131s\u0131<\/strong> <strong>F\u00fcsun Y\u0131lmaz Phillipson<\/strong>\u2019\u0131n da bulundu\u011fu <strong>GYODER<\/strong> stand\u0131nda, Katarl\u0131 sekt\u00f6r temsilcileri, bireysel ve kurumsal yat\u0131r\u0131mc\u0131larla, yak\u0131n vadede \u00f6nemli ad\u0131mlar\u0131n at\u0131laca\u011f\u0131 \u00f6zel g\u00f6r\u00fc\u015fmeler yap\u0131ld\u0131.<\/h4>\n<h4><strong>\u00dclkemize daha fazla yat\u0131r\u0131mc\u0131 \u00e7ekecek potansiyele sahibiz<\/strong><br \/>\nT\u00fcrkiye\u2019nin, 19 milyar dolar yat\u0131r\u0131m de\u011feriyle Katar&#8217;\u0131n d\u0131\u015f yat\u0131r\u0131mlar\u0131nda d\u00f6rd\u00fcnc\u00fc s\u0131rada yer ald\u0131\u011f\u0131n\u0131 belirten <strong>GYODER Ba\u015fkan\u0131 Aziz Torun<\/strong>, \u201cT\u00fcrkiye-Katar ekonomik ili\u015fkilerinin geli\u015fmesi, gerek b\u00f6lgede faaliyet g\u00f6steren T\u00fcrk firmalar\u0131, gerek T\u00fcrkiye\u2019de yat\u0131r\u0131m yapmak isteyen Katarl\u0131 yat\u0131r\u0131mc\u0131lar i\u00e7in \u00e7ok \u00f6nemli. T\u00fcrk \u015firketlerin Katar\u2019daki etkinli\u011fi her ge\u00e7en g\u00fcn artarken, Katarl\u0131 yat\u0131r\u0131mc\u0131lar da T\u00fcrkiye\u2019deki gayrimenkul yat\u0131r\u0131m\u0131 se\u00e7enekleri ile tan\u0131\u015f\u0131yor. Gayrimenkul sekt\u00f6r\u00fc olarak, Katar ile ili\u015fkilerimizi geli\u015ftirerek, \u00fclkemize \u00e7ok daha fazla yabanc\u0131 yat\u0131r\u0131mc\u0131 \u00e7ekecek potansiyele sahibiz\u201d diye konu\u015ftu.<\/h4>\n<h4><strong>T\u00fcrkiye\u2019de gayrimenkul yat\u0131r\u0131m\u0131 \u00e7ok cazip <\/strong><br \/>\nBulundu\u011fu co\u011frafya itibar\u0131yla T\u00fcrkiye\u2019nin, \u00e7evresindeki bir\u00e7ok \u00fclkeden daha g\u00fcvenilir, daha istikrarl\u0131 bir \u00fclke oldu\u011funun alt\u0131n\u0131 \u00e7izen <strong>Aziz Torun<\/strong>,T\u00fcrkiye\u2019deki gayrimenkul yat\u0131r\u0131mlar\u0131 da, Avrupa\u2019daki yat\u0131r\u0131mlara g\u00f6re \u00e7ok daha fazla kazand\u0131rmaktad\u0131r. Bug\u00fcn ekonomisi g\u00fc\u00e7l\u00fc, istikrarl\u0131, g\u00fcvenli, geli\u015fmi\u015f altyap\u0131 yat\u0131r\u0131mlar\u0131 ile modern bir T\u00fcrkiye alg\u0131s\u0131 ve farkl\u0131la\u015fm\u0131\u015f marka \u015fehirlerimizle, yabanc\u0131 yat\u0131r\u0131mc\u0131lara cazip se\u00e7enekler sunuyoruz. Bu \u00f6zelliklerimizi, yat\u0131r\u0131mc\u0131 olarak T\u00fcrkiye\u2019ye \u00e7ekmek istedi\u011fimiz hedef kitleye anlatmaya devam ediyoruz. Yabanc\u0131 yat\u0131r\u0131mc\u0131lar\u0131n karar\u0131nda, sadece konut niteli\u011fi ve niceli\u011fi de\u011fil ayn\u0131 zamanda m\u00fclk edindikleri \u015fehri \u2018bir ya\u015fam alan\u0131\u2019 olarak g\u00f6rmeleri de \u00e7ok etkili oluyor. Bunun en tipik \u00f6rne\u011fini \u0130stanbul\u2019da g\u00f6r\u00fcyoruz. \u00c7\u00fcnk\u00fc \u0130stanbul, marka \u015fehir olarak d\u00fcnyan\u0131n d\u00f6rt bir yan\u0131ndan yat\u0131r\u0131mc\u0131lar\u0131n ilgisini \u00e7ekiyor\u201d dedi.<\/h4>\n<h4><strong>Yabanc\u0131 yat\u0131r\u0131mc\u0131lar\u0131n beklentileri dikkate al\u0131nmal\u0131<\/strong><br \/>\nT\u00fcrkiye\u2019ye ilgi duyan yat\u0131r\u0131mc\u0131lara hitap eden projeler geli\u015ftirmek gerekti\u011fini savunan <strong>Aziz Torun, <\/strong>\u015f\u00f6yle konu\u015ftu: \u201cYabanc\u0131 yat\u0131r\u0131mc\u0131lar\u0131n T\u00fcrk gayrimenkul \u00fcr\u00fcnlerine ilgisi ve talebi, 2012&#8217;de M\u00fctekabiliyet Yasas\u0131 ile ba\u015flad\u0131. Ge\u00e7en s\u00fcre i\u00e7inde yabanc\u0131 yat\u0131r\u0131mc\u0131lar\u0131n nas\u0131l konut istediklerini \u00f6\u011frendik. Bundan sonra istenen tipte ve boyutta konut yapmaya a\u011f\u0131rl\u0131k verebiliriz. \u00d6rne\u011fin Katarl\u0131lar daha b\u00fcy\u00fck daireyi tercih ediyor. Yabanc\u0131 yat\u0131r\u0131mc\u0131n\u0131n talep ve beklentilerini do\u011fru okuyarak, bu beklentilere uygun farkl\u0131 projeler \u00fcretmenin yan\u0131 s\u0131ra, \u00fcr\u00fcn \u00e7e\u015fitlili\u011fini de art\u0131rmal\u0131y\u0131z. \u0130stanbul ile s\u0131n\u0131rl\u0131 olmayan talepleri de g\u00f6z \u00f6n\u00fcnde bulundurarak, Akdeniz, Ege gibi b\u00f6lgelerimizde de yabanc\u0131lara y\u00f6nelik projeler geli\u015ftirmemizin, sekt\u00f6r\u00fcm\u00fcz\u00fc yukar\u0131 ta\u015f\u0131yacak ve yat\u0131r\u0131mc\u0131 \u00e7ekecek ad\u0131mlar oldu\u011funa inan\u0131yorum.\u201d<\/h4>\n<h4><strong>Gayrimenkul\u00fc bir ihracat kalemi olarak g\u00f6rmeliyiz<\/strong><br \/>\nYabanc\u0131 yat\u0131r\u0131mc\u0131ya y\u00f6nelik \u20181 milyon dolarl\u0131k konut alana vatanda\u015fl\u0131k hakk\u0131 tan\u0131nmas\u0131\u2019, \u2018KDV muafiyeti sa\u011flanmas\u0131\u2019 gibi d\u00fczenlemelerin sekt\u00f6r\u00fcn elini g\u00fc\u00e7lendirdi\u011fini belirten <strong>Aziz Torun<\/strong>, \u201cYabanc\u0131 yat\u0131r\u0131mc\u0131lara yap\u0131lacak sat\u0131\u015flar, hem gayrimenkul sekt\u00f6r\u00fc hem de \u00fclke ekonomisi i\u00e7in \u00f6nemli oldu\u011fundan, gayrimenkul\u00fc bir ihracat kalemi olarak g\u00f6rmeliyiz. GYODER olarak, bu yakla\u015f\u0131mla, \u00e7ok say\u0131da uluslararas\u0131 fuara kat\u0131l\u0131p sekt\u00f6r temsilcileri ile birlik olduk, yan yana bir duru\u015f sergiledik. T\u00fcm bu \u00e7al\u0131\u015fmalar\u0131m\u0131zla T\u00fcrkiye gayrimenkul sekt\u00f6r\u00fcn\u00fc temsil ederek, \u00fclkemizin tan\u0131t\u0131m\u0131na katk\u0131da bulunduk. Yabanc\u0131ya sat\u0131\u015f d\u00fczenlemesi yap\u0131ld\u0131\u011f\u0131nda ilk \u00e7al\u0131\u015fmam\u0131z, yabanc\u0131lar\u0131n yanl\u0131\u015f y\u00f6nlendirilmesini \u00f6nlemek oldu. \u2018<strong>How to buy property in Turkey?<\/strong>\u2019 kitab\u0131yla yabanc\u0131 bireysel yat\u0131r\u0131mc\u0131n\u0131n T\u00fcrkiye\u2019de gayrimenkul sahibi olabilmesinin yollar\u0131n\u0131 g\u00f6sterdik\u201d dedi.<\/h4>\n<h4><strong>GYODER Ba\u015fkan Yard\u0131mc\u0131s\u0131 ve Organizasyon, \u0130leti\u015fim ve \u00dcyelik Geli\u015ftirme Komitesi Ba\u015fkan\u0131 F\u00fcsun Y\u0131lmaz Phillipson<\/strong>, uluslararas\u0131 fuarlarda T\u00fcrkiye\u2019nin g\u00fcc\u00fcn\u00fc \u00f6ne \u00e7\u0131karmak i\u00e7in t\u00fcm firmalar\u0131n i\u015fbirli\u011fi i\u00e7inde hareket etmesi gerekti\u011fini belirtti. <strong>F\u00fcsun Y\u0131lmaz Phillipson<\/strong>, \u015f\u00f6yle devam etti: \u201cUluslararas\u0131 fuarlar sadece gayrimenkul sekt\u00f6r\u00fcn\u00fcn de\u011fil, T\u00fcrkiye\u2019nin temsili a\u00e7\u0131s\u0131ndan da bizim i\u00e7in \u00e7ok b\u00fcy\u00fck \u00f6nem ta\u015f\u0131yor. GYODER olarak bu temsilin s\u00fcrekli ve daha verimli olmas\u0131 ad\u0131na uluslararas\u0131 fuarlarda her sene daha g\u00fc\u00e7l\u00fc konumlan\u0131yoruz. Yurtd\u0131\u015f\u0131nda gerek bireysel gerek kurumsal yat\u0131r\u0131mc\u0131ya y\u00f6nelik haz\u0131rlad\u0131\u011f\u0131m\u0131z yay\u0131nlar\u0131m\u0131zla gayrimenkul sekt\u00f6r\u00fcn\u00fc anlat\u0131yoruz. \u2018How to Buy Property in Turkey?\u2019 bireysel yat\u0131r\u0131mc\u0131ya \u2018Invest in Turkey\u2019 ise kurumsal yat\u0131r\u0131mc\u0131ya y\u00f6nelik haz\u0131rlad\u0131\u011f\u0131m\u0131z yay\u0131nlar. Sekt\u00f6rde ba\u015flatt\u0131\u011f\u0131m\u0131z \u2018G\u00fc\u00e7 Birli\u011fi\u2019 ile de t\u00fcm sekt\u00f6r\u00fc yurti\u00e7inde oldu\u011fu gibi uluslararas\u0131 organizasyonlarda da bir araya getiriyoruz. Bu fuarda ilk defa GYODER olarak ortak bir alan olu\u015fturdu\u011fumuz GYODER Presentation Hub\u2019da hem \u00fcye firmalar\u0131m\u0131z projelerini kat\u0131l\u0131mc\u0131lara daha detayl\u0131 anlatabilecek, hem de T\u00fcrkiye gayrimenkul sekt\u00f6r\u00fcn\u00fcn hukuki, vergisel boyutlar\u0131n\u0131 anlataca\u011f\u0131z. Katar ve T\u00fcrkiye aras\u0131ndaki g\u00fc\u00e7l\u00fc i\u015fbirli\u011fini daha da g\u00fc\u00e7lendirmek ve kar\u015f\u0131l\u0131kl\u0131 fayday\u0131 artt\u0131rmak i\u00e7in buraday\u0131z.Expo Turkey by Qatar gayrimenkul sekt\u00f6r\u00fc ile tan\u0131ml\u0131 olmad\u0131\u011f\u0131ndan daha zengin bir bulu\u015fma platformu yaratt\u0131. Fuarda farkl\u0131 ba\u015fl\u0131klarda i\u015f g\u00f6r\u00fc\u015fmeleri yaparak duru\u015fumuzu ve ili\u015fkilerimizi daha da g\u00fc\u00e7lendirdik . T\u00fcrkiye gayrimenkul sekt\u00f6r\u00fcn\u00fcn, kurumsal ve bireysel yabanc\u0131 yat\u0131r\u0131mc\u0131dan hakketti\u011fi ilgiyi hen\u00fcz alamad\u0131\u011f\u0131na inan\u0131yorum. Bundan sonra, yabanc\u0131 yat\u0131r\u0131mc\u0131ya y\u00f6nelik yap\u0131lan yeni d\u00fczenlemelerin olumlu deste\u011fi ile, yabanc\u0131 yat\u0131r\u0131mc\u0131n\u0131n beklentisine cevap verecek, d\u00fcnya standartlar\u0131 ile \u00f6rt\u00fc\u015fen, proje ve yat\u0131r\u0131m modellerini geli\u015ftirerek bu \u00e7al\u0131\u015fmalar\u0131m\u0131z\u0131 daha s\u00fcrekli ve yak\u0131n ili\u015fkilerle y\u00f6neterek y\u00fcr\u00fcmeliyiz. GYODER olarak sekt\u00f6r\u00fc uluslararas\u0131 platformlarda \u2018T\u00fcrkiye g\u00fcc\u00fc ve g\u00fc\u00e7 birli\u011fi\u2019 stratejisi ile desteklemeye devam edece\u011fiz. Bundan sonraki dura\u011f\u0131m\u0131z ise t\u00fcm bunlar\u0131 s\u00fcrd\u00fcr\u00fclebilir k\u0131lmak \u00fczere Cidde olacakt\u0131r.\u201d<\/h4>\n<h4><strong>\u2018GYODER Presentation Hub\u2019da proje detaylar\u0131 ve f\u0131rsatlar anlat\u0131l\u0131yor<\/strong><\/h4>\n<h4>GYODER \u00fcyesi gayrimenkul firmalar\u0131ndan ARTA\u015e AVRUPA KONUTLARI, ASTA\u015e, EMLAK KONUT GYO, KUZU GRUP, RE-PIE, S\u0130NPA\u015e GYO, SUR YAPI, TEKN\u0130K YAPI, TORUNLAR GYO ve FYP\u2019nin de stant alarak kat\u0131ld\u0131\u011f\u0131 \u2018<span class=\"m_-6591099978525505965heading1char\">Expo Turkey by Qatar\u2019da \u00e7e\u015fitli etkinlikler de ger\u00e7ekle\u015fti. <\/span>Fuar alan\u0131nda yer alan \u2018<strong>GYODER Presentation Hub<\/strong>\u2019da, 20\u2019\u015fer dakikal\u0131k interaktif sunumlar ile gayrimenkul firmalar\u0131; hayata ge\u00e7irdikleri projelerle ilgili detaylar\u0131 ve T\u00fcrkiye gayrimenkul sekt\u00f6r\u00fcndeki f\u0131rsatlar\u0131, Katarl\u0131 yat\u0131r\u0131mc\u0131larla payla\u015f\u0131ld\u0131.<\/h4>\n<h4>Fuar\u0131n ilk g\u00fcn\u00fc METAL YAPI, SUR YAPI, TEKFEN GAYR\u0130MENKUL, projelerini kat\u0131l\u0131mc\u0131lara anlatt\u0131, Moral Hukuk B\u00fcrosu da yabanc\u0131 yat\u0131r\u0131mc\u0131lar i\u00e7in T\u00fcrkiye\u2019de yat\u0131r\u0131m yapman\u0131n hukuksal boyutu ile ilgili bilgi payla\u015ft\u0131. Fuar\u0131n ikinci g\u00fcn\u00fc SOYLU YAPI ve TEKN\u0130K YAPI\u2019n\u0131n ye\u015fil yap\u0131lar ve \u0130stanbul\u2019da yat\u0131r\u0131m f\u0131rsatlar\u0131na de\u011finecekleri sunumlar\u0131n yan\u0131 s\u0131ra, Katar Sertifika Standartlar\u0131 ile ilgili bir workshop d\u00fczenlenecek. \u00dc\u00e7\u00fcnc\u00fc g\u00fcn ise TORUNLAR GYO, FYP,Dome Mimarl\u0131k ve CBRE\u2019nin kat\u0131laca\u011f\u0131 Pesentation Hub\u2019ta, genel g\u00f6r\u00fcn\u00fcm, arz ve talep analizi, gayrimenkul\u00fcn de\u011feri ve projelere yat\u0131r\u0131m\u0131n cazip y\u00f6nleri, kat\u0131l\u0131mc\u0131larla payla\u015f\u0131lacak.<\/h4>\n<h4><strong>GYODER\u2019den, yabanc\u0131 yat\u0131r\u0131mc\u0131lar\u0131 do\u011fru y\u00f6nlendiren kaynak<\/strong><br \/>\nT\u00fcrkiye gayrimenkul sekt\u00f6r\u00fcn\u00fcn \u00e7at\u0131 \u00f6rg\u00fct\u00fc olarak, T\u00fcrkiye\u2019de sekt\u00f6rle ilgili geli\u015fmeler ve yenilikler hakk\u0131nda bilgi aktaran <strong>GYODER<\/strong>; yabanc\u0131 yat\u0131r\u0131mc\u0131lara yol g\u00f6stermek amac\u0131yla haz\u0131rlanan,<strong> \u2018How to buy property in Turkey\u2019<\/strong> kitab\u0131n\u0131 da kat\u0131l\u0131mc\u0131larla payla\u015ft\u0131. GYODER\u2019in, \u2018T\u00fcrkiye&#8217;den gayrimenkul edinmenin hukuki yollar\u0131\u2019 gibi detayl\u0131 bilgilerin de yer ald\u0131\u011f\u0131 bu \u00f6zel \u00e7al\u0131\u015fmas\u0131, \u00fclkemizde gayrimenkul yat\u0131r\u0131m\u0131 yapmak isteyenlere y\u00f6nelik en g\u00fcncel ve \u00f6nemli bir kaynak niteli\u011fi ta\u015f\u0131yor<\/h4>\n","protected":false},"excerpt":{"rendered":"<p>GYODER, \u2018Expo Turkey by Qatar\u2019da; h\u0131zla geli\u015fen T\u00fcrkiye gayrimenkul sekt\u00f6r\u00fcndeki yenilikleri ve yat\u0131r\u0131m f\u0131rsatlar\u0131n\u0131 tan\u0131tt\u0131. T\u00fcrkiye\u2019nin gayrimenkul yat\u0131r\u0131m\u0131 i\u00e7ir cazip bir \u00fclke oldu\u011funu belirten GYODER Ba\u015fkan\u0131 Aziz Torun, \u201cT\u00fcrkiye\u2019nin sundu\u011fu g\u00fczellikleri ve gelecek vadeden gayrimenkul sekt\u00f6r\u00fcn\u00fc aktard\u0131\u011f\u0131m\u0131z Katarl\u0131 yat\u0131r\u0131mc\u0131lardan \u00e7ok olumlu tepkiler ald\u0131k. Bu fuarda yapt\u0131\u011f\u0131m\u0131z g\u00f6r\u00fc\u015fmelerin, T\u00fcrkiye gayrimenkul sekt\u00f6r\u00fc ve Katarl\u0131 yat\u0131r\u0131mc\u0131lar aras\u0131nda verimli [&hellip;]<\/p>\n","protected":false},"author":1,"featured_media":13509,"comment_status":"open","ping_status":"open","sticky":false,"template":"","format":"standard","meta":{"ngg_post_thumbnail":0},"categories":[5217,27,97,5388],"tags":[4191,11649,11648,107,2662,1923,2241,7764,2659,316,96],"_links":{"self":[{"href":"https:\/\/emlaktuel.com\/index.php?rest_route=\/wp\/v2\/posts\/13508"}],"collection":[{"href":"https:\/\/emlaktuel.com\/index.php?rest_route=\/wp\/v2\/posts"}],"about":[{"href":"https:\/\/emlaktuel.com\/index.php?rest_route=\/wp\/v2\/types\/post"}],"author":[{"embeddable":true,"href":"https:\/\/emlaktuel.com\/index.php?rest_route=\/wp\/v2\/users\/1"}],"replies":[{"embeddable":true,"href":"https:\/\/emlaktuel.com\/index.php?rest_route=%2Fwp%2Fv2%2Fcomments&post=13508"}],"version-history":[{"count":3,"href":"https:\/\/emlaktuel.com\/index.php?rest_route=\/wp\/v2\/posts\/13508\/revisions"}],"predecessor-version":[{"id":13512,"href":"https:\/\/emlaktuel.com\/index.php?rest_route=\/wp\/v2\/posts\/13508\/revisions\/13512"}],"wp:featuredmedia":[{"embeddable":true,"href":"https:\/\/emlaktuel.com\/index.php?rest_route=\/wp\/v2\/media\/13509"}],"wp:attachment":[{"href":"https:\/\/emlaktuel.com\/index.php?rest_route=%2Fwp%2Fv2%2Fmedia&parent=13508"}],"wp:term":[{"taxonomy":"category","embeddable":true,"href":"https:\/\/emlaktuel.com\/index.php?rest_route=%2Fwp%2Fv2%2Fcategories&post=13508"},{"taxonomy":"post_tag","embeddable":true,"href":"https:\/\/emlaktuel.com\/index.php?rest_route=%2Fwp%2Fv2%2Ftags&post=13508"}],"curies":[{"name":"wp","href":"https:\/\/api.w.org\/{rel}","templated":true}]}}