{"id":13475,"date":"2017-04-19T11:09:46","date_gmt":"2017-04-19T08:09:46","guid":{"rendered":"http:\/\/emlaktuel.com\/?p=13475"},"modified":"2018-07-05T16:27:06","modified_gmt":"2018-07-05T13:27:06","slug":"uluslararasi-gurultu-farkindalik-gununde-gurultunun-hayatimiza-etkileri-masaya-yatirilacak","status":"publish","type":"post","link":"https:\/\/emlaktuel.com\/?p=13475","title":{"rendered":"\u2018Uluslararas\u0131 G\u00fcr\u00fclt\u00fc Fark\u0131ndal\u0131k G\u00fcn\u00fc\u2019nde g\u00fcr\u00fclt\u00fcn\u00fcn hayat\u0131m\u0131za etkileri masaya yat\u0131r\u0131lacak"},"content":{"rendered":"<p><img loading=\"lazy\" class=\"alignleft size-full wp-image-13476\" src=\"http:\/\/emlaktuel.com\/wp-content\/uploads\/2017\/04\/1492587903_G__r__lt___Fark__ndal__k_G__n___Paneli.jpg\" alt=\"1492587903_G__r__lt___Fark__ndal__k_G__n___Paneli\" width=\"288\" height=\"374\" \/><strong><br \/>\n<\/strong><strong>\u2018Uluslararas\u0131 G\u00fcr\u00fclt\u00fc Fark\u0131ndal\u0131k G\u00fcn\u00fc\u2019 kapsam\u0131nda, TAKDER ve \u0130ZODER i\u015fbirli\u011fi ile \u0130stanbul\u2019da bir dizi etkinlik d\u00fczenlenecek. \u0130T\u00dc Ta\u015fk\u0131\u015fla\u2019da t\u00fcm g\u00fcn s\u00fcrecek panelin farkl\u0131 oturumlar\u0131nda, alan\u0131nda uzman isimlerin kat\u0131l\u0131m\u0131yla g\u00fcr\u00fclt\u00fcn\u00fcn hayat\u0131m\u0131za etkileri tart\u0131\u015f\u0131lacak.<\/strong><\/p>\n<p><strong><br \/>\n<\/strong>D\u00fcnya \u00e7ap\u0131nda, insanlar\u0131n sa\u011fl\u0131k ve refah\u0131 i\u00e7in g\u00fcr\u00fclt\u00fc fark\u0131ndal\u0131\u011f\u0131n\u0131 artt\u0131rmak amac\u0131yla, ilk kez 1996 y\u0131l\u0131nda ba\u015flat\u0131lan ve her y\u0131l <strong>Nisan<\/strong> <strong>ay\u0131nda bir \u00c7ar\u015famba<\/strong> g\u00fcn\u00fc ger\u00e7ekle\u015ftirilen \u2018<strong>Uluslararas\u0131 G\u00fcr\u00fclt\u00fc Fark\u0131ndal\u0131k G\u00fcn\u00fc\u2019 <\/strong>kapsam\u0131nda; <strong>T\u00fcrk Akustik Derne\u011fi \u2013 <\/strong><strong>TAKDER <\/strong>ve<strong> Is\u0131 Su Ses ve Yang\u0131n Yal\u0131t\u0131mc\u0131lar\u0131 Derne\u011fi<\/strong><strong> \u2013 <\/strong><strong>\u0130ZODER <\/strong>i\u015fbirli\u011fi ile <strong>\u201cG\u00fcr\u00fclt\u00fcn\u00fcn Hayat\u0131m\u0131za Yans\u0131malar\u0131\u201d<\/strong> ba\u015fl\u0131\u011f\u0131 alt\u0131nda bir panel ger\u00e7ekle\u015ftirilecek.<br \/>\n<strong>26 Nisan \u00c7ar\u015famba <\/strong>g\u00fcn\u00fc \u0130T\u00dc Ta\u015fk\u0131\u015fla\u2019da d\u00fczenlenecek etkinlik, \u00c7evre ve \u015eehircilik Bakanl\u0131\u011f\u0131 M\u00fcste\u015far\u0131 Prof. Dr. Mustafa \u00d6zt\u00fcrk, TAKDER Y\u00f6netim Kurulu Ba\u015fkan\u0131 <strong>Prof.Dr. Sevtap Y\u0131lmaz<\/strong>, \u0130ZODER Y\u00f6netim Kurulu Ba\u015fkan\u0131 <strong>Levent Pelesen<\/strong> taraf\u0131ndan yap\u0131lacak konu\u015fmalarla ba\u015flayacak, panelde yer alan d\u00f6rt oturumda g\u00fcr\u00fclt\u00fc sorunu farkl\u0131 a\u00e7\u0131lardan masaya yat\u0131r\u0131lacak.<\/p>\n<p><strong>\u201cG\u00fcr\u00fclt\u00fc ve \u0130nsan\u201d <\/strong>ba\u015fl\u0131kl\u0131 oturumda, <strong>Prof. Dr. Ahmet Ata\u015f<\/strong> (\u0130stanbul \u00dcniversitesi Odyoloji B\u00f6l\u00fcm\u00fc Ba\u015fkan\u0131), <strong>Prof. Dr. M\u00fcjgan \u015eerefhano\u011flu S\u00f6zen<\/strong> (Y\u0131ld\u0131z Teknik \u00dcniversitesi Emekli \u00d6\u011fretim \u00dcyesi) ve <strong>Dr. G\u00f6n\u00fcl Erdal<\/strong> (Psikiyatri Uzman\u0131) konu\u015fmac\u0131 olarak yer alacak.<\/p>\n<p>\u201c<strong>G\u00fcr\u00fclt\u00fcyle M\u00fccadelede \u00dclkemizde Mevcut Yasal Durum\u201d <\/strong>ba\u015fl\u0131kl\u0131 oturumda ise; <strong>Atila Erenler <\/strong>(\u00c7evre ve \u015eehircilik Bakanl\u0131\u011f\u0131 Mesleki Hizmetler Genel M\u00fcd\u00fcr Yard\u0131mc\u0131s\u0131), <strong>Fatih Erol <\/strong>(\u0130stanbul B\u00fcy\u00fck\u015fehir Belediyesi \u00c7evre Koruma M\u00fcd\u00fcr\u00fc) ve <strong>Nuray H\u00fcsmen<\/strong> (\u00c7evre ve \u015eehircilik Bakanl\u0131\u011f\u0131 \u00c7evresel G\u00fcr\u00fclt\u00fc ve Titre\u015fim Y\u00f6netimi \u015eube M\u00fcd\u00fcrl\u00fc\u011f\u00fc) gibi uzman isimler konu\u015facak.<\/p>\n<p>\u00d6\u011fleden sonraki Moderat\u00f6rl\u00fc\u011f\u00fcn\u00fc Prof. Dr. Ahmet G\u00fcney\u2019in yapaca\u011f\u0131 <strong>\u201cSes Yal\u0131t\u0131m\u0131 \u0130le Sessiz \u015eehirler Yaratmak\u201d<\/strong> ba\u015fl\u0131kl\u0131 oturumda; etkinli\u011fin de sponsorlar\u0131 olan <strong>Basf<\/strong>,<strong> Filli Boya-Capatect<\/strong>,<strong> \u0130zocam<\/strong>,<strong> Knauf<\/strong>,<strong> Knaufinsulation<\/strong>,<strong> Ravaber ve \u015ei\u015fecam<\/strong> yetkilileri k\u00fcrs\u00fcye \u00e7\u0131kacak.<\/p>\n<p>G\u00fcn\u00fcn son oturumu <strong>\u201cBinalarda G\u00fcr\u00fclt\u00fc Problemleri\u201d<\/strong>nde ise S\u0130YODER (Site ve Apartman Y\u00f6neticileri Derne\u011fi) Onursal Ba\u015fkan\u0131 <strong>Ozan \u00d6zen<\/strong> ve \u0130ZODER Ses Yal\u0131t\u0131m\u0131 Komisyonu Ba\u015fkan Yard\u0131mc\u0131s\u0131 <strong>Volkan Dikmen<\/strong> konu\u015fmac\u0131 olarak yer alacak.<\/p>\n<p><a name=\"m_1291625876795955046__GoBack\"><\/a><\/p>\n<p>Etkinlikler, \u0130ZODER Y\u00f6netim Kurulu \u00dcyesi <strong>Harun Hasy\u00fcnc\u00fc<\/strong> ve TAKDER Y\u00f6netim Kurulu Ba\u015fkan\u0131 <strong>Prof.Dr. Sevtap Y\u0131lmaz<\/strong>\u2019\u0131n konu\u015fmalar\u0131yla son bulacak.<\/p>\n","protected":false},"excerpt":{"rendered":"<p>\u2018Uluslararas\u0131 G\u00fcr\u00fclt\u00fc Fark\u0131ndal\u0131k G\u00fcn\u00fc\u2019 kapsam\u0131nda, TAKDER ve \u0130ZODER i\u015fbirli\u011fi ile \u0130stanbul\u2019da bir dizi etkinlik d\u00fczenlenecek. \u0130T\u00dc Ta\u015fk\u0131\u015fla\u2019da t\u00fcm g\u00fcn s\u00fcrecek panelin farkl\u0131 oturumlar\u0131nda, alan\u0131nda uzman isimlerin kat\u0131l\u0131m\u0131yla g\u00fcr\u00fclt\u00fcn\u00fcn hayat\u0131m\u0131za etkileri tart\u0131\u015f\u0131lacak. D\u00fcnya \u00e7ap\u0131nda, insanlar\u0131n sa\u011fl\u0131k ve refah\u0131 i\u00e7in g\u00fcr\u00fclt\u00fc fark\u0131ndal\u0131\u011f\u0131n\u0131 artt\u0131rmak amac\u0131yla, ilk kez 1996 y\u0131l\u0131nda ba\u015flat\u0131lan ve her y\u0131l Nisan ay\u0131nda bir \u00c7ar\u015famba g\u00fcn\u00fc [&hellip;]<\/p>\n","protected":false},"author":1,"featured_media":13476,"comment_status":"open","ping_status":"open","sticky":false,"template":"","format":"standard","meta":{"ngg_post_thumbnail":0},"categories":[26],"tags":[11233,4480,7730,7729,73,4437,11526,11266,7709,11467,7728],"_links":{"self":[{"href":"https:\/\/emlaktuel.com\/index.php?rest_route=\/wp\/v2\/posts\/13475"}],"collection":[{"href":"https:\/\/emlaktuel.com\/index.php?rest_route=\/wp\/v2\/posts"}],"about":[{"href":"https:\/\/emlaktuel.com\/index.php?rest_route=\/wp\/v2\/types\/post"}],"author":[{"embeddable":true,"href":"https:\/\/emlaktuel.com\/index.php?rest_route=\/wp\/v2\/users\/1"}],"replies":[{"embeddable":true,"href":"https:\/\/emlaktuel.com\/index.php?rest_route=%2Fwp%2Fv2%2Fcomments&post=13475"}],"version-history":[{"count":1,"href":"https:\/\/emlaktuel.com\/index.php?rest_route=\/wp\/v2\/posts\/13475\/revisions"}],"predecessor-version":[{"id":13477,"href":"https:\/\/emlaktuel.com\/index.php?rest_route=\/wp\/v2\/posts\/13475\/revisions\/13477"}],"wp:featuredmedia":[{"embeddable":true,"href":"https:\/\/emlaktuel.com\/index.php?rest_route=\/wp\/v2\/media\/13476"}],"wp:attachment":[{"href":"https:\/\/emlaktuel.com\/index.php?rest_route=%2Fwp%2Fv2%2Fmedia&parent=13475"}],"wp:term":[{"taxonomy":"category","embeddable":true,"href":"https:\/\/emlaktuel.com\/index.php?rest_route=%2Fwp%2Fv2%2Fcategories&post=13475"},{"taxonomy":"post_tag","embeddable":true,"href":"https:\/\/emlaktuel.com\/index.php?rest_route=%2Fwp%2Fv2%2Ftags&post=13475"}],"curies":[{"name":"wp","href":"https:\/\/api.w.org\/{rel}","templated":true}]}}