{"id":13470,"date":"2017-04-19T11:07:44","date_gmt":"2017-04-19T08:07:44","guid":{"rendered":"http:\/\/emlaktuel.com\/?p=13470"},"modified":"2018-07-05T16:27:04","modified_gmt":"2018-07-05T13:27:04","slug":"kontsel-donusum-araliksiz-devam-ediyor","status":"publish","type":"post","link":"https:\/\/emlaktuel.com\/?p=13470","title":{"rendered":"Kentsel d\u00f6n\u00fc\u015f\u00fcm aral\u0131ks\u0131z devam ediyor"},"content":{"rendered":"<h1 class=\"news-detail-title selectionShareable\"><img loading=\"lazy\" class=\"size-full wp-image-13471 aligncenter\" src=\"http:\/\/emlaktuel.com\/wp-content\/uploads\/2017\/04\/Esenlere-1300-yeni-konut.jpg\" alt=\"Esenlere 1300 yeni konut\" width=\"2300\" height=\"1100\" \/><\/h1>\n<h3 class=\"topP\">\u0130stanbul Esenler b\u00f6lgesinde kentsel d\u00f6n\u00fc\u015f\u00fcmara vermeden devam ediyor. Esenler&#8217;e TOK\u0130 i\u015fbirli\u011finde 1.300 yeni konut in\u015fa edilecek.<\/h3>\n<div>\n<h4>T\u00fcrkiye&#8217;de kentsel d\u00f6n\u00fc\u015f\u00fcm seferberli\u011finin ba\u015flat\u0131ld\u0131\u011f\u0131 Esenler&#8217;de \u00e7al\u0131\u015fmalar tam gaz s\u00fcr\u00fcyor. Esenler Belediyesi&#8217;nin TOK\u0130 ile birlikte \u00c7iftehavuzlar Mahallesi&#8217;nde y\u00fcr\u00fctt\u00fc\u011f\u00fc kentsel d\u00f6n\u00fc\u015f\u00fcm \u00e7al\u0131\u015fmalar\u0131nda haz\u0131rl\u0131klar son safhaya geldi. Esenler Belediyesi Kentsel D\u00f6n\u00fc\u015f\u00fcm M\u00fcd\u00fcrl\u00fc\u011f\u00fc&#8217;nce haz\u0131rlanan mahalledeki hak sahiplerinin m\u00fclkiyet analizleri vatanda\u015flarca kontrol edildi ve ask\u0131dan indi. 85 bin metrekareyi kapsayan alanla ilgili olarak imar planlar\u0131 ve kentsel tasar\u0131m projesi haz\u0131rland\u0131. TOK\u0130 taraf\u0131ndan \u00c7evre ve \u015eehircilik Bakanl\u0131\u011f\u0131&#8217;na sunulacak plan ve projenin onaylanmas\u0131n\u0131n ard\u0131ndan imar uygulamas\u0131na ba\u015flanacak. \u015eu anda 854 ba\u011f\u0131ms\u0131z b\u00f6l\u00fcm\u00fcn bulundu\u011fu alanda, yeni projeyle birlikte yakla\u015f\u0131k bin 300 ba\u011f\u0131ms\u0131z b\u00f6l\u00fcm\u00fcn \u00fcretilmesi hedefleniyor.<\/h4>\n<h3>25 bin konut yenilendi<\/h3>\n<h4>Esenler&#8217;de \u015fimdiye kadar devlet eliyle, toplam 106 bin 744 metrekareyi kapsayan 3 ayr\u0131 projede 2 bin 972 konut hak sahiplerine teslim edildi. \u0130l\u00e7enin de\u011fi\u015fik noktalar\u0131nda 511 bin 253 metrekarelik 8 ayr\u0131 projede y\u00fcr\u00fct\u00fclen d\u00f6n\u00fc\u015f\u00fcm \u00e7al\u0131\u015fmalar\u0131nda ise yakla\u015f\u0131k 11 bin konutun \u00fcretilmesi hedefleniyor. Son 5 y\u0131lda \u00f6zel sekt\u00f6r eliyle de il\u00e7ede 21 bin 869 konut yenilendi.<\/h4>\n<h3>Depremin zaman\u0131 belli de\u011fil<\/h3>\n<h4>Hi\u00e7bir vatanda\u015f\u0131n ma\u011fdur olmamas\u0131 i\u00e7in \u00e7ok titiz bir \u00e7al\u0131\u015fma y\u00fcr\u00fctt\u00fcklerini s\u00f6yleyen Esenler Belediye Ba\u015fkan\u0131 M. Tevfik G\u00f6ksu, &#8220;Vatanda\u015flarla mutabakat sa\u011flad\u0131ktan sonra tapu devirlerine ba\u015flayaca\u011f\u0131z. Tapular\u0131n devrinden sonra ta\u015f\u0131nma ve kira \u00f6demelerini yap\u0131p bu mahallemizde de kentsel d\u00f6n\u00fc\u015f\u00fcm i\u00e7in kazmay\u0131 vuraca\u011f\u0131z&#8221; dedi. \u00c7iftehavuzlar Mahallesi i\u00e7in T\u00fcrkiye&#8217;ye \u00f6rnek olacak bir proje haz\u0131rlad\u0131klar\u0131n\u0131 s\u00f6yleyen G\u00f6ksu, &#8220;\u00dcmit ediyorum bu proje bir\u00e7ok kentsel d\u00f6n\u00fc\u015f\u00fcm \u00e7al\u0131\u015fmas\u0131na da \u00f6rneklik te\u015fkil edecek. Gerekli \u00e7al\u0131\u015fmalar\u0131 tamamlay\u0131p bir an \u00f6nce in\u015faatlara ba\u015flamak ve vatanda\u015flar\u0131m\u0131z\u0131 g\u00fcvenli konutlara ta\u015f\u0131mak istiyoruz. \u00c7\u00fcnk\u00fc depremin ne zaman olaca\u011f\u0131 belli de\u011fil&#8221; diye konu\u015ftu.<\/h4>\n<h3>2023&#8217;e kadar il\u00e7e d\u00f6n\u00fc\u015fecek<\/h3>\n<h4>Esenler&#8217;de yakla\u015f\u0131k 100 bin konutun risk ta\u015f\u0131d\u0131\u011f\u0131n\u0131 ve acilen d\u00f6n\u00fc\u015ft\u00fcr\u00fclmesi gerekti\u011fini s\u00f6yleyen Tevfik G\u00f6ksu, &#8220;Devlet ve millet eliyle bunlar\u0131n 25 binini d\u00f6n\u00fc\u015ft\u00fcrd\u00fck. Geri kalan 75 binini d\u00f6n\u00fc\u015ft\u00fcrmek i\u00e7in de projelerimiz, \u00e7al\u0131\u015fmalar\u0131m\u0131z var. \u0130n\u015fallah 2023 y\u0131l\u0131na kadar Esenler&#8217;deki t\u00fcm konutlar\u0131 yenilemi\u015f olaca\u011f\u0131z&#8221; dedi.<\/h4>\n<h3>Sabah<\/h3>\n<\/div>\n","protected":false},"excerpt":{"rendered":"<p>\u0130stanbul Esenler b\u00f6lgesinde kentsel d\u00f6n\u00fc\u015f\u00fcmara vermeden devam ediyor. Esenler&#8217;e TOK\u0130 i\u015fbirli\u011finde 1.300 yeni konut in\u015fa edilecek. T\u00fcrkiye&#8217;de kentsel d\u00f6n\u00fc\u015f\u00fcm seferberli\u011finin ba\u015flat\u0131ld\u0131\u011f\u0131 Esenler&#8217;de \u00e7al\u0131\u015fmalar tam gaz s\u00fcr\u00fcyor. Esenler Belediyesi&#8217;nin TOK\u0130 ile birlikte \u00c7iftehavuzlar Mahallesi&#8217;nde y\u00fcr\u00fctt\u00fc\u011f\u00fc kentsel d\u00f6n\u00fc\u015f\u00fcm \u00e7al\u0131\u015fmalar\u0131nda haz\u0131rl\u0131klar son safhaya geldi. Esenler Belediyesi Kentsel D\u00f6n\u00fc\u015f\u00fcm M\u00fcd\u00fcrl\u00fc\u011f\u00fc&#8217;nce haz\u0131rlanan mahalledeki hak sahiplerinin m\u00fclkiyet analizleri vatanda\u015flarca kontrol edildi [&hellip;]<\/p>\n","protected":false},"author":1,"featured_media":13471,"comment_status":"open","ping_status":"open","sticky":false,"template":"","format":"standard","meta":{"ngg_post_thumbnail":0},"categories":[221,26,5217,27,97,5388],"tags":[151,11431,4480,536,7726,7723,7725,7724,7727,11217,88,11399,80,106,2891,11408],"_links":{"self":[{"href":"https:\/\/emlaktuel.com\/index.php?rest_route=\/wp\/v2\/posts\/13470"}],"collection":[{"href":"https:\/\/emlaktuel.com\/index.php?rest_route=\/wp\/v2\/posts"}],"about":[{"href":"https:\/\/emlaktuel.com\/index.php?rest_route=\/wp\/v2\/types\/post"}],"author":[{"embeddable":true,"href":"https:\/\/emlaktuel.com\/index.php?rest_route=\/wp\/v2\/users\/1"}],"replies":[{"embeddable":true,"href":"https:\/\/emlaktuel.com\/index.php?rest_route=%2Fwp%2Fv2%2Fcomments&post=13470"}],"version-history":[{"count":2,"href":"https:\/\/emlaktuel.com\/index.php?rest_route=\/wp\/v2\/posts\/13470\/revisions"}],"predecessor-version":[{"id":13474,"href":"https:\/\/emlaktuel.com\/index.php?rest_route=\/wp\/v2\/posts\/13470\/revisions\/13474"}],"wp:featuredmedia":[{"embeddable":true,"href":"https:\/\/emlaktuel.com\/index.php?rest_route=\/wp\/v2\/media\/13471"}],"wp:attachment":[{"href":"https:\/\/emlaktuel.com\/index.php?rest_route=%2Fwp%2Fv2%2Fmedia&parent=13470"}],"wp:term":[{"taxonomy":"category","embeddable":true,"href":"https:\/\/emlaktuel.com\/index.php?rest_route=%2Fwp%2Fv2%2Fcategories&post=13470"},{"taxonomy":"post_tag","embeddable":true,"href":"https:\/\/emlaktuel.com\/index.php?rest_route=%2Fwp%2Fv2%2Ftags&post=13470"}],"curies":[{"name":"wp","href":"https:\/\/api.w.org\/{rel}","templated":true}]}}