{"id":13403,"date":"2017-04-16T14:12:23","date_gmt":"2017-04-16T11:12:23","guid":{"rendered":"http:\/\/emlaktuel.com\/?p=13403"},"modified":"2018-07-05T16:26:23","modified_gmt":"2018-07-05T13:26:23","slug":"gorme-engelliler-ilk-kez-kendi-baslarina-oy-kullanabildi","status":"publish","type":"post","link":"https:\/\/emlaktuel.com\/?p=13403","title":{"rendered":"G\u00f6rme engelliler ilk kez kendi ba\u015flar\u0131na oy kullanabildi"},"content":{"rendered":"<div class=\"col-sm-12 text-center view20\">\n<h4 class=\"newsImage\"><img loading=\"lazy\" class=\"size-full wp-image-13404 aligncenter\" src=\"http:\/\/emlaktuel.com\/wp-content\/uploads\/2017\/04\/752x395-gorme-engelliler-ilk-kez-kendi-baslarina-oy-kullandi-1492340522024.jpg\" alt=\"752x395-gorme-engelliler-ilk-kez-kendi-baslarina-oy-kullandi-1492340522024\" width=\"752\" height=\"395\" \/><\/h4>\n<h4 class=\"newsImage\">G\u00f6rme engelliler, haz\u0131rlanan oy \u015fablonu ile ilk kez kendi ba\u015flar\u0131na oy kulland\u0131.<\/h4>\n<\/div>\n<div class=\"col-sm-12 view20\">\n<div class=\"newsDetailText\">\n<div class=\"newsBox selectionShareable\">\n<h4>Y\u00fcksek Se\u00e7im Kurulunun(YSK) g\u00f6rme engelli vatanda\u015flar i\u00e7in bu y\u0131l T\u00fcrkiye tarihinde ilk defa y\u00fcr\u00fcrl\u00fc\u011fe koydu\u011fu oy \u015fablonu ile g\u00f6rme engelli vatanda\u015flar ilk kez kendi ba\u015flar\u0131na gelerek oylar\u0131n\u0131 kullanabildi.<\/h4>\n<h4>Oy kullanmak isteyen \u00f6z\u00fcrl\u00fc vatanda\u015flar\u0131m\u0131z Belediyelerinin sundu\u011fu hizmetle evlerinden al\u0131n\u0131p oy kullanaca\u011f\u0131 yerlere g\u00f6t\u00fcr\u00fcl\u00fcp oylar\u0131n\u0131 kulland\u0131ktan sonra tekrar evlerine b\u0131rak\u0131ld\u0131. YSK&#8217;n\u0131n y\u00fcr\u00fcrl\u00fc\u011fe koydu\u011fu oy \u015fablonu sayesinde 28 ya\u015f\u0131ndaki g\u00f6rme engelli Murat Ta\u015fk\u0131n, ilk defa kendi ba\u015f\u0131na oy kulland\u0131. G\u00f6rme engelli gen\u00e7, Ey\u00fcp Belediyesi taraf\u0131ndan \u00f6zel olarak ara\u00e7la evinden al\u0131narak oy kullanaca\u011f\u0131 \u015eehit \u00d6\u011fretmenler \u0130lkokuluna getirildi. Oy kullanaca\u011f\u0131 s\u0131n\u0131fa kadar Ey\u00fcp Belediyesi yetkilileri ve annesinin refakatiyle gelen Ta\u015fk\u0131n, sand\u0131k g\u00f6revlilerinden ald\u0131\u011f\u0131 bilgi sonras\u0131nda kabine tek ba\u015f\u0131na giderek oyunu kulland\u0131.<\/h4>\n<h4><strong>&#8220;\u00d6NCEDEN OY MAHREM\u0130YET\u0130M\u0130Z D\u0130YE B\u0130R \u015eEY YOKTU&#8221;<\/strong><\/h4>\n<h4>\u0130lk defa kendi ba\u015f\u0131na oy kulland\u0131\u011f\u0131 i\u00e7in \u00e7ok mutlu oldu\u011funu belirten Murat Ta\u015fk\u0131n, &#8220;Oyumu kulland\u0131m. Daha \u00f6nceden refakat\u00e7i ile birlikte oyumu kullanabiliyordum ama \u015fimdi bireysel olarak tek ba\u015f\u0131ma oyumu kullanabildim. Bunun i\u00e7in mutluyum. G\u00f6rme engellilere \u00f6zel olarak tasarlanm\u0131\u015f bir \u015fablonumuz var. Bu \u015fablonla birlikte oyumu rahat\u00e7a kulland\u0131m. Bunu tasarlayanlara \u00e7ok te\u015fekk\u00fcr ediyorum. Ayr\u0131ca Ey\u00fcp Belediyesi&#8217;ne de \u00e7ok te\u015fekk\u00fcr ederim. Bug\u00fcn oyumu kullanabilmem i\u00e7in beni evimden al\u0131p oy kullanaca\u011f\u0131m okula getirdiler. Buradan da tekrar evime g\u00f6t\u00fcrecekler. Oy kullanmak bir vatanda\u015fl\u0131k g\u00f6revi. G\u00f6renler nas\u0131l oy kullan\u0131yorsa ben de buraya gelip oyumu kulland\u0131m. Daha \u00f6nceki y\u0131llarda refakat\u00e7ilerle oy kullan\u0131yorduk. Hangi oyu kulland\u0131\u011f\u0131m\u0131z\u0131 g\u00f6r\u00fcyorlard\u0131. Kime oy verdi\u011fimiz belli oluyordu. Oy mahremiyetimiz diye bir \u015fey yoktu. Ama \u015fimdi oy mahremiyetimiz var. \u015eablonu tasarlayanlara ve beni buraya getiren Ey\u00fcp Belediyesine te\u015fekk\u00fcr ederim&#8221; diye konu\u015ftu.<\/h4>\n<h4>Anne Bahriye Ta\u015fk\u0131n ise &#8220;G\u00f6rme engelliler i\u00e7in olu\u015fturulan \u015fablon y\u00fcr\u00fcrl\u00fc\u011fe girdi\u011fi i\u00e7in \u00e7ok mutluyum. O\u011flum \u015fimdi kendisi oyunu kullanabiliyor. \u00d6nceden beraber kullan\u0131yorduk. Ben yard\u0131mc\u0131 oluyordum. \u015eimdi ise kendi kullan\u0131yor. Bu hem beni hem onu mutlu etti&#8221; dedi.<\/h4>\n<p>SABAH<\/p>\n<\/div>\n<\/div>\n<\/div>\n","protected":false},"excerpt":{"rendered":"<p>G\u00f6rme engelliler, haz\u0131rlanan oy \u015fablonu ile ilk kez kendi ba\u015flar\u0131na oy kulland\u0131. Y\u00fcksek Se\u00e7im Kurulunun(YSK) g\u00f6rme engelli vatanda\u015flar i\u00e7in bu y\u0131l T\u00fcrkiye tarihinde ilk defa y\u00fcr\u00fcrl\u00fc\u011fe koydu\u011fu oy \u015fablonu ile g\u00f6rme engelli vatanda\u015flar ilk kez kendi ba\u015flar\u0131na gelerek oylar\u0131n\u0131 kullanabildi. Oy kullanmak isteyen \u00f6z\u00fcrl\u00fc vatanda\u015flar\u0131m\u0131z Belediyelerinin sundu\u011fu hizmetle evlerinden al\u0131n\u0131p oy kullanaca\u011f\u0131 yerlere g\u00f6t\u00fcr\u00fcl\u00fcp oylar\u0131n\u0131 [&hellip;]<\/p>\n","protected":false},"author":1,"featured_media":13404,"comment_status":"open","ping_status":"open","sticky":false,"template":"","format":"standard","meta":{"ngg_post_thumbnail":0},"categories":[26,97,5388],"tags":[218,11575,11183,4442,7675,7674,7676,316],"_links":{"self":[{"href":"https:\/\/emlaktuel.com\/index.php?rest_route=\/wp\/v2\/posts\/13403"}],"collection":[{"href":"https:\/\/emlaktuel.com\/index.php?rest_route=\/wp\/v2\/posts"}],"about":[{"href":"https:\/\/emlaktuel.com\/index.php?rest_route=\/wp\/v2\/types\/post"}],"author":[{"embeddable":true,"href":"https:\/\/emlaktuel.com\/index.php?rest_route=\/wp\/v2\/users\/1"}],"replies":[{"embeddable":true,"href":"https:\/\/emlaktuel.com\/index.php?rest_route=%2Fwp%2Fv2%2Fcomments&post=13403"}],"version-history":[{"count":1,"href":"https:\/\/emlaktuel.com\/index.php?rest_route=\/wp\/v2\/posts\/13403\/revisions"}],"predecessor-version":[{"id":13405,"href":"https:\/\/emlaktuel.com\/index.php?rest_route=\/wp\/v2\/posts\/13403\/revisions\/13405"}],"wp:featuredmedia":[{"embeddable":true,"href":"https:\/\/emlaktuel.com\/index.php?rest_route=\/wp\/v2\/media\/13404"}],"wp:attachment":[{"href":"https:\/\/emlaktuel.com\/index.php?rest_route=%2Fwp%2Fv2%2Fmedia&parent=13403"}],"wp:term":[{"taxonomy":"category","embeddable":true,"href":"https:\/\/emlaktuel.com\/index.php?rest_route=%2Fwp%2Fv2%2Fcategories&post=13403"},{"taxonomy":"post_tag","embeddable":true,"href":"https:\/\/emlaktuel.com\/index.php?rest_route=%2Fwp%2Fv2%2Ftags&post=13403"}],"curies":[{"name":"wp","href":"https:\/\/api.w.org\/{rel}","templated":true}]}}