{"id":13399,"date":"2017-04-16T14:03:31","date_gmt":"2017-04-16T11:03:31","guid":{"rendered":"http:\/\/emlaktuel.com\/?p=13399"},"modified":"2018-07-05T16:26:20","modified_gmt":"2018-07-05T13:26:20","slug":"cumhurbaskani-erdogan-oyunu-kullandi","status":"publish","type":"post","link":"https:\/\/emlaktuel.com\/?p=13399","title":{"rendered":"Erdo\u011fan, se\u00e7im sonu\u00e7lar\u0131n\u0131 nerede takip edece\u011fini s\u00f6yledi"},"content":{"rendered":"<h1 class=\"pageTitle\"><img loading=\"lazy\" class=\"size-full wp-image-13400 aligncenter\" src=\"http:\/\/emlaktuel.com\/wp-content\/uploads\/2017\/04\/cumhurbas\u0327kan\u0131-erdog\u0306an-oyunu-kulland\u0131.jpg\" alt=\"cumhurbas\u0327kan\u0131 erdog\u0306an oyunu kulland\u0131\" width=\"2300\" height=\"1100\" \/><\/h1>\n<div class=\"col-sm-12 view20\"><\/div>\n<div class=\"col-sm-12 text-center view20\"><\/div>\n<div class=\"col-sm-12 view20\">\n<h3 class=\"spot selectionShareable\">Cumhurba\u015fkan\u0131 Recep Tayyip Erdo\u011fan, Tarabya&#8217;daki konutundan oyunu kullanaca\u011f\u0131 \u00c7aml\u0131ca&#8217;daki Saffet \u00c7ebi okuluna geldi ve oyunu kullan\u0131p k\u0131sa bir a\u00e7\u0131klama\u00a0yapt\u0131.<\/h3>\n<div class=\"newsDetailText\">\n<div class=\"newsBox selectionShareable\">\n<h4>Cumhurba\u015fkan\u0131 Recep Tayyip Erdo\u011fan oyunu kullanmak i\u00e7in saat 11:15&#8217;te evinden \u00e7\u0131k\u0131\u015f yapt\u0131.<\/h4>\n<p>Erdo\u011fan oy kullanaca\u011f\u0131 okula geldi. \u0130lgi Cumhurba\u015fkan\u0131 Erdo\u011fan&#8217;a \u00e7ok b\u00fcy\u00fck oldu. Isl\u0131klar e\u015fli\u011finde kar\u015f\u0131land\u0131. Erdo\u011fan, sand\u0131k g\u00f6revlileri ile oyunu kulland\u0131ktan sonra hat\u0131ra foto\u011fraf\u0131 \u00e7ektirdi.<\/p>\n<p><iframe loading=\"lazy\" class=\"videoIfV4\" src=\"http:\/\/www.sabah.com.tr\/webtv\/iframe\/turkiye\/cumhurbaskani-erdogan-milletin-sagduyusuna-inaniyorum?w=600&amp;h=320\" width=\"300\" height=\"150\" scrolling=\"no\" allowfullscreen=\"allowfullscreen\" data-mce-fragment=\"1\"><\/iframe><\/p>\n<h4>Cumhurba\u015fkan\u0131 Recep Tayyip Erdo\u011fan, di\u011fer se\u00e7imlerde oldu\u011fu gibi yine oyunu \u00dcsk\u00fcdar&#8217;daki Saffet \u00c7ebi \u0130lkokulu&#8217;nda kulland\u0131. E\u015fi Emine Erdo\u011fan&#8217;la birlikte sand\u0131\u011fa gelen Cumhurba\u015fkan Erdo\u011fan zarflar\u0131n\u0131 torunuyla birlikte sand\u0131\u011fa att\u0131. \u0130\u015fte Erdo\u011fan&#8217;\u0131n a\u00e7\u0131klamalar\u0131;<\/h4>\n<p><strong>&#8220;C\u0130DD\u0130 B\u0130R KATILIM BEKL\u0130YORUM&#8221;<\/strong><\/p>\n<p>Cumhurba\u015fkan\u0131 Erdo\u011fan oy kullanma i\u015flemin ard\u0131ndan kameralar\u0131n kar\u015f\u0131s\u0131na ge\u00e7ti. Cididi bir kat\u0131l\u0131m oran\u0131 bekledi\u011fini ifade eden Cumhurba\u015fkan\u0131 Erdo\u011fan, &#8220;Bug\u00fcnk\u00fc halk oylamas\u0131 s\u0131radan bir oylama de\u011fildir. Cumhurtiyet tarihimizde parlamenter sistem i\u00e7inde bir \u00e7ok oylama yap\u0131d\u0131. Ancak bu oylama T\u00fcrkiye&#8217;nin siyasi hayat\u0131nda y\u00f6netim bi\u00e7inde b\u00fcy\u00fck bir de\u011fi\u015fimi getirecek. Halk\u0131m\u0131z bu s\u0131\u00e7rama\u0131n\u0131n yolunu a\u00e7acakt\u0131r. \u00c7\u00fcnk\u00fc Mustafa Kemal Atat\u00fcrk&#8217;\u00fcn i\u015faret etti\u011fi muass\u0131r medeniyetler seviyesi hedefinin \u00fcst\u00fcne \u00e7\u0131kam\u0131z i\u00e7in daha h\u0131zl\u0131 b\u00fcy\u00fcmemiz gerekiyor. Sand\u0131klardan a\u00e7\u0131ld\u0131\u011f\u0131nda in\u015fallah beklenen karar \u00e7\u0131kt\u0131\u011f\u0131nda gelece\u011fe s\u00fcratle y\u00fcr\u00fcyece\u011fiz&#8221; dedi.<\/p>\n<p>Erdo\u011fan se\u00e7im sonu\u00e7lar\u0131n\u0131 \u0130stanbul&#8217;da takip edece\u011fini a\u00e7\u0131klad\u0131.<\/p>\n<p>SABAH<\/p>\n<\/div>\n<\/div>\n<\/div>\n","protected":false},"excerpt":{"rendered":"<p>Cumhurba\u015fkan\u0131 Recep Tayyip Erdo\u011fan, Tarabya&#8217;daki konutundan oyunu kullanaca\u011f\u0131 \u00c7aml\u0131ca&#8217;daki Saffet \u00c7ebi okuluna geldi ve oyunu kullan\u0131p k\u0131sa bir a\u00e7\u0131klama\u00a0yapt\u0131. Cumhurba\u015fkan\u0131 Recep Tayyip Erdo\u011fan oyunu kullanmak i\u00e7in saat 11:15&#8217;te evinden \u00e7\u0131k\u0131\u015f yapt\u0131. Erdo\u011fan oy kullanaca\u011f\u0131 okula geldi. \u0130lgi Cumhurba\u015fkan\u0131 Erdo\u011fan&#8217;a \u00e7ok b\u00fcy\u00fck oldu. Isl\u0131klar e\u015fli\u011finde kar\u015f\u0131land\u0131. Erdo\u011fan, sand\u0131k g\u00f6revlileri ile oyunu kulland\u0131ktan sonra hat\u0131ra foto\u011fraf\u0131 \u00e7ektirdi. [&hellip;]<\/p>\n","protected":false},"author":1,"featured_media":13400,"comment_status":"open","ping_status":"open","sticky":false,"template":"","format":"standard","meta":{"ngg_post_thumbnail":0},"categories":[26,97,5388],"tags":[2505,7672,73,80,89,7673,316,2653],"_links":{"self":[{"href":"https:\/\/emlaktuel.com\/index.php?rest_route=\/wp\/v2\/posts\/13399"}],"collection":[{"href":"https:\/\/emlaktuel.com\/index.php?rest_route=\/wp\/v2\/posts"}],"about":[{"href":"https:\/\/emlaktuel.com\/index.php?rest_route=\/wp\/v2\/types\/post"}],"author":[{"embeddable":true,"href":"https:\/\/emlaktuel.com\/index.php?rest_route=\/wp\/v2\/users\/1"}],"replies":[{"embeddable":true,"href":"https:\/\/emlaktuel.com\/index.php?rest_route=%2Fwp%2Fv2%2Fcomments&post=13399"}],"version-history":[{"count":2,"href":"https:\/\/emlaktuel.com\/index.php?rest_route=\/wp\/v2\/posts\/13399\/revisions"}],"predecessor-version":[{"id":13402,"href":"https:\/\/emlaktuel.com\/index.php?rest_route=\/wp\/v2\/posts\/13399\/revisions\/13402"}],"wp:featuredmedia":[{"embeddable":true,"href":"https:\/\/emlaktuel.com\/index.php?rest_route=\/wp\/v2\/media\/13400"}],"wp:attachment":[{"href":"https:\/\/emlaktuel.com\/index.php?rest_route=%2Fwp%2Fv2%2Fmedia&parent=13399"}],"wp:term":[{"taxonomy":"category","embeddable":true,"href":"https:\/\/emlaktuel.com\/index.php?rest_route=%2Fwp%2Fv2%2Fcategories&post=13399"},{"taxonomy":"post_tag","embeddable":true,"href":"https:\/\/emlaktuel.com\/index.php?rest_route=%2Fwp%2Fv2%2Ftags&post=13399"}],"curies":[{"name":"wp","href":"https:\/\/api.w.org\/{rel}","templated":true}]}}