{"id":13309,"date":"2017-04-14T12:07:02","date_gmt":"2017-04-14T09:07:02","guid":{"rendered":"http:\/\/emlaktuel.com\/?p=13309"},"modified":"2018-07-05T16:25:16","modified_gmt":"2018-07-05T13:25:16","slug":"tokiden-buyuk-firsat","status":"publish","type":"post","link":"https:\/\/emlaktuel.com\/?p=13309","title":{"rendered":"Toki&#8217;den b\u00fcy\u00fck f\u0131rsat"},"content":{"rendered":"<h3 class=\"news-detail-title selectionShareable\"><img loading=\"lazy\" class=\"size-full wp-image-13310 aligncenter\" src=\"http:\/\/emlaktuel.com\/wp-content\/uploads\/2017\/04\/toki.jpg\" alt=\"toki\" width=\"2300\" height=\"1100\" \/><\/h3>\n<h3 class=\"news-detail-title selectionShareable\">TOK\u0130 \u00fclke \u00e7ap\u0131nda milyonlarca ki\u015fiyi ev sahibi yapacak Ba\u015fbakanl\u0131k Toplu Konut \u0130daresi kuruldu\u011fu g\u00fcnden beri \u00f6zellikle alt ve orta gelir grubuna y\u00f6neldi. Ancak ge\u00e7en y\u0131ldan bu tarafa emekli kesimi i\u00e7in \u00f6zel kampanyalar d\u00fczenleyen TOK\u0130, 2017 y\u0131l\u0131n\u0131 emeklilere konut \u00fcretmeye ay\u0131rd\u0131.<\/h3>\n<h3>\u0130K\u0130 \u00c7E\u015e\u0130T KURA Y\u00d6NTEM\u0130<\/h3>\n<p>E\u011fer projelerde ba\u015fvuru say\u0131s\u0131 konut say\u0131s\u0131n\u0131 a\u015farsa kura \u00e7ekilecek. Emeklilere kurada \u00e7ifte \u015fans sunulacak. Kura sonucu emekli kategorisinden hak sahibi olamayanlar, di\u011fer al\u0131c\u0131lar kategorisindeki ba\u015fvuru sahipleri ile birlikte tekrar kuraya tabi tutulacak.<\/p>\n<h3>\u0130\u015eTE BA\u015eVURU \u015eARTLARI<\/h3>\n<p>TOK\u0130, bu y\u0131l emeklilere konut yap\u0131lmas\u0131 ile ilgili valiliklerden gelen talepler do\u011frultusunda da projeler ger\u00e7ekle\u015ftirmeye devam edecek. TOK\u0130, ev sahibi olmak isteyen emeklilere duyurular\u0131 internet sitesinden yap\u0131yor. www. toki.gov.tr adresindeki &#8216;Emeklilere \u00d6zel&#8217; b\u00f6l\u00fcm\u00fcn\u00fc t\u0131klayanlar, buradan projeleri ve ba\u015fvuru tarihlerini g\u00f6rebiliyor. Ba\u015fvuru ve sat\u0131\u015f i\u015flemleri Ziraat Bankas\u0131 ve Halk Bankas\u0131 arac\u0131l\u0131\u011f\u0131 ile y\u00fcr\u00fct\u00fcl\u00fcyor. Ba\u015fvuru esnas\u0131nda emekli kimlik kart\u0131 veya emekli oldu\u011funa ili\u015fkin belgenin ibraz edilmesi yeterli oluyor. TOK\u0130&#8217;nin ba\u015fvurular\u0131nda dernek \u00fcyeli\u011fi \u015fart\u0131 bulunmuyor. Ba\u015fvuru bedeli olarak banka \u015fubesine 500\/1.000 TL yat\u0131r\u0131l\u0131r ve Emekli Kategorisi Ba\u015fvuru Formu doldurulur.<\/p>\n<h3>EV\u0130 OLMAYANLAR YARARLANIYOR<\/h3>\n<h3>TOK\u0130&#8217;den ev almak i\u00e7in aranan \u015fartlar \u015f\u00f6yle:<\/h3>\n<ol>\n<li>Projenin bulundu\u011fu il\/il\u00e7e s\u0131n\u0131rlar\u0131 i\u00e7erisinde 1 y\u0131ldan az olmamak ko\u015fulu ile ikamet ediyor olmas\u0131 veya projenin bulundu\u011fu il n\u00fcfusuna kay\u0131tl\u0131 olmas\u0131,<\/li>\n<li>TOK\u0130&#8217;den konut almam\u0131\u015f olmas\u0131,<\/li>\n<li>Kendisine, e\u015fine ve\/ veya velayeti alt\u0131ndaki \u00e7ocuklara ait tapuda kay\u0131tl\u0131 kat irtifakl\u0131\/ kat m\u00fclkiyetli ba\u011f\u0131ms\u0131z bir b\u00f6l\u00fcm\u00fcn veya m\u00fcstakil bir konutun olmamas\u0131,<\/li>\n<li>Ayl\u0131k hane halk\u0131 gelirinin en fazla net 3 bin 200 lira (\u0130stanbul&#8217;da 3 bin 700 TL) olmas\u0131,<\/li>\n<li>SGK&#8217;dan emekli olmas\u0131 (Emeklinin vefat etmesi durumunda, dul e\u015fi ba\u015fvuruda bulunabilir); e\u015flerden her ikisinin de emekli olmas\u0131 durumunda yaln\u0131zca birinin ba\u015fvuruda bulunmas\u0131.<\/li>\n<\/ol>\n<h2>S\u0131f\u0131r k\u00e2rla sat\u0131\u015f yap\u0131l\u0131yor<\/h2>\n<p>TOK\u0130 Ba\u015fkan\u0131 Erg\u00fcn Turan, \u00fcrettikleri konutlar\u0131 s\u0131f\u0131r k\u00e2rla satt\u0131klar\u0131n\u0131 s\u00f6yledi. Turan, &#8220;Yapt\u0131\u011f\u0131m\u0131z konutlar\u0131n yakla\u015f\u0131k y\u00fczde 92-95&#8217;i, sosyal konut. Gelir payla\u015f\u0131ml\u0131 projelerden elde edilen gelir ile projelerimizi finanse ediyoruz&#8221; dedi ve \u015funlar\u0131 aktard\u0131: &#8220;\u0130\u015ftirak \u015firketlerimiz var, onlardan elde etti\u011fimiz gelirler var. K\u00e2r ama\u00e7l\u0131 bir kurulu\u015f de\u011filiz. Bina maliyetine konut sahibi yap\u0131yoruz. 100 bin TL&#8217;ye mal ediyorsak, o fiyata sat\u0131yoruz.&#8221;<\/p>\n<h4>TALEPLERE G\u00d6RE PROJE<\/h4>\n<h4>&#8220;Talep projeleri&#8217; ve &#8216;sosyal konut projelerinden y\u00fczde 25 kontenjan ayr\u0131lmas\u0131&#8217; \u015feklindeki iki ayr\u0131 y\u00f6ntem uygulayan TOK\u0130, bu y\u0131l \u00e7ok say\u0131da emekliyi ev sahibi yapacak. TOK\u0130, 2017&#8217;de in\u015fa edece\u011fi 65 bin sosyal konuttan emeklilere y\u00fczde 25 kontenjan ay\u0131racak. B\u00f6ylece bu y\u0131l 16 bin 250 emekli kira \u00f6der gibi ev sahibi olma imkan\u0131 yakalayacak. Projeler hayata ge\u00e7irildik\u00e7e ba\u015fvurular al\u0131nacak.<\/h4>\n<h4>290 i\u015f yeri ile 4 konutu sat\u0131\u015fa \u00e7\u0131kt\u0131<\/h4>\n<h4>Ba\u015fbakanl\u0131k Toplu Konut \u0130daresi Ba\u015fkanl\u0131\u011f\u0131 (TOK\u0130), 28 ilde 290 i\u015f yeri ile 3 ilde 4 konutu \u201cA\u00e7\u0131k Art\u0131rma Y\u00f6ntemi\u201d ile sat\u0131\u015fa sundu. Al\u0131c\u0131lar Adana, Ad\u0131yaman, Amasya, Bitlis, Bursa, \u00c7ank\u0131r\u0131, \u00c7orum, Denizli, Diyarbak\u0131r, Erzincan, Eski\u015fehir, Giresun, I\u011fd\u0131r, \u0130stanbul, \u0130zmir, Kahramanmara\u015f, Karab\u00fck, Kastamonu, Kayseri, K\u0131r\u0131kkale, K\u0131r\u015fehir, K\u00fctahya, Nev\u015fehir, Osmaniye, Sivas, \u015eanl\u0131urfa, Tokat ve Trabzon \u015fehirlerinde sat\u0131\u015fa sunulan i\u015f yerlerine \u00a0%25 pe\u015fin, 120 ay vade se\u00e7ene\u011fi ile sahip olabilecek. Ayr\u0131ca Ankara, Sivas ve Trabzon\u2019da bulunan konutlar\u0131 ise \u00a0%12 veya %25 pe\u015fin, 120 ya da 180 ay vade se\u00e7enekleriyle sat\u0131n alabilecekler. A\u00e7\u0131k Art\u0131rma 20 Nisan 2017, saat 13:30\u2019da ger\u00e7ekle\u015ftirilecek.<\/h4>\n<h4>A\u00e7\u0131k art\u0131rma kapsam\u0131nda sat\u0131\u015fa sunulan ta\u015f\u0131nmazlar\u0131n baz\u0131lar\u0131 \u015f\u00f6yle;<\/h4>\n<ol>\n<li>\n<h4>\u00a0Adana, Kozan, Sar\u0131\u00e7am, Seyhan ve Y\u00fcre\u011fir\u2019de i\u015f yerleri<\/h4>\n<\/li>\n<li>\n<h4>\u00a0Bitlis Merkez\u2019de 109 i\u015f yeri<\/h4>\n<\/li>\n<li>\n<h4>\u00a0Denizli Pamukkale Karahay\u0131t\u2019ta i\u015f yerleri<\/h4>\n<\/li>\n<li>\n<h4>\u00a0Giresun Merkez\u2019de i\u015f yerleri<\/h4>\n<\/li>\n<li>\n<h4>\u00a0\u0130stanbul, Ba\u015fak\u015fehir, Fatih, Gaziosmanpa\u015fa ve K\u00fc\u00e7\u00fck\u00e7ekmece\u2019de i\u015f yerleri<\/h4>\n<\/li>\n<li>\n<h4>\u00a0K\u0131r\u015fehir Kaman\u2019da i\u015f yerleri<\/h4>\n<\/li>\n<li>\n<h4>\u00a0\u015eanl\u0131urfa, Viran\u015fehir\u2019de ticaret merkezi i\u00e7inde i\u015f yerleri<\/h4>\n<\/li>\n<li>\n<h4>\u00a0Trabzon Za\u011fnos Vadisi\u2019nde i\u015f yerleri<\/h4>\n<\/li>\n<\/ol>\n<h4>\u0130stiklal<\/h4>\n","protected":false},"excerpt":{"rendered":"<p>TOK\u0130 \u00fclke \u00e7ap\u0131nda milyonlarca ki\u015fiyi ev sahibi yapacak Ba\u015fbakanl\u0131k Toplu Konut \u0130daresi kuruldu\u011fu g\u00fcnden beri \u00f6zellikle alt ve orta gelir grubuna y\u00f6neldi. Ancak ge\u00e7en y\u0131ldan bu tarafa emekli kesimi i\u00e7in \u00f6zel kampanyalar d\u00fczenleyen TOK\u0130, 2017 y\u0131l\u0131n\u0131 emeklilere konut \u00fcretmeye ay\u0131rd\u0131. \u0130K\u0130 \u00c7E\u015e\u0130T KURA Y\u00d6NTEM\u0130 E\u011fer projelerde ba\u015fvuru say\u0131s\u0131 konut say\u0131s\u0131n\u0131 a\u015farsa kura \u00e7ekilecek. Emeklilere kurada [&hellip;]<\/p>\n","protected":false},"author":1,"featured_media":13310,"comment_status":"open","ping_status":"open","sticky":false,"template":"","format":"standard","meta":{"ngg_post_thumbnail":0},"categories":[221,5217,97,5388],"tags":[11122,11443,7617,80,11541,106,11387,450,11178,11181,4450],"_links":{"self":[{"href":"https:\/\/emlaktuel.com\/index.php?rest_route=\/wp\/v2\/posts\/13309"}],"collection":[{"href":"https:\/\/emlaktuel.com\/index.php?rest_route=\/wp\/v2\/posts"}],"about":[{"href":"https:\/\/emlaktuel.com\/index.php?rest_route=\/wp\/v2\/types\/post"}],"author":[{"embeddable":true,"href":"https:\/\/emlaktuel.com\/index.php?rest_route=\/wp\/v2\/users\/1"}],"replies":[{"embeddable":true,"href":"https:\/\/emlaktuel.com\/index.php?rest_route=%2Fwp%2Fv2%2Fcomments&post=13309"}],"version-history":[{"count":1,"href":"https:\/\/emlaktuel.com\/index.php?rest_route=\/wp\/v2\/posts\/13309\/revisions"}],"predecessor-version":[{"id":13311,"href":"https:\/\/emlaktuel.com\/index.php?rest_route=\/wp\/v2\/posts\/13309\/revisions\/13311"}],"wp:featuredmedia":[{"embeddable":true,"href":"https:\/\/emlaktuel.com\/index.php?rest_route=\/wp\/v2\/media\/13310"}],"wp:attachment":[{"href":"https:\/\/emlaktuel.com\/index.php?rest_route=%2Fwp%2Fv2%2Fmedia&parent=13309"}],"wp:term":[{"taxonomy":"category","embeddable":true,"href":"https:\/\/emlaktuel.com\/index.php?rest_route=%2Fwp%2Fv2%2Fcategories&post=13309"},{"taxonomy":"post_tag","embeddable":true,"href":"https:\/\/emlaktuel.com\/index.php?rest_route=%2Fwp%2Fv2%2Ftags&post=13309"}],"curies":[{"name":"wp","href":"https:\/\/api.w.org\/{rel}","templated":true}]}}