{"id":13269,"date":"2017-04-12T12:36:18","date_gmt":"2017-04-12T09:36:18","guid":{"rendered":"http:\/\/emlaktuel.com\/?p=13269"},"modified":"2018-07-05T16:24:38","modified_gmt":"2018-07-05T13:24:38","slug":"yurtdisindan-arac-getirenlere-mujde-ithal-araclara-af-geldi","status":"publish","type":"post","link":"https:\/\/emlaktuel.com\/?p=13269","title":{"rendered":"Yurtd\u0131\u015f\u0131ndan ara\u00e7 getirenlere m\u00fcjde! ithal ara\u00e7lara af geldi!"},"content":{"rendered":"<div class=\"col-sm-12 view20\"><\/div>\n<div class=\"col-sm-12 view20\"><\/div>\n<figure class=\"newsImage\"><img loading=\"lazy\" class=\"alignleft size-full wp-image-13270\" src=\"http:\/\/emlaktuel.com\/wp-content\/uploads\/2017\/04\/thumbs_b_c_c988a8580f6fd1a0e8294137854db243.jpg\" alt=\"ithal ara\u00e7\" width=\"864\" height=\"486\" \/><\/figure>\n<div class=\"col-sm-12 view20\">\n<h3 class=\"spot selectionShareable\">Yurt d\u0131\u015f\u0131ndan ithal edilen ve daha sonra ikinci el oldu\u011fu ortaya \u00e7\u0131kmas\u0131ndan dolay\u0131 m\u00fclkiyetinin kamuya ge\u00e7irilmesi kararla\u015ft\u0131r\u0131lan ara\u00e7lar\u0131n sahiplerine iadesinin \u00f6n\u00fc a\u00e7\u0131ld\u0131. S\u00f6z konusu ara\u00e7lar\u0131n ilk edinimi serbest dola\u015f\u0131ma giri\u015fte ger\u00e7ekle\u015fmi\u015fse arac\u0131n ithalat\u0131nda \u00f6denen \u00d6TV tutar\u0131, serbest dola\u015f\u0131ma giri\u015ften sonra ger\u00e7ekle\u015fmesi halinde ise ilgili vergi dairesi taraf\u0131ndan bildirilen \u00f6denen \u00d6TV tutar\u0131 esas al\u0131narak hesaplanan y\u00fczde 25\u2019lik tutar \u00f6denirse tedbir kald\u0131r\u0131lacak<\/h3>\n<div class=\"newsDetailText\">\n<div class=\"newsBox selectionShareable\">\n<h4>G\u00fcmr\u00fck ve Ticaret Bakanl\u0131\u011f\u0131 ile Maliye Bakanl\u0131\u011f\u0131n\u0131n, G\u00fcmr\u00fck Kanununa G\u00f6re M\u00fclki\u00b7yeti\u00b7n Kamuya Ge\u00e7irilmesi Karar\u0131 Veri\u00b7len Kara Ta\u015f\u0131tlar\u0131n\u0131n Sahiplerine \u0130adesi Hakk\u0131nda Y\u00f6netmeli\u011fi, Resmi Gazete&#8217;de yay\u0131mlanarak y\u00fcr\u00fcrl\u00fc\u011fe girdi.<\/h4>\n<h4>G\u00fcmr\u00fck Kanunu gere\u011fi el konularak m\u00fclkiyetin kamuya ge\u00e7irilmesi karar\u0131 verilen ve hen\u00fcz tasfiyesi tamamlanmam\u0131\u015f ara\u00e7lar\u0131 kapsayan y\u00f6netmelikle, s\u00f6z konusu ara\u00e7lar\u0131n sahiplerine iadesine ili\u015fkin usul ve esaslar belirlendi.<\/h4>\n<h4>Buna g\u00f6re, m\u00fclkiyetin kamuya ge\u00e7irilmesi karar\u0131 verilen kara ula\u015f\u0131m ara\u00e7lar\u0131n\u0131n iadesiyle ilgili d\u00fczenlemeden yararlanmak isteyenler, 31 Temmuz 2017&#8217;ye kadar karar\u0131 veren g\u00fcmr\u00fck idaresine dilek\u00e7eyle ba\u015fvuruda bulunabilecek.<\/h4>\n<h4>\u0130nceleme sonucu gerekli \u015fartlar\u0131 sa\u011flamad\u0131\u011f\u0131 anla\u015f\u0131lan ba\u015fvurular, eksikliklerin 31 Temmuz&#8217;a kadar tamamlanmas\u0131 halinde kabul edilecek. Arac\u0131n tasfiyesi tamamlanm\u0131\u015fsa ba\u015fvuru reddedilecek. Kanun kapsam\u0131na giren ara\u00e7lar\u0131n tasfiye i\u015flemleri, 31 Temmuz&#8217;a kadar durduruldu.<\/h4>\n<h4><strong>\u00d6TV&#8217;N\u0130N Y\u00dcZDE 25&#8217;\u0130 \u00d6DENECEK<\/strong><\/h4>\n<h4>\u0130lk iktisab\u0131n (edinim) serbest dola\u015f\u0131ma giri\u015fte ger\u00e7ekle\u015fmesi halinde arac\u0131n <a class=\"tkktLnk\" href=\"http:\/\/www.sabah.com.tr\/haberleri\/ithal\" target=\"_blank\" rel=\"tag\">ithal<\/a>at\u0131nda \u00f6denen \u00d6TV tutar\u0131, serbest dola\u015f\u0131ma giri\u015ften sonra ger\u00e7ekle\u015fmesi halinde ise ilgili vergi dairesi tar<a class=\"tkktLnk\" href=\"http:\/\/www.sabah.com.tr\/haberleri\/af\" target=\"_blank\" rel=\"tag\">af<\/a>\u0131ndan bildirilen \u00f6denen \u00d6TV tutar\u0131 esas al\u0131narak hesaplanan y\u00fczde 25&#8217;lik tutar, ba\u015fvuru sahibine ilgili g\u00fcmr\u00fck idaresince posta, elektronik posta, faks ve benzeri ileti\u015fim yollar\u0131yla bildirilecek.<\/h4>\n<h4>\u00d6deme, ba\u015fvuru tarihinden itibaren bir ay i\u00e7inde ilgili g\u00fcmr\u00fck idaresine yap\u0131lacak. \u00d6demeyi m\u00fcteakip ilgili g\u00fcmr\u00fck idaresince gerekli i\u015flemler ger\u00e7ekle\u015ftirilerek, ara\u00e7 sahibine iade edilecek. Derdest davalarda, arac\u0131n iade edildi\u011fi bilgisi g\u00fcmr\u00fck idaresince ilgili mahkemeye iletilecek.<\/h4>\n<h4>Arac\u0131n muhafazas\u0131 nedeniyle ortaya \u00e7\u0131kan masraflar i\u00e7in ba\u015fvuru sahibinden y\u0131ll\u0131k 250 lira al\u0131nacak. Arac\u0131n kald\u0131\u011f\u0131 s\u00fcrenin tam y\u0131l olmayan k\u0131sm\u0131 i\u00e7in belirtilen miktar esas al\u0131narak ayl\u0131k tutar \u00fczerinden hesaplama yap\u0131lacak. Bu hesaplamada bir aydan az olan s\u00fcreler tam ay olarak kabul edilecek.<\/h4>\n<h4><strong>KEND\u0130S\u0130 BEYAN EDEN \u00d6TV&#8217;N\u0130N Y\u00dcZDE 15&#8217;\u0130N\u0130 \u00d6DEYECEK<\/strong><\/h4>\n<h4>Y\u00f6netmelikte, 27 Ocak 2017&#8217;den \u00f6nce serbest dola\u015f\u0131ma giri\u015f rejimine tabi tutularak ilk iktisab\u0131 ger\u00e7ekle\u015fmi\u015f ara\u00e7larla ilgili de d\u00fczenleme yer ald\u0131. Buna g\u00f6re, G\u00fcmr\u00fck Kanunu kapsam\u0131nda el konularak m\u00fclkiyetin kamuya ge\u00e7irilmesi karar\u0131 verilmesi gereken fiilin g\u00fcmr\u00fck idaresince tespit edilmesinden \u00f6nce, s\u00fcresi i\u00e7inde g\u00fcmr\u00fck idarelerine kendili\u011finden bildirilmesi durumunda belirlenen oran y\u00fczde 15 olarak uygulanacak. \u00d6deme s\u00fcresi i\u00e7inde araca el konulmayacak ve m\u00fclkiyetin kamuya ge\u00e7irilmesine karar verilmeyecek.<\/h4>\n<h4>Y\u00f6netmeli\u011fin uygulanmas\u0131nda kar\u015f\u0131la\u015f\u0131lan g\u00fcmr\u00fck idareleriyle ilgili teredd\u00fctleri gidermeye G\u00fcmr\u00fck ve Ticaret Bakanl\u0131\u011f\u0131, vergi daireleriyle ilgili teredd\u00fctleri gidermeye de Maliye Bakanl\u0131\u011f\u0131 yetkili olacak.<\/h4>\n<h4>Ba\u015fvuru, Ka\u00e7ak\u00e7\u0131l\u0131kla M\u00fccadele Kanunu kapsam\u0131nda olursa, bu kanun h\u00fck\u00fcmlerine g\u00f6re i\u015flem yap\u0131lacak.<\/h4>\n<p><strong>SABAH<\/strong><\/p>\n<\/div>\n<\/div>\n<\/div>\n","protected":false},"excerpt":{"rendered":"<p>Yurt d\u0131\u015f\u0131ndan ithal edilen ve daha sonra ikinci el oldu\u011fu ortaya \u00e7\u0131kmas\u0131ndan dolay\u0131 m\u00fclkiyetinin kamuya ge\u00e7irilmesi kararla\u015ft\u0131r\u0131lan ara\u00e7lar\u0131n sahiplerine iadesinin \u00f6n\u00fc a\u00e7\u0131ld\u0131. S\u00f6z konusu ara\u00e7lar\u0131n ilk edinimi serbest dola\u015f\u0131ma giri\u015fte ger\u00e7ekle\u015fmi\u015fse arac\u0131n ithalat\u0131nda \u00f6denen \u00d6TV tutar\u0131, serbest dola\u015f\u0131ma giri\u015ften sonra ger\u00e7ekle\u015fmesi halinde ise ilgili vergi dairesi taraf\u0131ndan bildirilen \u00f6denen \u00d6TV tutar\u0131 esas al\u0131narak hesaplanan y\u00fczde [&hellip;]<\/p>\n","protected":false},"author":1,"featured_media":13270,"comment_status":"open","ping_status":"open","sticky":false,"template":"","format":"standard","meta":{"ngg_post_thumbnail":0},"categories":[5215,97],"tags":[7592,180,11390,11351,7590,11376,4549,11118,11213,7591],"_links":{"self":[{"href":"https:\/\/emlaktuel.com\/index.php?rest_route=\/wp\/v2\/posts\/13269"}],"collection":[{"href":"https:\/\/emlaktuel.com\/index.php?rest_route=\/wp\/v2\/posts"}],"about":[{"href":"https:\/\/emlaktuel.com\/index.php?rest_route=\/wp\/v2\/types\/post"}],"author":[{"embeddable":true,"href":"https:\/\/emlaktuel.com\/index.php?rest_route=\/wp\/v2\/users\/1"}],"replies":[{"embeddable":true,"href":"https:\/\/emlaktuel.com\/index.php?rest_route=%2Fwp%2Fv2%2Fcomments&post=13269"}],"version-history":[{"count":1,"href":"https:\/\/emlaktuel.com\/index.php?rest_route=\/wp\/v2\/posts\/13269\/revisions"}],"predecessor-version":[{"id":13271,"href":"https:\/\/emlaktuel.com\/index.php?rest_route=\/wp\/v2\/posts\/13269\/revisions\/13271"}],"wp:featuredmedia":[{"embeddable":true,"href":"https:\/\/emlaktuel.com\/index.php?rest_route=\/wp\/v2\/media\/13270"}],"wp:attachment":[{"href":"https:\/\/emlaktuel.com\/index.php?rest_route=%2Fwp%2Fv2%2Fmedia&parent=13269"}],"wp:term":[{"taxonomy":"category","embeddable":true,"href":"https:\/\/emlaktuel.com\/index.php?rest_route=%2Fwp%2Fv2%2Fcategories&post=13269"},{"taxonomy":"post_tag","embeddable":true,"href":"https:\/\/emlaktuel.com\/index.php?rest_route=%2Fwp%2Fv2%2Ftags&post=13269"}],"curies":[{"name":"wp","href":"https:\/\/api.w.org\/{rel}","templated":true}]}}