{"id":13247,"date":"2017-04-12T10:58:12","date_gmt":"2017-04-12T07:58:12","guid":{"rendered":"http:\/\/emlaktuel.com\/?p=13247"},"modified":"2018-07-05T16:24:20","modified_gmt":"2018-07-05T13:24:20","slug":"dunyanin-en-buyuk-havalimani-olacak","status":"publish","type":"post","link":"https:\/\/emlaktuel.com\/?p=13247","title":{"rendered":"D\u00fcnyan\u0131n en b\u00fcy\u00fck havaliman\u0131 olacak"},"content":{"rendered":"<h3 class=\"news-detail-title selectionShareable\"><img loading=\"lazy\" class=\"size-full wp-image-13253 aligncenter\" src=\"http:\/\/emlaktuel.com\/wp-content\/uploads\/2017\/04\/3.havaliman\u0131.jpg\" alt=\"3.havaliman\u0131\" width=\"2300\" height=\"1100\" \/><\/h3>\n<h3 class=\"news-detail-title selectionShareable\">\u0130n\u015faat \u00e7al\u0131\u015fmalar\u0131n\u0131n tamamlanmas\u0131 ile bir\u00e7ok alanda d\u00fcnyan\u0131n en b\u00fcy\u00fc\u011f\u00fc olacak olan 3. Havaliman\u0131\u2019nda in\u015faat yar\u0131land\u0131.<\/h3>\n<div>\n<h4>T\u00fcm etaplar\u0131 tamamland\u0131\u011f\u0131nda d\u00fcnyan\u0131n en b\u00fcy\u00fc\u011f\u00fc olacak ve T\u00fcrkiye&#8217;nin en b\u00fcy\u00fck alt yap\u0131 projesi konumundaki \u0130stanbul Yeni Havaliman\u0131&#8217;nda (\u0130YH) yolun yar\u0131s\u0131na gelindi. \u0130YH&#8217;n\u0131n in\u015faat\u0131n\u0131 ger\u00e7ekle\u015ftirmek ve 25 y\u0131l boyunca i\u015fletmesini yapmak \u00fczere kurulan \u0130GA, \u015fu ana kadar y\u00fczde 50&#8217;ye yak\u0131n bir b\u00f6l\u00fcm\u00fc tamamlanan havaliman\u0131 i\u00e7in yeni bir film yay\u0131mlad\u0131. &#8216;Bu eser hepimizin&#8217; ba\u015fl\u0131\u011f\u0131 alt\u0131nda \u00f6nce \u0130GA&#8217; n\u0131n sosyal medya kanallar\u0131nda yay\u0131mlanan ve ard\u0131ndan televizyonlarda g\u00f6sterilecek reklam filminde &#8220;Bizim hayallerimiz de g\u00f6nl\u00fcm\u00fcz de s\u0131n\u0131r tan\u0131maz. Biliriz ki b\u00fcy\u00fck eserler i\u00e7in b\u00fcy\u00fck d\u00fc\u015f\u00fcnmek gerekir. Bu inan\u00e7la, yery\u00fcz\u00fcn\u00fcn en b\u00fcy\u00fck havaliman\u0131 hepimizin olsun diye, g\u00fc\u00e7l\u00fc ve b\u00fcy\u00fck T\u00fcrkiye i\u00e7in \u00e7al\u0131\u015ft\u0131k, yolun yar\u0131s\u0131na vard\u0131k&#8221; ifadeleri kullan\u0131ld\u0131. 23 bin ki\u015finin \u00e7al\u0131\u015ft\u0131\u011f\u0131 havaliman\u0131 \u015fantiyesindeki \u00e7al\u0131\u015fan say\u0131s\u0131 havalar\u0131n \u0131s\u0131nmas\u0131yla birlikte haziran ay\u0131n\u0131n sonlar\u0131na do\u011fru 30 bine \u00e7\u0131kacak ve in\u015faat \u00e7al\u0131\u015fmalar\u0131 h\u0131zl\u0131 bir \u015fekilde ilerlemeye devam edecek. Toplam 4 etaptan olu\u015fan ve ilk etab\u0131 28 \u015eubat 2018 tarihinde hizmete girmesi planlanan havaliman\u0131, tamamland\u0131\u011f\u0131nda yolcu say\u0131s\u0131, kaplad\u0131\u011f\u0131 alan, terminal binas\u0131 ve otopark\u0131 ba\u015fta olmak \u00fczere bir\u00e7ok alanda d\u00fcnyan\u0131n en b\u00fcy\u00fc\u011f\u00fc olacak.<\/h4>\n<h3>&#8220;D\u00fcnyan\u0131n en b\u00fcy\u00fck yap-i\u015flet-devret projesi&#8221;<\/h3>\n<h4>\u0130stanbul Yeni Havaliman\u0131&#8217;ndan 350 destinasyona u\u00e7u\u015f ger\u00e7ekle\u015ftirilece\u011fini ve projenin birinci etap yat\u0131r\u0131mlar\u0131n\u0131n devam etti\u011fini belirterek, &#8220;Buras\u0131 hizmete girdi\u011finde 90 milyon yolcuya hizmet verebilecek.<\/h4>\n<h4>Havaliman\u0131 i\u00e7in \u00f6ng\u00f6r\u00fclen yat\u0131r\u0131m bedelinin 10,2 milyar avro. &#8220;Yakla\u015f\u0131k 25 milyar avroluk da bir kira geliri elde edilmi\u015f olunacak. Hem yat\u0131r\u0131m hem kira geliri itibar\u0131yla d\u00fcnyan\u0131n en b\u00fcy\u00fck yap-i\u015flet-devret projesi ger\u00e7ekle\u015ftirilmi\u015f olacak\u00e7<\/h4>\n<h4>Sabah<\/h4>\n<\/div>\n","protected":false},"excerpt":{"rendered":"<p>\u0130n\u015faat \u00e7al\u0131\u015fmalar\u0131n\u0131n tamamlanmas\u0131 ile bir\u00e7ok alanda d\u00fcnyan\u0131n en b\u00fcy\u00fc\u011f\u00fc olacak olan 3. Havaliman\u0131\u2019nda in\u015faat yar\u0131land\u0131. T\u00fcm etaplar\u0131 tamamland\u0131\u011f\u0131nda d\u00fcnyan\u0131n en b\u00fcy\u00fc\u011f\u00fc olacak ve T\u00fcrkiye&#8217;nin en b\u00fcy\u00fck alt yap\u0131 projesi konumundaki \u0130stanbul Yeni Havaliman\u0131&#8217;nda (\u0130YH) yolun yar\u0131s\u0131na gelindi. \u0130YH&#8217;n\u0131n in\u015faat\u0131n\u0131 ger\u00e7ekle\u015ftirmek ve 25 y\u0131l boyunca i\u015fletmesini yapmak \u00fczere kurulan \u0130GA, \u015fu ana kadar y\u00fczde 50&#8217;ye yak\u0131n [&hellip;]<\/p>\n","protected":false},"author":1,"featured_media":13253,"comment_status":"open","ping_status":"open","sticky":false,"template":"","format":"standard","meta":{"ngg_post_thumbnail":0},"categories":[221,26,5217,97,5388],"tags":[11307,205,7566,7565,1117,1118,7564,1119,258,7567,3967,67,11308,11414,11087,118,11096],"_links":{"self":[{"href":"https:\/\/emlaktuel.com\/index.php?rest_route=\/wp\/v2\/posts\/13247"}],"collection":[{"href":"https:\/\/emlaktuel.com\/index.php?rest_route=\/wp\/v2\/posts"}],"about":[{"href":"https:\/\/emlaktuel.com\/index.php?rest_route=\/wp\/v2\/types\/post"}],"author":[{"embeddable":true,"href":"https:\/\/emlaktuel.com\/index.php?rest_route=\/wp\/v2\/users\/1"}],"replies":[{"embeddable":true,"href":"https:\/\/emlaktuel.com\/index.php?rest_route=%2Fwp%2Fv2%2Fcomments&post=13247"}],"version-history":[{"count":2,"href":"https:\/\/emlaktuel.com\/index.php?rest_route=\/wp\/v2\/posts\/13247\/revisions"}],"predecessor-version":[{"id":13254,"href":"https:\/\/emlaktuel.com\/index.php?rest_route=\/wp\/v2\/posts\/13247\/revisions\/13254"}],"wp:featuredmedia":[{"embeddable":true,"href":"https:\/\/emlaktuel.com\/index.php?rest_route=\/wp\/v2\/media\/13253"}],"wp:attachment":[{"href":"https:\/\/emlaktuel.com\/index.php?rest_route=%2Fwp%2Fv2%2Fmedia&parent=13247"}],"wp:term":[{"taxonomy":"category","embeddable":true,"href":"https:\/\/emlaktuel.com\/index.php?rest_route=%2Fwp%2Fv2%2Fcategories&post=13247"},{"taxonomy":"post_tag","embeddable":true,"href":"https:\/\/emlaktuel.com\/index.php?rest_route=%2Fwp%2Fv2%2Ftags&post=13247"}],"curies":[{"name":"wp","href":"https:\/\/api.w.org\/{rel}","templated":true}]}}