{"id":13210,"date":"2017-04-11T11:40:30","date_gmt":"2017-04-11T08:40:30","guid":{"rendered":"http:\/\/emlaktuel.com\/?p=13210"},"modified":"2018-07-05T16:23:50","modified_gmt":"2018-07-05T13:23:50","slug":"tatlisu-sarnicida-yapilacak","status":"publish","type":"post","link":"https:\/\/emlaktuel.com\/?p=13210","title":{"rendered":"Tatl\u0131su sarn\u0131c\u0131da yap\u0131lacak"},"content":{"rendered":"<h1 class=\"news-detail-title selectionShareable\"><img loading=\"lazy\" class=\"alignleft size-full wp-image-13211\" src=\"http:\/\/emlaktuel.com\/wp-content\/uploads\/2017\/04\/kanal-istanbul.jpg\" alt=\"kanal istanbul\" width=\"2300\" height=\"1100\" \/><\/h1>\n<h3 class=\"topP\">Ula\u015ft\u0131rma Denizcilik ve Haberle\u015fme Bakan\u0131 Ahmet Arslan, Kanal \u0130stanbul\u2019un ayn\u0131 Marmaray gibi tatl\u0131 su kanal\u0131n alt\u0131ndan ge\u00e7irilecek in\u015fa edilece\u011fini a\u00e7\u0131klad\u0131.<\/h3>\n<div>\n<h4>Ula\u015ft\u0131rma Bakan\u0131 Arslan, Kanal \u0130stanbul\u2019un tatl\u0131 su kaynaklar\u0131na zarar vermeyece\u011fini belirterek, \u201cKanal\u0131n alt\u0131ndan sarn\u0131\u00e7 y\u00f6ntemiyle bat\u0131da kalan tatl\u0131 suyu \u0130stanbul istikametine ak\u0131taca\u011f\u0131z\u201d dedi. Ula\u015ft\u0131rma Denizcilik ve Haberle\u015fme Bakan\u0131 Ahmet Arslan, Kanal \u0130stanbul&#8217;un tatl\u0131 su kaynaklar\u0131na zarar verece\u011fi iddialar\u0131n\u0131 yalanlayarak, &#8220;Kanal\u0131n alt\u0131ndan sarn\u0131\u00e7 y\u00f6ntemiyle bat\u0131da kalan tatl\u0131 suyun \u0130stanbul istikametine ak\u0131\u015f\u0131n\u0131 da sa\u011flayacak \u00e7al\u0131\u015fmalar y\u00fcr\u00fct\u00fcyoruz. Aynen \u00a0Marmaray\u00a0 gibi tatl\u0131 su kanal\u0131n alt\u0131ndan ge\u00e7irilecek&#8221; dedi.<\/h4>\n<h2>A\u011eA\u00c7 SEFERBERL\u0130\u011e\u0130<\/h2>\n<h4>Bir grup gazeteciyle sohbet toplant\u0131s\u0131 d\u00fczenleyen Bakan Arslan, &#8220;Kanal \u0130stanbul&#8217;dan \u00e7\u0131kacak malzemeyi kullanarak adalar yapaca\u011f\u0131z&#8221; dedi. Kanal \u0130stanbul&#8217;la b\u00fcy\u00fck bir a\u011fa\u00e7land\u0131rma seferberli\u011fi ba\u015flat\u0131laca\u011f\u0131n\u0131 s\u00f6yleyen Arslan, &#8220;Yapaca\u011f\u0131m\u0131z d\u00fczenlemelerle rekreasyonlarla da insanlar\u0131n nefes alabilece\u011fi alanlar kazand\u0131rm\u0131\u015f olaca\u011f\u0131z. Ekolojik dengenin korunmas\u0131 i\u00e7in konunun uzman\u0131 \u00fcniversiteler ve \u00fcniversite hocalar\u0131yla \u00e7al\u0131\u015f\u0131yoruz. Ekolojik dengeyi bozmayacak, hem ekolojik dengeyi g\u00f6zeten hem de gemi ge\u00e7i\u015fini kolayla\u015ft\u0131ran bir derinlikle \u00e7al\u0131\u015fmay\u0131 \u00f6ng\u00f6r\u00fcyoruz&#8221; diye konu\u015ftu. S\u00fcvey\u015f ve Panama Kanallar\u0131 gibi b\u00fcy\u00fck \u00f6l\u00e7ekli projeleri de incelediklerini ifade eden Arslan, &#8220;\u00d6nemli olan benzer projelerdeki tecr\u00fcbelerden yararlanarak en faydal\u0131 modeli ortaya koymak&#8221; dedi.<\/h4>\n<h2>MARMARA&#8217;YA L\u0130MAN<\/h2>\n<h4>Adalarla birlikte Marmara Denizi&#8217;nde kruvaziyer liman yapmay\u0131 \u00f6ng\u00f6rd\u00fcklerini s\u00f6yleyen Arslan, \u015funlar\u0131 anlatt\u0131: &#8220;Karadeniz taraf\u0131nda liman ya da ada yap\u0131lmas\u0131 konusunda hen\u00fcz karar al\u0131nmad\u0131. Karadeniz taraf\u0131na dolgu \u015feklinde ileriye do\u011fru doldurma da ada da olabilir. Bunlar\u0131n fizibilitesi \u00e7al\u0131\u015f\u0131l\u0131yor.&#8221; Arslan, Kanal \u0130stanbul&#8217;da mevcut finansman modelinde uygun bir se\u00e7enek \u00e7\u0131kmazsa Varl\u0131k Fonu alternatifini de\u011ferlendireceklerini s\u00f6yledi.<\/h4>\n<h2>\u00d6NCE K\u00d6PR\u00dcLER YAPILACAK<\/h2>\n<h4>Bakan Arslan, Kanal \u0130stanbul&#8217;dan \u00f6nce ge\u00e7i\u015f i\u00e7in k\u00f6pr\u00fc in\u015faatlar\u0131n\u0131 tamamlamay\u0131 planlad\u0131klar\u0131n\u0131 ifade ederek, &#8220;Bir de Kuzey Marmara otoyolu yap\u0131yoruz \u015fimdi oras\u0131 da ilave bir g\u00fczerg\u00e2h olarak geliyor. Havaliman\u0131ndan ba\u015flayarak Edirne istikametinde gidecek olan tren hatt\u0131 var. Edirne&#8217;ye h\u0131zl\u0131 tren hatt\u0131n\u0131 bu sene ihale edece\u011fiz&#8221; dedi. Kanal \u0130stanbul i\u00e7in yap\u0131lmas\u0131 planlanan 5 k\u00f6pr\u00fcn\u00fcn 2&#8217;sinden tren ge\u00e7ece\u011fini s\u00f6yleyen Arslan, &#8220;Kanaldan \u00f6nce ikisini birle\u015ftirme alternatifi de \u00e7al\u0131\u015f\u0131l\u0131yor. E\u011fer kanaldan \u00f6nce iki demiryolu ba\u011flanm\u0131\u015f olursa bir, ama kanaldan sonra ba\u011flanacak olursa iki olacak. Kanaldan \u00f6nce gelip ikisi birle\u015firse mesela Anadolu yakas\u0131nda gelecek \u00c7ay\u0131rova&#8217;da veya Akyaz\u0131&#8217;da birle\u015fecek, ayn\u0131 \u015fekilde Halkal\u0131&#8217;da ya da K\u0131nal\u0131&#8217;da birle\u015febilir, \u00e7al\u0131\u015f\u0131yoruz&#8221; diye konu\u015ftu.<\/h4>\n<p>Sabah<\/p>\n<\/div>\n","protected":false},"excerpt":{"rendered":"<p>Ula\u015ft\u0131rma Denizcilik ve Haberle\u015fme Bakan\u0131 Ahmet Arslan, Kanal \u0130stanbul\u2019un ayn\u0131 Marmaray gibi tatl\u0131 su kanal\u0131n alt\u0131ndan ge\u00e7irilecek in\u015fa edilece\u011fini a\u00e7\u0131klad\u0131. Ula\u015ft\u0131rma Bakan\u0131 Arslan, Kanal \u0130stanbul\u2019un tatl\u0131 su kaynaklar\u0131na zarar vermeyece\u011fini belirterek, \u201cKanal\u0131n alt\u0131ndan sarn\u0131\u00e7 y\u00f6ntemiyle bat\u0131da kalan tatl\u0131 suyu \u0130stanbul istikametine ak\u0131taca\u011f\u0131z\u201d dedi. Ula\u015ft\u0131rma Denizcilik ve Haberle\u015fme Bakan\u0131 Ahmet Arslan, Kanal \u0130stanbul&#8217;un tatl\u0131 su kaynaklar\u0131na [&hellip;]<\/p>\n","protected":false},"author":1,"featured_media":13211,"comment_status":"open","ping_status":"open","sticky":false,"template":"","format":"standard","meta":{"ngg_post_thumbnail":0},"categories":[5213,5217,97,5388],"tags":[11346,183,11430,67,73,242,398,11385,478,106],"_links":{"self":[{"href":"https:\/\/emlaktuel.com\/index.php?rest_route=\/wp\/v2\/posts\/13210"}],"collection":[{"href":"https:\/\/emlaktuel.com\/index.php?rest_route=\/wp\/v2\/posts"}],"about":[{"href":"https:\/\/emlaktuel.com\/index.php?rest_route=\/wp\/v2\/types\/post"}],"author":[{"embeddable":true,"href":"https:\/\/emlaktuel.com\/index.php?rest_route=\/wp\/v2\/users\/1"}],"replies":[{"embeddable":true,"href":"https:\/\/emlaktuel.com\/index.php?rest_route=%2Fwp%2Fv2%2Fcomments&post=13210"}],"version-history":[{"count":1,"href":"https:\/\/emlaktuel.com\/index.php?rest_route=\/wp\/v2\/posts\/13210\/revisions"}],"predecessor-version":[{"id":13212,"href":"https:\/\/emlaktuel.com\/index.php?rest_route=\/wp\/v2\/posts\/13210\/revisions\/13212"}],"wp:featuredmedia":[{"embeddable":true,"href":"https:\/\/emlaktuel.com\/index.php?rest_route=\/wp\/v2\/media\/13211"}],"wp:attachment":[{"href":"https:\/\/emlaktuel.com\/index.php?rest_route=%2Fwp%2Fv2%2Fmedia&parent=13210"}],"wp:term":[{"taxonomy":"category","embeddable":true,"href":"https:\/\/emlaktuel.com\/index.php?rest_route=%2Fwp%2Fv2%2Fcategories&post=13210"},{"taxonomy":"post_tag","embeddable":true,"href":"https:\/\/emlaktuel.com\/index.php?rest_route=%2Fwp%2Fv2%2Ftags&post=13210"}],"curies":[{"name":"wp","href":"https:\/\/api.w.org\/{rel}","templated":true}]}}